{"id":1492,"date":"2024-07-17T09:55:35","date_gmt":"2024-07-17T07:55:35","guid":{"rendered":"https:\/\/thetrial.org\/?p=1492"},"modified":"2024-08-16T14:16:10","modified_gmt":"2024-08-16T12:16:10","slug":"icj-to-issue-opinion-on-judea-samaria-occupation-on-friday-19th-july","status":"publish","type":"post","link":"https:\/\/thetrial.org\/de\/icj-to-issue-opinion-on-judea-samaria-occupation-on-friday-19th-july\/","title":{"rendered":"IGH wird am Freitag, den 19. Juli, seine Stellungnahme zur \u201eBesatzung\u201c von Jud\u00e4a und Samaria ver\u00f6ffentlichen"},"content":{"rendered":"<div>\n<div class=\"WordSection1\">\n<h4>IGH wird am Freitag eine Stellungnahme zur \"Besetzung\" von Jud\u00e4a und Samaria abgeben<\/h4>\n<h6>Hochrangige Regierungsvertreter glauben, dass das UN-Gericht zu dem Schluss kommen wird, dass Israel gegen das V\u00f6lkerrecht verst\u00f6\u00dft.<\/h6>\n<p class=\"MsoNormal\"><img loading=\"lazy\" decoding=\"async\" id=\"Afbeelding_x0020_3\" style=\"width: 6.4666in; height: 4.3083in;\" src=\"https:\/\/thetrial.org\/wp-content\/uploads\/image001.jpg\" alt=\"Palestinian Authority diplomat Riyad al-Maliki and members of his delegation at the International Court of Justice in The Hague, Feb. 19, 2024. Photo by Robin van Lonkhuijsen\/ANP\/AFP via Getty Images.\" width=\"621\" height=\"414\" \/><\/p>\n<p class=\"MsoNormal\">Der Diplomat der Pal\u00e4stinensischen Autonomiebeh\u00f6rde Riyad al-Maliki und Mitglieder seiner Delegation vor dem Internationalen Gerichtshof in Den Haag, 19. Februar 2024. Foto von Robin van Lonkhuijsen\/ANP\/AFP via Getty Images.<\/p>\n<p class=\"wp-block-paragraph\">Der Internationale Gerichtshof in Den Haag wird am Freitag entscheiden, ob er die milit\u00e4rische und zivile Pr\u00e4senz Israels in Ost-Jerusalem, Jud\u00e4a und Samaria als eine\u00a0<a href=\"https:\/\/www.jns.org\/un-court-opens-hearings-on-israels-ongoing-occupation\/\">illegale \"Besetzung\"<\/a>\u00a0nach internationalem Recht, teilte die Rechtsabteilung der Vereinten Nationen mit.<\/p>\n<p class=\"wp-block-paragraph\">Richter Nawaf Salam, der ehemalige libanesische Diplomat, der den Vorsitz des Weltgerichtshofs innehat, wird das nicht bindende Gutachten um 15 Uhr Ortszeit verlesen, teilte der IGH Anfang der Woche mit.<\/p>\n<p class=\"wp-block-paragraph\">Die Anh\u00f6rungen fanden statt in\u00a0<a href=\"https:\/\/www.jns.org\/south-africa-israel-practices-more-extreme-form-of-apartheid\/\">Februar<\/a>\u00a0auf Ersuchen der UN-Generalversammlung gem\u00e4\u00df einer Resolution aus dem Jahr 2022, in der eine Untersuchung der \"rechtlichen Konsequenzen, die sich aus der Politik und den Praktiken Israels in den besetzten pal\u00e4stinensischen Gebieten, einschlie\u00dflich Ost-Jerusalem, ergeben\", gefordert wurde.<\/p>\n<p class=\"wp-block-paragraph\">Israel verzichtete auf die Entsendung eines Vertreters mit der Begr\u00fcndung, dass das Justizorgan\u00a0<a href=\"https:\/\/www.jns.org\/jlem-rejects-world-courts-authority-in-second-anti-israel-case\/\">ist nicht zust\u00e4ndig<\/a>\u00a0und das Verfahren sei \"Teil des pal\u00e4stinensischen Versuchs, die Ergebnisse der diplomatischen L\u00f6sung ohne Verhandlungen zu diktieren\".<\/p>\n<p class=\"wp-block-paragraph\">Hochrangige Regierungsvertreter glauben, dass der IGH zu dem Schluss kommen wird, dass Israel in Jud\u00e4a und Samaria gegen internationales Recht verst\u00f6\u00dft. Das israelische Au\u00dfen- und Justizministerium bef\u00fcrchtet, dass das IGH-Gutachten eine weitere Welle von <a href=\"https:\/\/www.jns.org\/eu-sanctions-eight-israelis-entities-over-judea-and-samaria-abuses\/\">Sanktionen<\/a> gegen Israelis.<\/p>\n<p class=\"wp-block-paragraph\">Jerusalem bef\u00fcrchtet au\u00dferdem, dass das Tribunal die\u00a0<a href=\"https:\/\/www.jns.org\/icc-warrants-against-netanyahu-gallant-expected-within-2-weeks\/\">Internationaler Strafgerichtshof<\/a>\u00a0Strafverfahren gegen hohe Beamte, die f\u00fcr die Verwaltung von Jud\u00e4a und Samaria zust\u00e4ndig sind, einzuleiten.<\/p>\n<p class=\"wp-block-paragraph\">Das Shurat HaDin-Israel Law Center warnte am Mittwoch, dass das Gericht wahrscheinlich entscheiden wird, dass die zahlreichen israelischen Zivilgemeinden in Jud\u00e4a und Samaria \"illegal sind und sofort aufgel\u00f6st werden m\u00fcssen\".<\/p>\n<p class=\"wp-block-paragraph\">Die Gruppe stellte fest, dass die Ver\u00f6ffentlichung des Rechtsgutachtens, die f\u00fcnf Tage vor dem Amtsantritt von Premierminister\u00a0<a href=\"https:\/\/www.jns.org\/rescued-hostage-noa-argamani-to-fly-with-netanyahu-to-dc\/\">Benjamin Netanjahu<\/a> an den US-Kongress richtet, w\u00fcrde \"diejenigen, die Israel schaden und boykottieren wollen, zus\u00e4tzlich best\u00e4rken und legitimieren.<\/p>\n<p class=\"wp-block-paragraph\">\"Es ist ein gro\u00dfer Schub f\u00fcr die BDS-Hassbewegung. Au\u00dferdem wird die UNO gef\u00e4hrliche Strafen und Strafma\u00dfnahmen gegen Israel vorschlagen, gegen die die Vereinigten Staaten ein Veto einlegen m\u00fcssen\", so die juristische NGO.<\/p>\n<p class=\"MsoNormal\"><\/div>\n<\/div>","protected":false},"excerpt":{"rendered":"<p>ICJ to issue opinion on Judea, Samaria &#8216;occupation&#8217; on Friday Senior government officials believe the UN court will conclude that Israel is violating international law. Palestinian Authority diplomat Riyad al-Maliki and members of his delegation at the International Court of Justice in The Hague, Feb. 19, 2024. Photo by Robin van Lonkhuijsen\/ANP\/AFP via Getty Images. [&hellip;]<\/p>\n","protected":false},"author":7,"featured_media":1493,"comment_status":"closed","ping_status":"closed","sticky":false,"template":"","format":"standard","meta":{"_acf_changed":false,"footnotes":""},"categories":[20],"tags":[61,21,22],"class_list":["post-1492","post","type-post","status-publish","format-standard","has-post-thumbnail","hentry","category-news","tag-advisory-opinion","tag-international-court-of-justice","tag-the-hague"],"acf":[],"_links":{"self":[{"href":"https:\/\/thetrial.org\/de\/wp-json\/wp\/v2\/posts\/1492","targetHints":{"allow":["GET"]}}],"collection":[{"href":"https:\/\/thetrial.org\/de\/wp-json\/wp\/v2\/posts"}],"about":[{"href":"https:\/\/thetrial.org\/de\/wp-json\/wp\/v2\/types\/post"}],"author":[{"embeddable":true,"href":"https:\/\/thetrial.org\/de\/wp-json\/wp\/v2\/users\/7"}],"replies":[{"embeddable":true,"href":"https:\/\/thetrial.org\/de\/wp-json\/wp\/v2\/comments?post=1492"}],"version-history":[{"count":2,"href":"https:\/\/thetrial.org\/de\/wp-json\/wp\/v2\/posts\/1492\/revisions"}],"predecessor-version":[{"id":1575,"href":"https:\/\/thetrial.org\/de\/wp-json\/wp\/v2\/posts\/1492\/revisions\/1575"}],"wp:featuredmedia":[{"embeddable":true,"href":"https:\/\/thetrial.org\/de\/wp-json\/wp\/v2\/media\/1493"}],"wp:attachment":[{"href":"https:\/\/thetrial.org\/de\/wp-json\/wp\/v2\/media?parent=1492"}],"wp:term":[{"taxonomy":"category","embeddable":true,"href":"https:\/\/thetrial.org\/de\/wp-json\/wp\/v2\/categories?post=1492"},{"taxonomy":"post_tag","embeddable":true,"href":"https:\/\/thetrial.org\/de\/wp-json\/wp\/v2\/tags?post=1492"}],"curies":[{"name":"wp","href":"https:\/\/api.w.org\/{rel}","templated":true}]}}