{"id":1501,"date":"2024-08-12T10:06:17","date_gmt":"2024-08-12T08:06:17","guid":{"rendered":"https:\/\/thetrial.org\/?p=1501"},"modified":"2024-08-15T10:15:26","modified_gmt":"2024-08-15T08:15:26","slug":"the-archbishop-of-canterbury-gets-israel-wrong","status":"publish","type":"post","link":"https:\/\/thetrial.org\/de\/the-archbishop-of-canterbury-gets-israel-wrong\/","title":{"rendered":"Der Erzbischof von Canterbury missversteht Israel"},"content":{"rendered":"<div>\n<div class=\"WordSection1\">\n<h5>Das brutale Vorgehen der Hamas zu ignorieren und gleichzeitig Israel selektiv zu verurteilen, ermutigt diejenigen, die Terror und Gewalt aufrechterhalten.<\/h5>\n<p class=\"MsoNormal\"><img loading=\"lazy\" decoding=\"async\" id=\"Afbeelding_x0020_7\" style=\"width: 6.4666in; height: 4.3083in;\" src=\"https:\/\/thetrial.org\/wp-content\/uploads\/image001-2.jpg\" alt=\"Archbishop of Canterbury Justin Welby speaks during the celebration of the second vespers on the occasion of the solemnity of the conversion of St. Paul led by Pope Francis at St Paul's Basilica in Rome on Jan. 25, 2024. Photo by Alessandra Benedetti\/Corbis via Getty Images.\" width=\"621\" height=\"414\" \/><\/p>\n<p class=\"MsoNormal\">Der Erzbischof von Canterbury, Justin Welby, spricht w\u00e4hrend der Feier der zweiten Vesper zum Fest der Bekehrung des Heiligen Paulus unter der Leitung von Papst Franziskus in der Basilika St. Paul in Rom am 25. Januar 2024. Foto von Alessandra Benedetti\/Corbis via Getty Images.<\/p>\n<p class=\"MsoNormal\"><a title=\"\" href=\"https:\/\/www.jns.org\/writers\/luke-moon\/\"><span style=\"color: blue; text-decoration: none;\"><img loading=\"lazy\" decoding=\"async\" id=\"Afbeelding_x0020_6\" class=\"\" style=\"width: 145px; height: 145px;\" src=\"https:\/\/thetrial.org\/wp-content\/uploads\/image002-1.jpg\" alt=\"Luke Moon\" width=\"400\" height=\"400\" border=\"0\" \/><\/span><\/a><\/p>\n<p class=\"MsoNormal\"><a title=\"Lukas Mond\" href=\"https:\/\/www.jns.org\/writers\/luke-moon\/\">von Luke Moon<\/a><\/p>\n<p class=\"MsoNormal\">Luke Moon ist gesch\u00e4ftsf\u00fchrender Direktor des Philos-Projekts und schreibt und kommentiert regelm\u00e4\u00dfig zu Themen im Zusammenhang mit Israel und den j\u00fcdisch-christlichen Beziehungen.<\/p>\n<p class=\"MsoNormal\">(12. August 2024 \/ JNS)<\/p>\n<p class=\"wp-block-paragraph\">Zwei Wochen nachdem das oberste Gericht der Vereinten Nationen, der Internationale Gerichtshof, am 19. Juli ein nicht bindendes Gutachten ver\u00f6ffentlicht hat, in dem er erkl\u00e4rt, dass \"die fortgesetzte Pr\u00e4senz des Staates Israel\" in Jud\u00e4a, Samaria und Ost-Jerusalem \"rechtswidrig\" ist, hat der Erzbischof von Canterbury, der <a href=\"https:\/\/www.archbishopofcanterbury.org\/about\/about-justin-welby\" target=\"_blank\" rel=\"noopener\">Am meisten Rvd Justin Welby<\/a>unterst\u00fctzte die Stellungnahme uneingeschr\u00e4nkt.<\/p>\n<p class=\"wp-block-paragraph\">In einem\u00a0<a href=\"https:\/\/www.archbishopofcanterbury.org\/news\/news-and-statements\/archbishop-canterbury-statement-icjs-advisory-opinion-israel-and-occupied\" target=\"_blank\" rel=\"noopener\">Anweisung <\/a>In der am Freitag ver\u00f6ffentlichten Erkl\u00e4rung erkl\u00e4rte der Erzbischof, dass Israel \"den Pal\u00e4stinensern den Zugang zu ihren nat\u00fcrlichen Ressourcen verwehrt und ihnen ein System der Milit\u00e4rherrschaft auferlegt, das ihnen Sicherheit und Gerechtigkeit verweigert\". Weiter sagte er, dass \"der Staat Israel dem pal\u00e4stinensischen Volk W\u00fcrde, Freiheit und Hoffnung verweigert\".<\/p>\n<p class=\"wp-block-paragraph\">Indem der Erzbischof das Gutachten des IGH billigt, macht er Israel einen Strich durch die Rechnung.<\/p>\n<p class=\"wp-block-paragraph\">Erstens ignoriert die Behauptung, Israels Pr\u00e4senz in diesen Gebieten sei eindeutig rechtswidrig, die vielschichtige Geschichte und die rechtlichen Nuancen der Situation. Israels Handeln ist nicht einfach eine Frage der Besetzung, sondern eine Reaktion auf ein komplexes Geflecht von Sicherheitsbedenken, historischen Anspr\u00fcchen und dem wiederholten Scheitern von Friedensverhandlungen. Indem er das IGH-Gutachten unterst\u00fctzt, beharrt der Erzbischof auf einer vereinfachten Darstellung der israelischen Geschichte, die den j\u00fcdischen Staat verunglimpft, ohne Ende.<\/p>\n<p class=\"wp-block-paragraph\">In der Erkl\u00e4rung des Erzbischofs hei\u00dft es au\u00dferdem, er wolle sich \"einer Welt widersetzen, in der Handlungen wie Folter, Geiselnahmen und wahllose Gewalt zur Norm werden\".<\/p>\n<p class=\"wp-block-paragraph\">Das w\u00fcnsche ich mir auch, wie es jeder friedliebende Christ tun sollte. Aber was diesen Kommentar des Erzbischofs so verwerflich macht, ist, dass\u00a0<em><span style=\"font-family: 'Calibri',sans-serif;\">er verurteilt die Hamas nicht<\/span><\/em>-Die Gruppe, die f\u00fcr Folter, Geiselnahmen und wahllose Gewalt verantwortlich ist.<\/p>\n<p class=\"wp-block-paragraph\">Der Grund daf\u00fcr, dass es in unserer Welt immer noch zu diesen verabscheuungsw\u00fcrdigen Gewalttaten kommt, liegt nicht darin, dass wir das Gesetz \"ohne Furcht und Gunst unter allen Umst\u00e4nden\" nicht anwenden, sondern darin, dass terroristische Gruppen wie die Hamas weiterhin blutr\u00fcnstig versuchen, unschuldige Juden und Christen zu t\u00f6ten. Die brutalen Aktionen der Hamas zu ignorieren und gleichzeitig Israel selektiv zu verurteilen, ermutigt diejenigen, die Terror und Gewalt aufrechterhalten.<\/p>\n<p class=\"wp-block-paragraph\">Offen gesagt, scheint der Fokus des Erzbischofs auf das internationale Recht, obwohl er wichtig ist, selektiv zu sein. Man erkennt ein Muster in den Aussagen des Erzbischofs. Warum hat der Erzbischof nicht anerkannt, dass Israels Kriegsanstrengungen die\u00a0<a href=\"https:\/\/www.newsweek.com\/israel-implemented-more-measures-prevent-civilian-casualties-any-other-nation-history-opinion-1865613\" target=\"_blank\" rel=\"noopener\">Umsetzung <\/a>mehr Ma\u00dfnahmen zur Vermeidung von Opfern unter der Zivilbev\u00f6lkerung ergriffen hat als jede andere Nation in der Geschichte? Wo bleibt der Aufschrei gegen die zahlreichen Menschenrechtsverletzungen, die von den pal\u00e4stinensischen Beh\u00f6rden gegen ihre eigene Bev\u00f6lkerung, einschlie\u00dflich der Christen, begangen werden? Warum, wenn Israel der\u00a0<a href=\"https:\/\/www.telegraph.co.uk\/news\/2021\/12\/26\/israel-best-thing-happen-christians-holy-land-centuries\/\" target=\"_blank\" rel=\"noopener\">bester Freund<\/a>\u00a0f\u00fcr die Christen im Nahen Osten, hat der Erzbischof immer und instinktiv <a href=\"https:\/\/www.thebulwark.com\/p\/does-the-archbishop-of-canterbury-have-an-israel-problem\" target=\"_blank\" rel=\"noopener\">kritisieren<\/a> Israel? Hat der Erzbischof von Canterbury ein j\u00fcdisches Problem?<\/p>\n<p class=\"wp-block-paragraph\">Und wie sieht nach Ansicht des Erzbischofs ein zuk\u00fcnftiges Israel aus? Viele betrachten Jerusalem als \"besetztes\" Gebiet und bestehen darauf, dass die heilige Stadt, in der sich eine F\u00fclle christlicher und j\u00fcdischer Heiligt\u00fcmer befindet, vollst\u00e4ndig unter pal\u00e4stinensischer Kontrolle steht. M\u00f6chte der Erzbischof in die Zeit vor 1967 zur\u00fcckkehren, als keine Juden in die Altstadt von Jerusalem gelassen wurden? Als das j\u00fcdische Viertel ein einziger M\u00fcllhaufen war? Als Grabsteine herausgerissen und zum Pflastern von Stra\u00dfen in Jud\u00e4a und Samaria verwendet wurden? Ist das die Art von Jerusalem, nach der sich der Erzbischof sehnt?<\/p>\n<p class=\"wp-block-paragraph\">Zweifelsohne gibt es in Israel viel, viel zu tun. Nach dem Massaker vom 7. Oktober ist eine neue Vision des Friedens f\u00fcr Israel angesagt. Wir alle hoffen und beten f\u00fcr eine Zukunft, in der Juden und Araber Seite an Seite in Freiheit, Wohlstand und Sicherheit leben. Wahrer Frieden wird nur m\u00f6glich sein, wenn die Welt alle Parteien zur Verantwortung zieht, Israels Recht auf Selbstverteidigung unterst\u00fctzt, gemeinsam den Terrorismus bek\u00e4mpft und ein Umfeld f\u00f6rdert, in dem Koexistenz wirklich m\u00f6glich ist.<\/p>\n<p class=\"wp-block-paragraph\">Aber wir machen keine Fortschritte auf dem Weg zu diesem edlen Ziel, wenn wir uns die Verurteilungen Israels durch Leute wie den Erzbischof von Canterbury anh\u00f6ren. Die Christen haben von ihrer F\u00fchrung etwas Besseres verdient.<\/p>\n<p class=\"MsoNormal\">\n<\/div>\n<\/div>","protected":false},"excerpt":{"rendered":"<p>Ignoring the brutal actions of Hamas while selectively condemning Israel emboldens those who perpetuate terror and violence. Archbishop of Canterbury Justin Welby speaks during the celebration of the second vespers on the occasion of the solemnity of the conversion of St. Paul led by Pope Francis at St Paul&#8217;s Basilica in Rome on Jan. 25, [&hellip;]<\/p>\n","protected":false},"author":7,"featured_media":1502,"comment_status":"closed","ping_status":"closed","sticky":false,"template":"","format":"standard","meta":{"_acf_changed":false,"footnotes":""},"categories":[20],"tags":[51,62,50,21],"class_list":["post-1501","post","type-post","status-publish","format-standard","has-post-thumbnail","hentry","category-news","tag-archbishop","tag-canterbury","tag-icj-advisory-opinion","tag-international-court-of-justice"],"acf":[],"_links":{"self":[{"href":"https:\/\/thetrial.org\/de\/wp-json\/wp\/v2\/posts\/1501","targetHints":{"allow":["GET"]}}],"collection":[{"href":"https:\/\/thetrial.org\/de\/wp-json\/wp\/v2\/posts"}],"about":[{"href":"https:\/\/thetrial.org\/de\/wp-json\/wp\/v2\/types\/post"}],"author":[{"embeddable":true,"href":"https:\/\/thetrial.org\/de\/wp-json\/wp\/v2\/users\/7"}],"replies":[{"embeddable":true,"href":"https:\/\/thetrial.org\/de\/wp-json\/wp\/v2\/comments?post=1501"}],"version-history":[{"count":1,"href":"https:\/\/thetrial.org\/de\/wp-json\/wp\/v2\/posts\/1501\/revisions"}],"predecessor-version":[{"id":1508,"href":"https:\/\/thetrial.org\/de\/wp-json\/wp\/v2\/posts\/1501\/revisions\/1508"}],"wp:featuredmedia":[{"embeddable":true,"href":"https:\/\/thetrial.org\/de\/wp-json\/wp\/v2\/media\/1502"}],"wp:attachment":[{"href":"https:\/\/thetrial.org\/de\/wp-json\/wp\/v2\/media?parent=1501"}],"wp:term":[{"taxonomy":"category","embeddable":true,"href":"https:\/\/thetrial.org\/de\/wp-json\/wp\/v2\/categories?post=1501"},{"taxonomy":"post_tag","embeddable":true,"href":"https:\/\/thetrial.org\/de\/wp-json\/wp\/v2\/tags?post=1501"}],"curies":[{"name":"wp","href":"https:\/\/api.w.org\/{rel}","templated":true}]}}