{"id":2107,"date":"2024-09-19T09:43:03","date_gmt":"2024-09-19T07:43:03","guid":{"rendered":"https:\/\/thetrial.org\/?p=2107"},"modified":"2024-09-19T10:29:00","modified_gmt":"2024-09-19T08:29:00","slug":"un-general-assembly-passes-resolution-calling-for-jerusalem-old-city-to-be-jew-free","status":"publish","type":"post","link":"https:\/\/thetrial.org\/de\/un-general-assembly-passes-resolution-calling-for-jerusalem-old-city-to-be-jew-free\/","title":{"rendered":"UN-Generalversammlung verabschiedet Resolution, in der gefordert wird, die Jerusalemer Altstadt judenfrei zu machen"},"content":{"rendered":"<div>\n<div class=\"WordSection1\">\n<h5><span lang=\"EN-GB\">Die von den Pal\u00e4stinensern eingebrachte Resolution wurde mit gro\u00dfer Mehrheit angenommen. Darin wird gefordert, dass die israelische Armee und die j\u00fcdischen Einwohner innerhalb eines Jahres auf das Gebiet vor 1949 evakuiert werden. <\/span><\/h5>\n<p class=\"MsoNormal\"><a title=\"Mike Wagenheim\" href=\"https:\/\/www.jns.org\/writers\/mike-wagenheim\/\">Mike Wagenheim<\/a><\/p>\n<p class=\"MsoNormal\"><img loading=\"lazy\" decoding=\"async\" id=\"Afbeelding_x0020_4\" style=\"width: 6.4583in; height: 4.302in;\" src=\"https:\/\/thetrial.org\/wp-content\/uploads\/image001-10.jpg\" alt=\"U.N. Secretary-General Ant\u00f3nio Guterres briefs reporters ahead of the opening of the 79th high-level session of the U.N. General Assembly and the Summit of the Future on Sept. 18, 2024. Credit: Mark Garten\/U.N. Photo.\" width=\"620\" height=\"413\" border=\"0\" \/><\/p>\n<pre class=\"MsoNormal\"><span lang=\"EN-GB\">U.N.-Generalsekret\u00e4r Ant\u00f3nio Guterres informiert Reporter vor der Er\u00f6ffnung der 79. hochrangigen Sitzung der U.N.-Generalversammlung und dem Gipfel der Zukunft am 18. September 2024. <\/span>Kredit: Mark Garten\/U.N. Foto.<\/pre>\n<p class=\"MsoNormal\">(18. September 2024 \/ JNS)<\/p>\n<p class=\"wp-block-paragraph\"><span lang=\"EN-GB\">Die Altstadt von Jerusalem sowie Jud\u00e4a und Samaria m\u00fcssen <em><span style=\"font-family: 'Calibri',sans-serif;\">Judenrein<\/span><\/em> innerhalb eines Jahres, so der pal\u00e4stinensische Resolutionsentwurf, den die UN-Generalversammlung am Mittwoch verabschiedete.<\/span><\/p>\n<p class=\"wp-block-paragraph\"><span lang=\"EN-GB\">Die Resolution, die mit 124 zu 14 Stimmen bei 43 Enthaltungen angenommen wurde, soll einem Gutachten des Internationalen Gerichtshofs vom Juli Nachdruck verleihen, in dem die israelische Pr\u00e4senz in allen Gebieten oberhalb der Waffenstillstandslinie von 1949 f\u00fcr illegal erkl\u00e4rt wurde.<\/span><\/p>\n<p class=\"wp-block-paragraph\"><span lang=\"EN-GB\">Mehr als 40 L\u00e4nder unterst\u00fctzten die Resolution, die die erste war, die von den Pal\u00e4stinensern eingereicht wurde, nachdem ihnen Anfang des Jahres f\u00fcr ein Nicht-U.N.-Mitglied noch nie dagewesene Privilegien gew\u00e4hrt worden waren.<\/span><\/p>\n<p class=\"wp-block-paragraph\"><span lang=\"EN-GB\">In der Resolution werden die israelischen Streitkr\u00e4fte aufgefordert, sich innerhalb von 12 Monaten vollst\u00e4ndig aus Jud\u00e4a und Samaria, Ostjerusalem und dem Gazastreifen zur\u00fcckzuziehen, d. h. alle j\u00fcdischen Gemeinden jenseits der Waffenstillstandslinie, einschlie\u00dflich der Altstadt von Jerusalem, zu evakuieren.<\/span><\/p>\n<p class=\"wp-block-paragraph\"><span lang=\"EN-GB\">Er verbietet auch Waffenverk\u00e4ufe an die IDF f\u00fcr jegliche Ausr\u00fcstung, von der man annehmen kann, dass sie in dem Gebiet jenseits der Linien von 1949 verwendet wird, und ruft zu einem Boykott aller Produkte auf, die von Juden in diesen Gebieten hergestellt werden.<\/span><\/p>\n<p class=\"wp-block-paragraph\"><span lang=\"EN-GB\">Die Entschlie\u00dfung <\/span><a href=\"https:\/\/documents.un.org\/doc\/undoc\/ltd\/n24\/266\/48\/pdf\/n2426648.pdf\" target=\"_blank\" rel=\"noopener\"><span lang=\"EN-GB\">Text<\/span><\/a><span lang=\"EN-GB\"> keine Erw\u00e4hnung der israelischen Sicherheitsbedenken, der historischen Verbindungen zu dem Land oder der Terroranschl\u00e4ge der Hamas in Israel am 7. Oktober.<\/span><\/p>\n<p class=\"wp-block-paragraph\"><span lang=\"EN-GB\">Die Abstimmung erfolgte nach einem Tag der Debatte am Dienstag.\u00a0<\/span><\/p>\n<p class=\"wp-block-paragraph\"><span lang=\"EN-GB\">Argentinien, Tschechien, Fidschi, Ungarn, Malawi, Mikronesien, Nauru, Palau, Papua-Neuguinea, Paraguay, Tonga, Tuvalu und die Vereinigten Staaten schlossen sich Israel an und lehnten die Resolution ab.<\/span><\/p>\n<p class=\"wp-block-paragraph\"><span lang=\"EN-GB\">Vor allem Deutschland, das Vereinigte K\u00f6nigreich, Kanada, Italien, die Ukraine und Australien enthielten sich der Stimme.<\/span><\/p>\n<p class=\"wp-block-paragraph\"><span lang=\"EN-GB\">Resolutionen der Generalversammlung haben keine Rechtskraft, aber es wird erwartet, dass die Verabschiedung der Resolution am Mittwoch vor internationalen Gerichten und anderen Gremien genutzt wird, um weitere Ma\u00dfnahmen gegen den j\u00fcdischen Staat zu erwirken.<\/span><\/p>\n<p class=\"wp-block-paragraph\"><span lang=\"EN-GB\">Es wird allgemein erwartet, dass die Pal\u00e4stinenser beantragen werden, dass sich der UN-Sicherheitsrat mit dem Thema befasst. Die Resolutionen des Sicherheitsrats sind bindend, aber es ist zu erwarten, dass die Vereinigten Staaten ein solches Vorhaben vereiteln werden, auch durch ihr Veto.<\/span><\/p>\n<pre class=\"MsoNormal\"><img loading=\"lazy\" decoding=\"async\" id=\"Afbeelding_x0020_3\" style=\"width: 12.5in; height: 8.3333in;\" src=\"https:\/\/thetrial.org\/wp-content\/uploads\/image002-5.jpg\" alt=\"Danny Danon\" width=\"1200\" height=\"800\" border=\"0\" \/><span lang=\"EN-GB\">Danny Danon, israelischer Botschafter bei den Vereinten Nationen, spricht auf der wiederaufgenommenen 10. Dringlichkeitssondersitzung der Generalversammlung zum Thema \"Illegale israelische Aktionen im besetzten Ost-Jerusalem und den \u00fcbrigen besetzten pal\u00e4stinensischen Gebieten\" am 17. September 2024. Kredit: Eskinder Debebe\/U.N. Foto. <\/span><\/pre>\n<p class=\"wp-block-paragraph\"><strong><span lang=\"EN-GB\" style=\"font-family: 'Calibri',sans-serif;\">Weiteres Anheizen des weltweiten Antisemitismus<\/span><\/strong><\/p>\n<p class=\"wp-block-paragraph\"><span lang=\"EN-GB\">Danny Danon, Israels Botschafter bei den Vereinten Nationen, nannte es \"eine besch\u00e4mende Entscheidung, die den diplomatischen Terrorismus der Pal\u00e4stinensischen Beh\u00f6rde unterst\u00fctzt\".<\/span><\/p>\n<p class=\"wp-block-paragraph\"><span lang=\"EN-GB\">Er f\u00fcgte hinzu, dass die Generalversammlung \"weiterhin nach der Musik der Pal\u00e4stinensischen Beh\u00f6rde tanzt, die die M\u00f6rder der Hamas unterst\u00fctzt\".<\/span><\/p>\n<p class=\"wp-block-paragraph\"><span lang=\"EN-GB\">Vor der Abstimmung erkl\u00e4rte UN-Generalsekret\u00e4r Ant\u00f3nio Guterres gegen\u00fcber Reportern, er werde die Umsetzung der Resolution unterst\u00fctzen, sollte sie verabschiedet werden.<\/span><\/p>\n<p class=\"wp-block-paragraph\"><span lang=\"EN-GB\">Seth Riklin und Daniel Mariaschin, Pr\u00e4sident bzw. CEO von B'nai B'rith International, sagten, die internationale gemeinn\u00fctzige Organisation sei \"entsetzt\" \u00fcber die \"abscheuliche\" Resolution.<\/span><\/p>\n<p class=\"wp-block-paragraph\"><span lang=\"EN-GB\">\"B'nai B'rith International verurteilt aufs Sch\u00e4rfste die Verabschiedung der ersten offiziell von den Pal\u00e4stinensern gesponserten Resolution durch die UN-Generalversammlung, nur wenige Tage, nachdem die Pal\u00e4stinenser als erste Gruppe von Nicht-Mitgliedsstaaten in der UN-Generalversammlung zu zahlreichen Privilegien von Mitgliedsstaaten aufgewertet wurden, und dies trotz der eigenen Regeln und Praktiken der Weltorganisation\", so die Erkl\u00e4rung.<\/span><\/p>\n<p class=\"wp-block-paragraph\"><span lang=\"EN-GB\">\"Der Antrag kommt von einer Versammlung, in der arabische und andere pro-pal\u00e4stinensische Regierungen eine automatische Mehrheit haben, um Israel j\u00e4hrlich mehr als alle anderen L\u00e4nder zusammen zu verurteilen. Der Antrag ist beispiellos in seiner schamlos einseitigen Unterst\u00fctzung pal\u00e4stinensischer Anspr\u00fcche und politischer Forderungen und untergr\u00e4bt die Glaubw\u00fcrdigkeit der UNO als ernsthafter Beitrag zur F\u00f6rderung von Konfliktl\u00f6sungen und universellen Menschenrechten\", f\u00fcgten sie hinzu.<\/span><\/p>\n<p class=\"wp-block-paragraph\"><span lang=\"EN-GB\">Schande \u00fcber alle L\u00e4nder, die diesen abscheulichen Affront gegen Gerechtigkeit und Frieden im Rahmen der j\u00fcngsten \"Dringlichkeitssitzung\" der UN-Generalversammlung zum Nahen Osten erm\u00f6glicht haben, die nichts dazu beitr\u00e4gt, die Notlage ernsthaft anzugehen und zu l\u00f6sen\", so Riklin und Mariaschin.<\/span><\/p>\n<p class=\"wp-block-paragraph\"><span lang=\"EN-GB\">Die Conference of Presidents of Major American Jewish Organizations verurteilte die \"voreingenommene und gef\u00e4hrliche\" Resolution aufs Sch\u00e4rfste, so Harriet Schleifer und William Daroff, Vorsitzende bzw. Gesch\u00e4ftsf\u00fchrer. Sie nannten sie \"die j\u00fcngste Salve in einer obsessiven, jahrzehntelangen Kampagne gegen Israel\".<\/span><\/p>\n<p class=\"wp-block-paragraph\"><span lang=\"EN-GB\">\"Der Versuch, Israel auf diese Weise zu isolieren, ist zweifellos eine Bedrohung f\u00fcr seine nationale Sicherheit, da es von allen Seiten mit Terror bedroht wird, und eine Beleidigung f\u00fcr seinen Status als einzige Demokratie im Nahen Osten und kann daher von der internationalen Gemeinschaft nicht akzeptiert werden\", f\u00fcgten sie hinzu.<\/span><\/p>\n<p class=\"wp-block-paragraph\"><span lang=\"EN-GB\">Arsen Ostrovsky und Nadav Steinman, CEO bzw. Vorstandsvorsitzender des International Legal Forum, erkl\u00e4rten, dass \"die Vereinten Nationen heute, einfach ausgedr\u00fcckt, zum diplomatischen Arm der Hamas geworden sind\" und dass die Resolution \"nur die j\u00fcngste in einer Litanei von obsz\u00f6n einseitigen Anti-Israel-Resolutionen in der UNO seit dem 7. Oktober ist\".\u00a0<\/span><\/p>\n<p class=\"wp-block-paragraph\"><span lang=\"EN-GB\">\"Alles, was sie tut, ist, die M\u00f6rder, Vergewaltiger und Entf\u00fchrer der Hamas zu belohnen, w\u00e4hrend sie den weltweiten Antisemitismus weiter anheizt und die verbleibende Glaubw\u00fcrdigkeit des bereits problematischen und politisierten Internationalen Gerichtshofs, auf den sich diese Resolution st\u00fctzen soll, untergr\u00e4bt\", f\u00fcgten sie hinzu. \"Letztlich wird es nur Frieden geben, wenn die Hamas besiegt und die Geiseln freigelassen werden, nicht durch l\u00e4stige Possen und pal\u00e4stinensische Pyrrhussiege in der UNO.<\/span><\/p>\n<p class=\"MsoNormal\"><span lang=\"EN-GB\">\u00a0<\/span><\/p>\n<\/div>\n<div id=\"DAB4FAD8-2DD7-40BB-A1B8-4E2AA1F9FDF2\">\n<table style=\"border-top: 1px solid #D3D4DE;\">\n<tbody>\n<tr>\n<td style=\"width: 55px; padding-top: 13px;\"><a href=\"http:\/\/www.avg.com\/email-signature?utm_medium=email&amp;utm_source=link&amp;utm_campaign=sig-email&amp;utm_content=emailclient\" target=\"_blank\" rel=\"noopener\"><img loading=\"lazy\" decoding=\"async\" style=\"width: 46px; height: 29px;\" src=\"https:\/\/s-install.avcdn.net\/ipm\/preview\/icons\/icon-envelope-tick-green-avg-v1.png\" alt=\"\" width=\"46\" height=\"29\" \/><\/a><\/td>\n<td style=\"width: 470px; padding-top: 12px; color: #41424e; font-size: 13px; font-family: Arial, Helvetica, sans-serif; line-height: 18px;\">Virusfrei.<a style=\"color: #4453ea;\" href=\"http:\/\/www.avg.com\/email-signature?utm_medium=email&amp;utm_source=link&amp;utm_campaign=sig-email&amp;utm_content=emailclient\" target=\"_blank\" rel=\"noopener\">www.avg.com<\/a><\/td>\n<\/tr>\n<\/tbody>\n<\/table>\n<\/div>\n<\/div>","protected":false},"excerpt":{"rendered":"<p>The Palestinian-fronted resolution passed by wide margin, demanding that the Israeli army and Jewish residents evacuate to pre-1949 line within a year. Mike Wagenheim U.N. Secretary-General Ant\u00f3nio Guterres briefs reporters ahead of the opening of the 79th high-level session of the U.N. General Assembly and the Summit of the Future on Sept. 18, 2024. Credit: [&hellip;]<\/p>\n","protected":false},"author":7,"featured_media":2108,"comment_status":"closed","ping_status":"closed","sticky":false,"template":"","format":"standard","meta":{"_acf_changed":false,"footnotes":""},"categories":[20],"tags":[84,50,88,90,82,68],"class_list":["post-2107","post","type-post","status-publish","format-standard","has-post-thumbnail","hentry","category-news","tag-general-assembly","tag-icj-advisory-opinion","tag-jerusalem","tag-jew-free","tag-new-york","tag-palestinian-state"],"acf":[],"_links":{"self":[{"href":"https:\/\/thetrial.org\/de\/wp-json\/wp\/v2\/posts\/2107","targetHints":{"allow":["GET"]}}],"collection":[{"href":"https:\/\/thetrial.org\/de\/wp-json\/wp\/v2\/posts"}],"about":[{"href":"https:\/\/thetrial.org\/de\/wp-json\/wp\/v2\/types\/post"}],"author":[{"embeddable":true,"href":"https:\/\/thetrial.org\/de\/wp-json\/wp\/v2\/users\/7"}],"replies":[{"embeddable":true,"href":"https:\/\/thetrial.org\/de\/wp-json\/wp\/v2\/comments?post=2107"}],"version-history":[{"count":1,"href":"https:\/\/thetrial.org\/de\/wp-json\/wp\/v2\/posts\/2107\/revisions"}],"predecessor-version":[{"id":2111,"href":"https:\/\/thetrial.org\/de\/wp-json\/wp\/v2\/posts\/2107\/revisions\/2111"}],"wp:featuredmedia":[{"embeddable":true,"href":"https:\/\/thetrial.org\/de\/wp-json\/wp\/v2\/media\/2108"}],"wp:attachment":[{"href":"https:\/\/thetrial.org\/de\/wp-json\/wp\/v2\/media?parent=2107"}],"wp:term":[{"taxonomy":"category","embeddable":true,"href":"https:\/\/thetrial.org\/de\/wp-json\/wp\/v2\/categories?post=2107"},{"taxonomy":"post_tag","embeddable":true,"href":"https:\/\/thetrial.org\/de\/wp-json\/wp\/v2\/tags?post=2107"}],"curies":[{"name":"wp","href":"https:\/\/api.w.org\/{rel}","templated":true}]}}