{"id":630,"date":"2024-07-21T14:56:32","date_gmt":"2024-07-21T12:56:32","guid":{"rendered":"https:\/\/development.thetrial.org\/?p=630"},"modified":"2024-08-15T09:52:08","modified_gmt":"2024-08-15T07:52:08","slug":"israel-further-isolated-after-international-court-of-justice-judgment-on-occupation","status":"publish","type":"post","link":"https:\/\/thetrial.org\/de\/israel-further-isolated-after-international-court-of-justice-judgment-on-occupation\/","title":{"rendered":"Israel nach Urteil des Internationalen Gerichtshofs zur \u201eBesatzung\u201c weiter isoliert"},"content":{"rendered":"<div>\n<p class=\"intro drop-caps\" style=\"box-sizing: inherit; margin: 0px 0px 40px; clear: left; font-size: 20px; line-height: 26px; font-family: \"ff meta serif w01\", georgia, \"times new roman\", times, serif; font-variant-ligatures: normal; orphans: 2; widows: background-color: rgb(255, 255, 255); text-decoration-thickness: initial; text-decoration-style: text-decoration-color: initial;\"><font style=\"box-sizing: inherit; vertical-align: inherit;\">Am Freitag, den 19. Juli, hat der Internationale Gerichtshof ein Gutachten in einem Fall abgegeben, der \"Israels Praktiken in den besetzten pal\u00e4stinensischen Gebieten, einschlie\u00dflich Ost-Jerusalem\" betrifft. Das Gutachten f\u00e4llt erwartungsgem\u00e4\u00df ung\u00fcnstig f\u00fcr Israel aus und wird weitreichende Auswirkungen auf die internationale Unterst\u00fctzung f\u00fcr das Land haben.<\/font><\/p>\n<p class=\"intro drop-caps\" style=\"box-sizing: inherit; margin: 0px 0px 40px; clear: left; line-height: 26px; font-variant-ligatures: normal; orphans: 2; widows: 2; background-color: rgb(255, 255, 255); text-decoration-thickness: initial; text-decoration-style: initial; text-decoration-color: initial;\"><font face=\"FF Meta Serif W01, Georgia, Times New Roman, Times, serif\"><span style=\"font-size: 20px;\"><img decoding=\"async\" alt=\"vredespaleislageurre.jpg\" src=\"https:\/\/thetrial.org\/wp-content\/uploads\/vredespaleislageurre.jpg\"><\/span><\/font><\/p>\n<div class=\"author author-incontent authors-inline\" style=\"font-size: 16px; box-sizing: inherit; overflow: hidden; float: right; font-family: \"ff meta serif w01\", georgia, \"times new roman\", times, serif; line-height: 21px; font-variant-ligatures: normal; orphans: 2; widows: background-color: rgb(255, 255, 255); text-decoration-thickness: initial; text-decoration-style: text-decoration-color: initial;\">\n<div class=\"author-inline\" style=\"box-sizing: inherit; display: flex; -webkit-box-orient: horizontal; -webkit-box-direction: normal; flex-direction: row; -webkit-box-pack: justify; justify-content: space-between; background-color: rgb(239, 225, 225); margin-bottom: 30px; min-height: 154px; margin-left: 20px; width: 258px !important;\">\n<div class=\"author-inline__text\" style=\"box-sizing: inherit; font-family: \"ciutadella w04\", \"helvetica neue\", helvetica, arial, sans-serif; font-size: 14px; line-height: 17px; padding: 14px 19px;\">\n<div class=\"author-inline__name\" style=\"box-sizing: inherit; text-transform: uppercase; color: rgb(219, 1, 28); margin-bottom: 10px;\"><font style=\"box-sizing: inherit; vertical-align: inherit;\">NARD LOUIS<\/font><\/div>\n<div class=\"author-inline__description\" style=\"box-sizing: inherit; display: -webkit-box; -webkit-line-clamp: 6; -webkit-box-orient: vertical; overflow: hidden;\"><font style=\"box-sizing: inherit; vertical-align: inherit;\">Nard Lodewijk (1996) ist seit dem 1. Juni 2022 im Fachbereich Wirtschaft t\u00e4tig.<\/font><\/div>\n<p><a href=\"https:\/\/www.ewmagazine.nl\/auteur\/nard-lodewijk\/\" class=\"author-inline__read-more\" style=\"box-sizing: inherit; color: rgb(0, 0, 0);\"><font style=\"box-sizing: inherit; vertical-align: inherit;\">mehr lesen<\/font><\/a><\/div>\n<div class=\"author-inline__image\" style=\"box-sizing: inherit; display: flex; align-self: flex-end; height: 108px; aspect-ratio: 0.85 \/ 1;\"><img decoding=\"async\" src=\"https:\/\/cdn.prod.elseone.nl\/uploads\/2023\/03\/Nard-Lodewijk-zww-1-200x260.png\" alt=\"Nard Louis\" style=\"box-sizing: inherit; border: 0px; vertical-align: middle; max-width: 100%; height: 108px; width: 91.7969px; object-fit: cover;\" data-unique-identifier=\"\"><\/div>\n<\/div>\n<div class=\"publish-date\" style=\"box-sizing: inherit;\"><\/div>\n<\/div>\n<p style=\"font-size: 16px; box-sizing: inherit; margin: 0px 0px 24px; font-family: \"ff meta serif w01\", georgia, \"times new roman\", times, serif; line-height: 21px; font-variant-ligatures: normal; orphans: 2; widows: background-color: rgb(255, 255, 255); text-decoration-thickness: initial; text-decoration-style: text-decoration-color: initial;\"><font style=\"box-sizing: inherit; vertical-align: inherit;\">Die wichtigste Schlussfolgerung: Israel hat sich einer illegalen Besetzung schuldig gemacht, die sofort beendet werden muss. Auch die Besetzung und Annexion Ost-Jerusalems muss beendet und die so genannten Siedlungen - israelische St\u00e4dte und D\u00f6rfer im Westjordanland - m\u00fcssen ger\u00e4umt werden. Au\u00dferdem wird der pal\u00e4stinensischen Bev\u00f6lkerung nach Ansicht des Gerichtshofs das Selbstbestimmungsrecht verweigert und sie wird diskriminiert. Nach Ansicht des IGH muss sich Israel so schnell wie m\u00f6glich aus den besetzten Gebieten zur\u00fcckziehen und die Leidtragenden entsch\u00e4digen.<\/font><\/p>\n<p style=\"font-size: 16px; box-sizing: inherit; margin: 0px 0px 24px; font-family: \"ff meta serif w01\", georgia, \"times new roman\", times, serif; line-height: 21px; font-variant-ligatures: normal; orphans: 2; widows: background-color: rgb(255, 255, 255); text-decoration-thickness: initial; text-decoration-style: text-decoration-color: initial;\"><font style=\"box-sizing: inherit; vertical-align: inherit;\">Dies ist ein historisches Urteil\", sagt Edwin van 't Pad, ein Mitarbeiter von The Rights Forum, einer Menschenrechtsorganisation, die sich f\u00fcr die Pal\u00e4stinenser einsetzt. Die Klarheit, mit der sich der Gerichtshof \u00e4u\u00dfert, ist beispiellos. Der Gerichtshof stellt fest, dass Israel sich der Apartheid schuldig gemacht hat und dass die Besatzung sofort beendet werden muss. Menschenrechtsorganisationen haben dies schon seit Jahren gefordert.<\/font><\/p>\n<h2 style=\"box-sizing: inherit; margin-top: 0px; margin-bottom: 12px; font-family: \"ciutadella w04\", \"helvetica neue\", helvetica, arial, sans-serif; line-height: 23px; font-size: 20px; padding-top: 16px; text-transform: uppercase; font-variant-ligatures: normal; orphans: 2; widows: background-color: rgb(255, 255, 255); text-decoration-thickness: initial; text-decoration-style: text-decoration-color: initial;\"><font style=\"box-sizing: inherit; vertical-align: inherit;\">ISRAEL SELBST IST NICHT KOOPERATIV<\/font><\/h2>\n<p style=\"font-size: 16px; box-sizing: inherit; margin: 0px 0px 24px; font-family: \"ff meta serif w01\", georgia, \"times new roman\", times, serif; line-height: 21px; font-variant-ligatures: normal; orphans: 2; widows: background-color: rgb(255, 255, 255); text-decoration-thickness: initial; text-decoration-style: text-decoration-color: initial;\"><font style=\"box-sizing: inherit; vertical-align: inherit;\">Der Fall ist seit fast zwei Jahren anh\u00e4ngig. Im Dezember 2022 ersuchte die Generalversammlung der Vereinten Nationen den Internationalen Gerichtshof (IGH) um ein Gutachten \u00fcber die \"israelische Besetzung des Westjordanlands, des Gazastreifens und Ostjerusalems\".<\/font><\/p>\n<p style=\"font-size: 16px; box-sizing: inherit; margin: 0px 0px 24px; font-family: \"ff meta serif w01\", georgia, \"times new roman\", times, serif; line-height: 21px; font-variant-ligatures: normal; orphans: 2; widows: background-color: rgb(255, 255, 255); text-decoration-thickness: initial; text-decoration-style: text-decoration-color: initial;\"><font style=\"box-sizing: inherit; vertical-align: inherit;\">Nicht weniger als 52 L\u00e4nder haben sich ge\u00e4u\u00dfert. Israel selbst beteiligte sich nicht an der inhaltlichen Bearbeitung des Falles. Nach Ansicht der Pal\u00e4stinenser h\u00e4lt das Land das Westjordanland und Ostjerusalem unrechtm\u00e4\u00dfig besetzt. Das ist nicht ganz richtig, sagt Freek Vergeer, Jurist und Referent bei der Informations- und Lobbyorganisation CIDI (Centre for Information and Documentation Israel) und Spezialist f\u00fcr internationales Recht.<\/font><\/p>\n<p style=\"font-size: 16px; box-sizing: inherit; margin: 0px 0px 24px; font-family: \"ff meta serif w01\", georgia, \"times new roman\", times, serif; line-height: 21px; font-variant-ligatures: normal; orphans: 2; widows: background-color: rgb(255, 255, 255); text-decoration-thickness: initial; text-decoration-style: text-decoration-color: initial;\"><font style=\"box-sizing: inherit; vertical-align: inherit;\">Ostjerusalem wurde 1980 offiziell annektiert, nachdem es im Sechstagekrieg von 1967 erobert worden war. Die teilweise Besetzung des Westjordanlandes geht auf die Osloer Abkommen von 1993 und 1995 zur\u00fcck und ist nach israelischer Auffassung nicht illegal, da es noch kein Friedensabkommen gibt. Auf diese Weise beruft sich Israel auf die Vereinbarungen aus den Osloer Vertr\u00e4gen. Die Verhandlungen sollten auf eine endg\u00fcltige L\u00f6sung hinarbeiten. Das ist noch nicht geschehen, aber die Vereinbarungen aus den Osloer Vertr\u00e4gen haben weiterhin Bestand.<\/font><\/p>\n<h2 style=\"box-sizing: inherit; margin-top: 0px; margin-bottom: 12px; font-family: \"ciutadella w04\", \"helvetica neue\", helvetica, arial, sans-serif; line-height: 23px; font-size: 20px; padding-top: 16px; text-transform: uppercase; font-variant-ligatures: normal; orphans: 2; widows: background-color: rgb(255, 255, 255); text-decoration-thickness: initial; text-decoration-style: text-decoration-color: initial;\"><font style=\"box-sizing: inherit; vertical-align: inherit;\">ISRAEL HAT SICH NIE ZUR\u00dcCKGEZOGEN<\/font><\/h2>\n<p style=\"font-size: 16px; box-sizing: inherit; margin: 0px 0px 24px; font-family: \"ff meta serif w01\", georgia, \"times new roman\", times, serif; line-height: 21px; font-variant-ligatures: normal; orphans: 2; widows: background-color: rgb(255, 255, 255); text-decoration-thickness: initial; text-decoration-style: text-decoration-color: initial;\"><font style=\"box-sizing: inherit; vertical-align: inherit;\">In den Osloer Vertr\u00e4gen wurde das Westjordanland in drei Zonen aufgeteilt. Die Zone A (18 Prozent des Gebiets) untersteht der Pal\u00e4stinensischen Autonomiebeh\u00f6rde (PA). In Zone B (22 %) ist die PA der administrative Gesetzgeber, aber gemeinsam mit Israel f\u00fcr die Sicherheit verantwortlich. In der bei weitem gr\u00f6\u00dften Zone C (60 Prozent) \u00fcbt Israel die Autorit\u00e4t aus.<\/font><\/p>\n<div id=\"bc-below_para_1\" style=\"font-size: 16px; box-sizing: inherit; font-family: \"ff meta serif w01\", georgia, \"times new roman\", times, serif; line-height: 21px; font-variant-ligatures: normal; orphans: 2; widows: background-color: rgb(255, 255, 255); text-decoration-thickness: initial; text-decoration-style: text-decoration-color: initial;\"><\/div>\n<p style=\"font-size: 16px; box-sizing: inherit; margin: 0px 0px 24px; font-family: \"ff meta serif w01\", georgia, \"times new roman\", times, serif; line-height: 21px; font-variant-ligatures: normal; orphans: 2; widows: background-color: rgb(255, 255, 255); text-decoration-thickness: initial; text-decoration-style: text-decoration-color: initial;\"><font style=\"box-sizing: inherit; vertical-align: inherit;\">Israel sollte sich immer weiter aus dem Westjordanland zur\u00fcckziehen, und die Pal\u00e4stinensische Autonomiebeh\u00f6rde sollte auch die Kontrolle \u00fcber das Gebiet C \u00fcbernehmen. Dazu kam es jedoch nicht, unter anderem wegen pal\u00e4stinensischer Angriffe auf israelische Zivilisten w\u00e4hrend der zweiten Intifada (2000-2005) und weil israelische Siedler weiterhin St\u00e4dte und D\u00f6rfer im Westjordanland bauten. Diese Siedlungen - von denen immer noch neue hinzukommen, unterst\u00fctzt von der derzeitigen israelischen Regierung - sind international h\u00f6chst umstritten.<\/font><\/p>\n<h2 style=\"box-sizing: inherit; margin-top: 0px; margin-bottom: 12px; font-family: \"ciutadella w04\", \"helvetica neue\", helvetica, arial, sans-serif; line-height: 23px; font-size: 20px; padding-top: 16px; text-transform: uppercase; font-variant-ligatures: normal; orphans: 2; widows: background-color: rgb(255, 255, 255); text-decoration-thickness: initial; text-decoration-style: text-decoration-color: initial;\"><font style=\"box-sizing: inherit; vertical-align: inherit;\">WEITREICHENDE FOLGEN<\/font><\/h2>\n<p style=\"font-size: 16px; box-sizing: inherit; margin: 0px 0px 24px; font-family: \"ff meta serif w01\", georgia, \"times new roman\", times, serif; line-height: 21px; font-variant-ligatures: normal; orphans: 2; widows: background-color: rgb(255, 255, 255); text-decoration-thickness: initial; text-decoration-style: text-decoration-color: initial;\"><font style=\"box-sizing: inherit; vertical-align: inherit;\">Das israelische Parlament, die Knesset, hat am Donnerstag, den 18. Juli, mit gro\u00dfer Mehrheit gegen die Gr\u00fcndung eines pal\u00e4stinensischen Staates gestimmt. Dies spiegelt die immer geringer werdende Unterst\u00fctzung f\u00fcr eine Zwei-Staaten-L\u00f6sung in der israelischen Gesellschaft wider\", sagt Freek Vergeer von CIDI. In Israel ist der 7. Oktober noch frisch in Erinnerung. Jetzt einer L\u00f6sung zuzustimmen, w\u00fcrde bedeuten, den Terror zu belohnen, so die Meinung in Israel.<\/font><\/p>\n<p style=\"font-size: 16px; box-sizing: inherit; margin: 0px 0px 24px; font-family: \"ff meta serif w01\", georgia, \"times new roman\", times, serif; line-height: 21px; font-variant-ligatures: normal; orphans: 2; widows: background-color: rgb(255, 255, 255); text-decoration-thickness: initial; text-decoration-style: text-decoration-color: initial;\"><font style=\"box-sizing: inherit; vertical-align: inherit;\">Die Knesset mag dagegen sein, aber die Richter des IGH stimmen mit der pal\u00e4stinensischen Lesart v\u00f6llig \u00fcberein. Vergeer ist der Ansicht, dass das IGH-Gutachten erhebliche Auswirkungen auf die internationale Unterst\u00fctzung Israels haben wird. Seiner Meinung nach gibt es schon seit einiger Zeit eine juristische Offensive gegen Israel, die die internationale Position des Landes schw\u00e4cht. Der V\u00f6lkermordfall ist noch nicht abgeschlossen, ebenso wie das Verfahren gegen Premierminister Benjamin Netanjahu und Verteidigungsminister Yoav Gallant.<\/font><\/p>\n<p style=\"font-size: 16px; box-sizing: inherit; margin: 0px 0px 24px; font-family: \"ff meta serif w01\", georgia, \"times new roman\", times, serif; line-height: 21px; font-variant-ligatures: normal; orphans: 2; widows: background-color: rgb(255, 255, 255); text-decoration-thickness: initial; text-decoration-style: text-decoration-color: initial;\"><font style=\"box-sizing: inherit; vertical-align: inherit;\">Vergeer ist der Meinung, dass die Pal\u00e4stinenser zu einem Zeitpunkt, zu dem Israel bereits unter starkem internationalem Druck steht, geschickt einen juristischen Trick anwenden. Damit der IGH ein verbindliches Urteil f\u00e4llen kann, m\u00fcssen beide L\u00e4nder, Israel und die Pal\u00e4stinensische Autonomiebeh\u00f6rde, dem Fall zustimmen. Israel ist jedoch nicht kooperativ. Also haben die Pal\u00e4stinenser auf einem Umweg nur um Rat gebeten, wohl wissend, dass Israels Gegner dem genauso viel Gewicht beimessen werden wie einer verbindlichen Entscheidung.<\/font><\/p>\n<p style=\"font-size: 16px; box-sizing: inherit; margin: 0px 0px 24px; font-family: \"ff meta serif w01\", georgia, \"times new roman\", times, serif; line-height: 21px; font-variant-ligatures: normal; orphans: 2; widows: background-color: rgb(255, 255, 255); text-decoration-thickness: initial; text-decoration-style: text-decoration-color: initial;\"><font style=\"box-sizing: inherit; vertical-align: inherit;\">Dies wird eine neue Eskalation in der internationalen Debatte ausl\u00f6sen\", meint Vergeer. Obwohl der Ratschlag keine verbindliche Aussage ist, werden die Gegner Israels ihn so sehen und darstellen. Vergeer rechnet auch damit, dass die L\u00e4nder gezwungen sein werden, Druck gegen Israel und die Besatzung auszu\u00fcben. Auf diese Weise wird Israel zunehmend isoliert werden.<\/font><\/p>\n<p style=\"font-size: 16px; box-sizing: inherit; margin: 0px 0px 24px; font-family: \"ff meta serif w01\", georgia, \"times new roman\", times, serif; line-height: 21px; font-variant-ligatures: normal; orphans: 2; widows: background-color: rgb(255, 255, 255); text-decoration-thickness: initial; text-decoration-style: text-decoration-color: initial;\"><font style=\"box-sizing: inherit; vertical-align: inherit;\"><\/font><\/p>\n<p style=\"font-size: 16px; box-sizing: inherit; margin: 0px 0px 24px; font-family: \"ff meta serif w01\", georgia, \"times new roman\", times, serif; line-height: 21px; font-variant-ligatures: normal; orphans: 2; widows: background-color: rgb(255, 255, 255); text-decoration-thickness: initial; text-decoration-style: text-decoration-color: initial;\"><font style=\"box-sizing: inherit; vertical-align: inherit;\">Die traditionellen Verb\u00fcndeten k\u00f6nnen Israel nicht mehr sch\u00fctzen\", sagt Edwin van 't Pad vom The Rights Forum. Niemand kann leugnen, dass Israel sich der Verletzung des V\u00f6lkerrechts schuldig gemacht hat. Nicht einmal die Niederlande. Die Regierung muss in dieser Sache t\u00e4tig werden.<\/font><\/p>\n<\/div>","protected":false},"excerpt":{"rendered":"<p>On Friday, July 19, the International Court of Justice issued an advisory opinion in a case concerning &#8220;Israel&#8217;s practices in the Occupied Palestinian Territory, including East Jerusalem.&#8221; The opinion is, as expected, unfavorable to Israel and will have far-reaching implications for international support for the country. NARD LOUIS Nard Lodewijk (1996) has been working in [&hellip;]<\/p>\n","protected":false},"author":1,"featured_media":631,"comment_status":"closed","ping_status":"closed","sticky":false,"template":"","format":"standard","meta":{"_acf_changed":false,"footnotes":""},"categories":[20],"tags":[21,24,22,23],"class_list":["post-630","post","type-post","status-publish","format-standard","has-post-thumbnail","hentry","category-news","tag-international-court-of-justice","tag-israel","tag-the-hague","tag-the-trial"],"acf":[],"_links":{"self":[{"href":"https:\/\/thetrial.org\/de\/wp-json\/wp\/v2\/posts\/630","targetHints":{"allow":["GET"]}}],"collection":[{"href":"https:\/\/thetrial.org\/de\/wp-json\/wp\/v2\/posts"}],"about":[{"href":"https:\/\/thetrial.org\/de\/wp-json\/wp\/v2\/types\/post"}],"author":[{"embeddable":true,"href":"https:\/\/thetrial.org\/de\/wp-json\/wp\/v2\/users\/1"}],"replies":[{"embeddable":true,"href":"https:\/\/thetrial.org\/de\/wp-json\/wp\/v2\/comments?post=630"}],"version-history":[{"count":2,"href":"https:\/\/thetrial.org\/de\/wp-json\/wp\/v2\/posts\/630\/revisions"}],"predecessor-version":[{"id":1491,"href":"https:\/\/thetrial.org\/de\/wp-json\/wp\/v2\/posts\/630\/revisions\/1491"}],"wp:featuredmedia":[{"embeddable":true,"href":"https:\/\/thetrial.org\/de\/wp-json\/wp\/v2\/media\/631"}],"wp:attachment":[{"href":"https:\/\/thetrial.org\/de\/wp-json\/wp\/v2\/media?parent=630"}],"wp:term":[{"taxonomy":"category","embeddable":true,"href":"https:\/\/thetrial.org\/de\/wp-json\/wp\/v2\/categories?post=630"},{"taxonomy":"post_tag","embeddable":true,"href":"https:\/\/thetrial.org\/de\/wp-json\/wp\/v2\/tags?post=630"}],"curies":[{"name":"wp","href":"https:\/\/api.w.org\/{rel}","templated":true}]}}