{"id":1492,"date":"2024-07-17T09:55:35","date_gmt":"2024-07-17T07:55:35","guid":{"rendered":"https:\/\/thetrial.org\/?p=1492"},"modified":"2024-08-16T14:16:10","modified_gmt":"2024-08-16T12:16:10","slug":"icj-to-issue-opinion-on-judea-samaria-occupation-on-friday-19th-july","status":"publish","type":"post","link":"https:\/\/thetrial.org\/es\/icj-to-issue-opinion-on-judea-samaria-occupation-on-friday-19th-july\/","title":{"rendered":"La CIJ emitir\u00e1 su dictamen sobre la \u00abocupaci\u00f3n\u00bb de Judea y Samaria el viernes 19 de julio"},"content":{"rendered":"<div>\n<div class=\"WordSection1\">\n<h4>La CIJ emitir\u00e1 el viernes su dictamen sobre la \"ocupaci\u00f3n\" de Judea y Samaria<\/h4>\n<h6>Altos funcionarios del gobierno creen que el tribunal de la ONU concluir\u00e1 que Israel est\u00e1 violando el derecho internacional.<\/h6>\n<p class=\"MsoNormal\"><img loading=\"lazy\" decoding=\"async\" id=\"Afbeelding_x0020_3\" style=\"width: 6.4666in; height: 4.3083in;\" src=\"https:\/\/thetrial.org\/wp-content\/uploads\/image001.jpg\" alt=\"Palestinian Authority diplomat Riyad al-Maliki and members of his delegation at the International Court of Justice in The Hague, Feb. 19, 2024. Photo by Robin van Lonkhuijsen\/ANP\/AFP via Getty Images.\" width=\"621\" height=\"414\" \/><\/p>\n<p class=\"MsoNormal\">El diplom\u00e1tico de la Autoridad Palestina Riyad al-Maliki y miembros de su delegaci\u00f3n en la Corte Internacional de Justicia de La Haya, 19 de febrero de 2024. Foto de Robin van Lonkhuijsen\/ANP\/AFP v\u00eda Getty Images.<\/p>\n<p class=\"wp-block-paragraph\">La Corte Internacional de Justicia de La Haya se pronunciar\u00e1 el viernes sobre si considera que la presencia militar y civil de Israel en Jerusal\u00e9n oriental, Judea y Samaria es un delito.\u00a0<a href=\"https:\/\/www.jns.org\/un-court-opens-hearings-on-israels-ongoing-occupation\/\">ocupaci\u00f3n\" ilegal<\/a>\u00a0en virtud del derecho internacional, anunci\u00f3 el brazo judicial de las Naciones Unidas.<\/p>\n<p class=\"wp-block-paragraph\">El juez Nawaf Salam, ex diplom\u00e1tico liban\u00e9s que preside el tribunal mundial, leer\u00e1 la opini\u00f3n consultiva no vinculante a las 15.00 hora local, seg\u00fan inform\u00f3 la CIJ a principios de esta semana.<\/p>\n<p class=\"wp-block-paragraph\">Las audiencias se celebraron en\u00a0<a href=\"https:\/\/www.jns.org\/south-africa-israel-practices-more-extreme-form-of-apartheid\/\">Febrero<\/a>\u00a0a ra\u00edz de una petici\u00f3n de la Asamblea General de la ONU en virtud de una resoluci\u00f3n de 2022 en la que se ped\u00eda una investigaci\u00f3n sobre las \"Consecuencias jur\u00eddicas derivadas de las pol\u00edticas y pr\u00e1cticas de Israel en el territorio palestino ocupado, incluida Jerusal\u00e9n Oriental\".<\/p>\n<p class=\"wp-block-paragraph\">Israel opt\u00f3 por no enviar un representante, alegando que el \u00f3rgano judicial\u00a0<a href=\"https:\/\/www.jns.org\/jlem-rejects-world-courts-authority-in-second-anti-israel-case\/\">carece de jurisdicci\u00f3n<\/a>\u00a0y los procedimientos eran \"parte del intento palestino de dictar los resultados del acuerdo diplom\u00e1tico sin negociaciones\".<\/p>\n<p class=\"wp-block-paragraph\">Altos funcionarios del gobierno creen que la CIJ concluir\u00e1 que Israel viola el derecho internacional en Judea y Samaria. Los ministerios de Asuntos Exteriores y Justicia de Israel temen que el dictamen de la CIJ desencadene otra oleada de <a href=\"https:\/\/www.jns.org\/eu-sanctions-eight-israelis-entities-over-judea-and-samaria-abuses\/\">sanciones<\/a> contra los israel\u00edes.<\/p>\n<p class=\"wp-block-paragraph\">Jerusal\u00e9n tambi\u00e9n teme que el tribunal recurra a la\u00a0<a href=\"https:\/\/www.jns.org\/icc-warrants-against-netanyahu-gallant-expected-within-2-weeks\/\">Corte Penal Internacional<\/a>\u00a0incoar procedimientos penales contra altos funcionarios responsables de la administraci\u00f3n de Judea y Samaria.<\/p>\n<p class=\"wp-block-paragraph\">Shurat HaDin-Israel Law Center advirti\u00f3 el mi\u00e9rcoles de que es probable que el tribunal decida que las numerosas comunidades civiles israel\u00edes de Judea y Samaria son \"ilegales y deben ser desmanteladas de inmediato\".<\/p>\n<p class=\"wp-block-paragraph\">El grupo se\u00f1al\u00f3 que la publicaci\u00f3n del dictamen jur\u00eddico, que se producir\u00e1 cinco d\u00edas antes de que el Primer Ministro\u00a0<a href=\"https:\/\/www.jns.org\/rescued-hostage-noa-argamani-to-fly-with-netanyahu-to-dc\/\">Benjamin Netanyahu<\/a> se dirige al Congreso de Estados Unidos, \"proporcionar\u00eda un refuerzo y una legitimidad adicionales a quienes pretenden perjudicar y boicotear a Israel\".<\/p>\n<p class=\"wp-block-paragraph\">\"Es un gran impulso para el movimiento de odio BDS. Adem\u00e1s, la ONU propondr\u00e1 peligrosas sanciones y acciones punitivas contra Israel, lo que exigir\u00e1 que Estados Unidos las vete\", afirm\u00f3 la ONG jur\u00eddica.<\/p>\n<p class=\"MsoNormal\"><\/div>\n<\/div>","protected":false},"excerpt":{"rendered":"<p>ICJ to issue opinion on Judea, Samaria &#8216;occupation&#8217; on Friday Senior government officials believe the UN court will conclude that Israel is violating international law. Palestinian Authority diplomat Riyad al-Maliki and members of his delegation at the International Court of Justice in The Hague, Feb. 19, 2024. Photo by Robin van Lonkhuijsen\/ANP\/AFP via Getty Images. [&hellip;]<\/p>\n","protected":false},"author":7,"featured_media":1493,"comment_status":"closed","ping_status":"closed","sticky":false,"template":"","format":"standard","meta":{"_acf_changed":false,"footnotes":""},"categories":[20],"tags":[61,21,22],"class_list":["post-1492","post","type-post","status-publish","format-standard","has-post-thumbnail","hentry","category-news","tag-advisory-opinion","tag-international-court-of-justice","tag-the-hague"],"acf":[],"_links":{"self":[{"href":"https:\/\/thetrial.org\/es\/wp-json\/wp\/v2\/posts\/1492","targetHints":{"allow":["GET"]}}],"collection":[{"href":"https:\/\/thetrial.org\/es\/wp-json\/wp\/v2\/posts"}],"about":[{"href":"https:\/\/thetrial.org\/es\/wp-json\/wp\/v2\/types\/post"}],"author":[{"embeddable":true,"href":"https:\/\/thetrial.org\/es\/wp-json\/wp\/v2\/users\/7"}],"replies":[{"embeddable":true,"href":"https:\/\/thetrial.org\/es\/wp-json\/wp\/v2\/comments?post=1492"}],"version-history":[{"count":2,"href":"https:\/\/thetrial.org\/es\/wp-json\/wp\/v2\/posts\/1492\/revisions"}],"predecessor-version":[{"id":1575,"href":"https:\/\/thetrial.org\/es\/wp-json\/wp\/v2\/posts\/1492\/revisions\/1575"}],"wp:featuredmedia":[{"embeddable":true,"href":"https:\/\/thetrial.org\/es\/wp-json\/wp\/v2\/media\/1493"}],"wp:attachment":[{"href":"https:\/\/thetrial.org\/es\/wp-json\/wp\/v2\/media?parent=1492"}],"wp:term":[{"taxonomy":"category","embeddable":true,"href":"https:\/\/thetrial.org\/es\/wp-json\/wp\/v2\/categories?post=1492"},{"taxonomy":"post_tag","embeddable":true,"href":"https:\/\/thetrial.org\/es\/wp-json\/wp\/v2\/tags?post=1492"}],"curies":[{"name":"wp","href":"https:\/\/api.w.org\/{rel}","templated":true}]}}