{"id":1501,"date":"2024-08-12T10:06:17","date_gmt":"2024-08-12T08:06:17","guid":{"rendered":"https:\/\/thetrial.org\/?p=1501"},"modified":"2024-08-15T10:15:26","modified_gmt":"2024-08-15T08:15:26","slug":"the-archbishop-of-canterbury-gets-israel-wrong","status":"publish","type":"post","link":"https:\/\/thetrial.org\/es\/the-archbishop-of-canterbury-gets-israel-wrong\/","title":{"rendered":"El arzobispo de Canterbury se equivoca respecto de Israel"},"content":{"rendered":"<div>\n<div class=\"WordSection1\">\n<h5>Ignorar las acciones brutales de Ham\u00e1s y al mismo tiempo condenar selectivamente a Israel envalentona a quienes perpet\u00faan el terror y la violencia.<\/h5>\n<p class=\"MsoNormal\"><img loading=\"lazy\" decoding=\"async\" id=\"Afbeelding_x0020_7\" style=\"width: 6.4666in; height: 4.3083in;\" src=\"https:\/\/thetrial.org\/wp-content\/uploads\/image001-2.jpg\" alt=\"Archbishop of Canterbury Justin Welby speaks during the celebration of the second vespers on the occasion of the solemnity of the conversion of St. Paul led by Pope Francis at St Paul's Basilica in Rome on Jan. 25, 2024. Photo by Alessandra Benedetti\/Corbis via Getty Images.\" width=\"621\" height=\"414\" \/><\/p>\n<p class=\"MsoNormal\">El arzobispo de Canterbury, Justin Welby, habla durante la celebraci\u00f3n de las segundas v\u00edsperas con motivo de la solemnidad de la conversi\u00f3n de San Pablo dirigida por el Papa Francisco en la Bas\u00edlica de San Pablo en Roma el 25 de enero de 2024. Foto de Alessandra Benedetti\/Corbis v\u00eda Getty Images.<\/p>\n<p class=\"MsoNormal\"><a title=\"\" href=\"https:\/\/www.jns.org\/writers\/luke-moon\/\"><span style=\"color: blue; text-decoration: none;\"><img loading=\"lazy\" decoding=\"async\" id=\"Afbeelding_x0020_6\" class=\"\" style=\"width: 145px; height: 145px;\" src=\"https:\/\/thetrial.org\/wp-content\/uploads\/image002-1.jpg\" alt=\"Luke Moon\" width=\"400\" height=\"400\" border=\"0\" \/><\/span><\/a><\/p>\n<p class=\"MsoNormal\"><a title=\"Lucas Luna\" href=\"https:\/\/www.jns.org\/writers\/luke-moon\/\">Por Luke Moon<\/a><\/p>\n<p class=\"MsoNormal\">Luke Moon es el director ejecutivo del Proyecto Philos y peri\u00f3dicamente comenta y escribe sobre temas relacionados con Israel y las relaciones judeo-cristianas.<\/p>\n<p class=\"MsoNormal\">(12 de agosto de 2024 \/ JNS)<\/p>\n<p class=\"wp-block-paragraph\">Dos semanas despu\u00e9s de que el m\u00e1ximo tribunal de las Naciones Unidas, la Corte Internacional de Justicia, emitiera el 19 de julio una opini\u00f3n consultiva no vinculante declarando que \u201cla presencia continua del Estado de Israel\u201d en Judea, Samaria y Jerusal\u00e9n oriental es \u201cilegal\u201d, el arzobispo de Canterbury, el <a href=\"https:\/\/www.archbishopofcanterbury.org\/about\/about-justin-welby\" target=\"_blank\" rel=\"noopener\">El m\u00e1s apreciado Justin Welby<\/a>, dio su apoyo inequ\u00edvoco a la opini\u00f3n.<\/p>\n<p class=\"wp-block-paragraph\">En un\u00a0<a href=\"https:\/\/www.archbishopofcanterbury.org\/news\/news-and-statements\/archbishop-canterbury-statement-icjs-advisory-opinion-israel-and-occupied\" target=\"_blank\" rel=\"noopener\">declaraci\u00f3n <\/a>En un comunicado emitido el viernes, el arzobispo afirm\u00f3 que Israel est\u00e1 \u201cprivando a los palestinos del acceso a sus recursos naturales e imponiendo un sistema de gobierno militar que les niega seguridad y justicia\u201d. Adem\u00e1s, dijo que \u201cel Estado de Israel ha estado negando al pueblo palestino dignidad, libertad y esperanza\u201d.<\/p>\n<p class=\"wp-block-paragraph\">Al respaldar la opini\u00f3n de la CIJ, el arzobispo se equivoca respecto de Israel.<\/p>\n<p class=\"wp-block-paragraph\">En primer lugar, la afirmaci\u00f3n de que la presencia de Israel en esos territorios es inequ\u00edvocamente ilegal pasa por alto la historia multifac\u00e9tica y los matices jur\u00eddicos de la situaci\u00f3n. Las acciones de Israel no son simplemente una cuesti\u00f3n de ocupaci\u00f3n, sino una respuesta a una compleja matriz de preocupaciones de seguridad, reivindicaciones hist\u00f3ricas y repetidos fracasos de las negociaciones de paz. Al respaldar la opini\u00f3n de la CIJ, el arzobispo insiste en una narrativa simplista de la historia israel\u00ed que vilipendia al Estado jud\u00edo, punto.<\/p>\n<p class=\"wp-block-paragraph\">Adem\u00e1s, la declaraci\u00f3n del arzobispo se\u00f1al\u00f3 que desea \u201cresistir un mundo donde acciones como la tortura, la toma de rehenes y la violencia indiscriminada se convierten en la norma\u201d.<\/p>\n<p class=\"wp-block-paragraph\">Yo tambi\u00e9n lo deseo, como lo desear\u00eda cualquier cristiano amante de la paz. Pero lo que hace que este comentario del arzobispo sea tan reprensible es que\u00a0<em><span style=\"font-family: 'Calibri',sans-serif;\">\u00c9l no condena a Ham\u00e1s<\/span><\/em>\u2014el mismo grupo responsable de la tortura, la toma de rehenes y la violencia indiscriminada.<\/p>\n<p class=\"wp-block-paragraph\">La raz\u00f3n por la que nuestro mundo a\u00fan contiene estos actos de violencia despreciable no es porque no apliquemos la ley \u201csin temor ni favoritismo en todas las circunstancias\u201d, sino porque grupos terroristas como Ham\u00e1s siguen sedientos de sangre en sus esfuerzos por matar a jud\u00edos y cristianos inocentes. Ignorar las acciones brutales de Ham\u00e1s mientras se condena selectivamente a Israel envalentona a quienes perpet\u00faan el terror y la violencia.<\/p>\n<p class=\"wp-block-paragraph\">Francamente, aunque importante, el enfoque del arzobispo en el derecho internacional parece selectivo. Se ve un patr\u00f3n en las declaraciones del arzobispo. \u00bfPor qu\u00e9 no ha reconocido que el esfuerzo b\u00e9lico de Israel ha visto el\u00a0<a href=\"https:\/\/www.newsweek.com\/israel-implemented-more-measures-prevent-civilian-casualties-any-other-nation-history-opinion-1865613\" target=\"_blank\" rel=\"noopener\">implementaci\u00f3n <\/a>\u00bfPor qu\u00e9 Israel ha tomado m\u00e1s medidas para evitar las muertes de civiles que cualquier otra naci\u00f3n en la historia? \u00bfD\u00f3nde est\u00e1 el clamor contra las numerosas violaciones de los derechos humanos perpetradas por las autoridades palestinas contra su propio pueblo, incluidos los cristianos?\u00a0<a href=\"https:\/\/www.telegraph.co.uk\/news\/2021\/12\/26\/israel-best-thing-happen-christians-holy-land-centuries\/\" target=\"_blank\" rel=\"noopener\">El mejor amigo<\/a>\u00a0A los cristianos de Oriente Medio, \u00bfel arzobispo siempre y de manera instintiva? <a href=\"https:\/\/www.thebulwark.com\/p\/does-the-archbishop-of-canterbury-have-an-israel-problem\" target=\"_blank\" rel=\"noopener\">criticar<\/a> \u00bfIsrael? \u00bfTiene el arzobispo de Canterbury un problema con los jud\u00edos?<\/p>\n<p class=\"wp-block-paragraph\">Por \u00faltimo, \u00bfc\u00f3mo se ve el futuro de Israel, seg\u00fan el arzobispo? Muchos consideran que Jerusal\u00e9n es un territorio \u201cocupado\u201d e insisten en que la ciudad santa, que alberga una gran cantidad de lugares sagrados cristianos y jud\u00edos, est\u00e9 completamente bajo control palestino. \u00bfQuiere el arzobispo volver a la \u00e9poca anterior a 1967, cuando no se permit\u00eda la entrada de jud\u00edos a la Ciudad Vieja de Jerusal\u00e9n? \u00bfCuando el Barrio Jud\u00edo era un completo basurero? \u00bfCuando se arrancaban l\u00e1pidas y se utilizaban para pavimentar carreteras en Judea y Samaria? \u00bfEs ese el tipo de Jerusal\u00e9n que anhela el arzobispo?<\/p>\n<p class=\"wp-block-paragraph\">Sin duda, hay mucho, much\u00edsimo trabajo por hacer en Israel. Tras la masacre del 7 de octubre, es necesario vislumbrar una nueva visi\u00f3n de paz para Israel. Todos esperamos y rezamos por un futuro en el que jud\u00edos y \u00e1rabes puedan vivir juntos en libertad, prosperidad y seguridad. La verdadera paz s\u00f3lo se lograr\u00e1 cuando el mundo exija responsabilidades a todas las partes, apoye el derecho de Israel a defenderse, se una para derrotar al terrorismo y fomente un entorno en el que la coexistencia sea realmente posible.<\/p>\n<p class=\"wp-block-paragraph\">Pero no avanzamos en esa noble meta escuchando las condenas tajantes contra Israel que hacen personas como el arzobispo de Canterbury. Los cristianos merecen algo mejor de sus l\u00edderes.<\/p>\n<p class=\"MsoNormal\">\n<\/div>\n<\/div>","protected":false},"excerpt":{"rendered":"<p>Ignoring the brutal actions of Hamas while selectively condemning Israel emboldens those who perpetuate terror and violence. Archbishop of Canterbury Justin Welby speaks during the celebration of the second vespers on the occasion of the solemnity of the conversion of St. Paul led by Pope Francis at St Paul&#8217;s Basilica in Rome on Jan. 25, [&hellip;]<\/p>\n","protected":false},"author":7,"featured_media":1502,"comment_status":"closed","ping_status":"closed","sticky":false,"template":"","format":"standard","meta":{"_acf_changed":false,"footnotes":""},"categories":[20],"tags":[51,62,50,21],"class_list":["post-1501","post","type-post","status-publish","format-standard","has-post-thumbnail","hentry","category-news","tag-archbishop","tag-canterbury","tag-icj-advisory-opinion","tag-international-court-of-justice"],"acf":[],"_links":{"self":[{"href":"https:\/\/thetrial.org\/es\/wp-json\/wp\/v2\/posts\/1501","targetHints":{"allow":["GET"]}}],"collection":[{"href":"https:\/\/thetrial.org\/es\/wp-json\/wp\/v2\/posts"}],"about":[{"href":"https:\/\/thetrial.org\/es\/wp-json\/wp\/v2\/types\/post"}],"author":[{"embeddable":true,"href":"https:\/\/thetrial.org\/es\/wp-json\/wp\/v2\/users\/7"}],"replies":[{"embeddable":true,"href":"https:\/\/thetrial.org\/es\/wp-json\/wp\/v2\/comments?post=1501"}],"version-history":[{"count":1,"href":"https:\/\/thetrial.org\/es\/wp-json\/wp\/v2\/posts\/1501\/revisions"}],"predecessor-version":[{"id":1508,"href":"https:\/\/thetrial.org\/es\/wp-json\/wp\/v2\/posts\/1501\/revisions\/1508"}],"wp:featuredmedia":[{"embeddable":true,"href":"https:\/\/thetrial.org\/es\/wp-json\/wp\/v2\/media\/1502"}],"wp:attachment":[{"href":"https:\/\/thetrial.org\/es\/wp-json\/wp\/v2\/media?parent=1501"}],"wp:term":[{"taxonomy":"category","embeddable":true,"href":"https:\/\/thetrial.org\/es\/wp-json\/wp\/v2\/categories?post=1501"},{"taxonomy":"post_tag","embeddable":true,"href":"https:\/\/thetrial.org\/es\/wp-json\/wp\/v2\/tags?post=1501"}],"curies":[{"name":"wp","href":"https:\/\/api.w.org\/{rel}","templated":true}]}}