{"id":1532,"date":"2024-07-21T13:07:36","date_gmt":"2024-07-21T11:07:36","guid":{"rendered":"https:\/\/thetrial.org\/?p=1532"},"modified":"2024-08-16T14:09:38","modified_gmt":"2024-08-16T12:09:38","slug":"pro-israel-christians-stage-the-trial-2024-in-response-to-un-resolution","status":"publish","type":"post","link":"https:\/\/thetrial.org\/es\/pro-israel-christians-stage-the-trial-2024-in-response-to-un-resolution\/","title":{"rendered":"Los cristianos proisrael\u00edes organizan \u201cEl juicio 2024\u201d en respuesta a la resoluci\u00f3n de la ONU"},"content":{"rendered":"<div>\n<div class=\"WordSection1\">\n<h5>Y sabr\u00e9is que en medio de Israel estoy yo, que yo, Jehov\u00e1, soy vuestro Dios, y no hay otro. Y mi pueblo no ser\u00e1 m\u00e1s avergonzado.<\/h5>\n<h6>Joel 2:27 (la biblia de israel)<\/h6>\n<p class=\"MsoNormal\"><img loading=\"lazy\" decoding=\"async\" id=\"Afbeelding_x0020_5\" style=\"width: .3166in; height: .2416in;\" src=\"https:\/\/thetrial.org\/wp-content\/uploads\/image001-1.png\" alt=\"https:\/\/israel365news.com\/wp-content\/uploads\/2022\/09\/unnamed-file.png\" width=\"30\" height=\"23\" \/><\/p>\n<p class=\"MsoNormal\"><a href=\"https:\/\/israel365news.com\/author\/adam_berkowitz\/\"><span style=\"color: blue; text-decoration: none;\"><img loading=\"lazy\" decoding=\"async\" id=\"Afbeelding_x0020_4\" class=\"\" style=\"width: 103px; height: 108px;\" src=\"https:\/\/thetrial.org\/wp-content\/uploads\/image002-1.png\" alt=\"Picture of Adam Eliyahu Berkowitz\" width=\"287\" height=\"300\" border=\"0\" \/><\/span><\/a><\/p>\n<pre><u><span style=\"color: blue;\"><a href=\"https:\/\/israel365news.com\/author\/adam_berkowitz\/\"><span style=\"color: blue;\">Ad\u00e1n Eliyahu Berkowitz <\/span><\/a><\/span><\/u><\/pre>\n<p class=\"MsoNormal\">\n<h6>21 de julio de 2024<\/h6>\n<p class=\"MsoNormal\"><img loading=\"lazy\" decoding=\"async\" id=\"Afbeelding_x0020_3\" style=\"width: 8.3333in; height: 6.25in;\" src=\"https:\/\/thetrial.org\/wp-content\/uploads\/image003-1.jpg\" alt=\"https:\/\/israel365news.com\/wp-content\/uploads\/2024\/07\/JPB_9643KvE.jpg\" width=\"800\" height=\"600\" border=\"0\" \/><\/p>\n<p>En una poderosa muestra de apoyo a Israel, los l\u00edderes cristianos y los defensores de Israel organizaron recientemente un evento llamado \u201cEl Juicio 2024\u201d en La Haya, Pa\u00edses Bajos. Esta reuni\u00f3n fue una respuesta a una resoluci\u00f3n de las Naciones Unidas de diciembre de 2020 que solicit\u00f3 una opini\u00f3n consultiva de la Corte Internacional de Justicia (CIJ) sobre la ocupaci\u00f3n israel\u00ed y la presunta discriminaci\u00f3n contra los no jud\u00edos en Israel. Esta opini\u00f3n de la CIJ se emiti\u00f3 el viernes.<\/p>\n<p>Los partidarios de Israel consideran que la resoluci\u00f3n de la ONU, respaldada por 87 Estados miembros, constituye una amenaza importante para los derechos del pa\u00eds sobre Judea, Samaria y Jerusal\u00e9n Este. La opini\u00f3n de la CIJ sobre este asunto, aunque no es vinculante, se anunci\u00f3 el viernes y podr\u00eda influir en las perspectivas internacionales sobre las reivindicaciones territoriales de Israel.<\/p>\n<p>\u201c<strong>La prueba<\/strong> El evento &quot;2024&quot; tuvo lugar en el Foro Mundial de La Haya, al que asistieron casi 1.000 asistentes de 45 pa\u00edses. El evento culmin\u00f3 con la firma de un decreto en apoyo de los derechos de Israel, que los organizadores entregaron a la CIJ en un acto audaz.<\/p>\n<p>A pesar de la resistencia inicial, Jack van der Tang, figura clave del evento, present\u00f3 el decreto a la CIJ. Esta acci\u00f3n fue considerada una victoria por los organizadores, a quienes los expertos hab\u00edan dicho que una presentaci\u00f3n de ese tipo ser\u00eda imposible sin un nombramiento.<\/p>\n<p>La CIJ acus\u00f3 recibo oficialmente del decreto en una carta de Su Excelencia el Sr. Philippe Gautier, Secretario del Tribunal. Si bien este reconocimiento no garantiza que los 15 jueces de la CIJ lo tengan en cuenta en sus deliberaciones, los organizadores lo consideran un paso significativo en su esfuerzo espiritual y legal por influir en la decisi\u00f3n del tribunal a favor de Israel.<\/p>\n<p>Los organizadores del evento, incluida la Conferencia Internacional por la Verdad, la Justicia y la Paz, enmarcan \u201cEl Juicio 2024\u201d como un esfuerzo tanto pol\u00edtico como espiritual. Destacan la importancia de seguir orando y apoyando a Israel en este asunto, considerando la situaci\u00f3n actual como un indicador del fin de los tiempos b\u00edblicos.<\/p>\n<p>A medida que se acerca la fecha l\u00edmite de julio de 2024 para que la CIJ emita su dictamen, se insta a los partidarios de Israel a permanecer atentos y continuar con sus esfuerzos de defensa. Los organizadores de \u201cEl Juicio 2024\u201d consideran que sus acciones forman parte de una batalla espiritual m\u00e1s amplia por los derechos y la soberan\u00eda de Israel.<\/p>\n<p>Este evento pone de relieve la compleja interacci\u00f3n entre el derecho internacional, la geopol\u00edtica y las creencias religiosas en torno a las reivindicaciones territoriales de Israel. Mientras el mundo espera la opini\u00f3n consultiva de la CIJ, las acciones de grupos como los que est\u00e1n detr\u00e1s de \u201cThe Trial 2024\u201d demuestran el apoyo apasionado que Israel sigue recibiendo de ciertos sectores de la comunidad internacional.<\/p>\n<p>El grupo de l\u00edderes cristianos emiti\u00f3 una respuesta:<\/p>\n<p>\u201cPara Israel, esta podr\u00eda ser la condena m\u00e1s amenazante e importante de toda su existencia\u201d, advirtieron. \u201cEsta importante medida de la ONU nos muestra hasta qu\u00e9 punto hemos llegado al fin de los tiempos b\u00edblicos\u201d, afirmaron. \u201cLa petici\u00f3n tiene que ver con qui\u00e9n puede gobernar leg\u00edtimamente Judea, Samaria y Jerusal\u00e9n Oriental, que incluye la Ciudad Vieja con el Monte del Templo. Muchos pa\u00edses quieren dividir Jerusal\u00e9n y quieren que Jerusal\u00e9n Oriental sea la capital de un Estado palestino\u201d.<\/p>\n<p>Se celebr\u00f3 una conferencia a la que asistieron casi 1.000 \u201cintercesores\u201d de 45 pa\u00edses, denominada Conferencia Internacional por la Verdad y la Justicia, y Jack van der Tang present\u00f3 la declaraci\u00f3n, firmada por cientos de partidarios, ante la CIJ. Le dijeron que recibir\u00eda una cita el lunes 8 de julio para explicar el decreto.<\/p>\n<p>Antes de esa fecha, el grupo recibi\u00f3 una respuesta de la CIJ de Su Excelencia el Sr. Phillipe Gautier, un correo electr\u00f3nico en el que se les informaba que no se les permitir\u00eda presentar su declaraci\u00f3n.<\/p>\n<p>La organizaci\u00f3n emiti\u00f3 un decreto en respuesta a la reciente resoluci\u00f3n de la CIJ:<\/p>\n<p>\u201cA la Corte Internacional de Justicia (CIJ)<\/p>\n<p>\u201c<em>Ahora pues, oh reyes, sed sabios; sed amonestados, oh jueces de la tierra.<\/em>\u201d (Salmo 2:10).<\/p>\n<p>\u201cNosotros, representantes cristianos de las naciones, declaramos lo siguiente:<\/p>\n<p>\u201cToda la tierra pertenece al Creador de los cielos y de la tierra. El Alt\u00edsimo dio a las naciones su tierra y su herencia\u201d (G\u00e9n. 10, Deut. 32:8). \u201cY de un solo hombre hizo todo el linaje de los hombres, para que habitaran sobre toda la faz de la tierra; les previ\u00f3 los tiempos determinados y los l\u00edmites de su habitaci\u00f3n\u201d (Hechos 17:26).<\/p>\n<p>\u201cDios dio la tierra de Israel al pueblo jud\u00edo como posesi\u00f3n eterna.<\/p>\n<p>\u201c\u00c9l es el Se\u00f1or nuestro Dios; sus juicios se extienden por toda la tierra. Se acuerda para siempre de su pacto, de la palabra que orden\u00f3 para mil generaciones, del pacto que concert\u00f3 con Abraham, del juramento que hizo a Isaac, del cual se lo confirm\u00f3 a Jacob como estatuto eterno, y de Israel como pacto eterno, diciendo: A ti te dar\u00e9 la tierra de Cana\u00e1n como porci\u00f3n tuya en herencia\u201d (Sal 105,7-11).<\/p>\n<p>\u201cEl regreso de los jud\u00edos a la Tierra de Israel durante m\u00e1s de cien a\u00f1os en este \u00faltimo siglo cumple promesas b\u00edblicas (Jer. 31:10, Ezequiel 36:24).<\/p>\n<p>\u201cEl 30 de diciembre de 2022, la resoluci\u00f3n 77\/247 de las Naciones Unidas solicit\u00f3 a la Corte Internacional de Justicia (CIJ) que se pronunciara sobre el estatus de Jerusal\u00e9n Oriental, Judea y Samaria (tambi\u00e9n conocida como Cisjordania).<\/p>\n<p>\u201cNosotros, los representantes cristianos de nuestras naciones de todo el mundo, declaramos y testificamos que la tierra de Israel incluye Jerusal\u00e9n Oriental, Judea y Samaria. Estas \u00e1reas pertenecen indiscutiblemente a Israel y son en \u00faltima instancia la herencia del pueblo jud\u00edo. Dividir la tierra est\u00e1 en conflicto con la Biblia y la voluntad del Se\u00f1or Dios de Abraham, Isaac y Jacob, el Dios de Israel.<\/p>\n<p>\u201cAnte esto, respetuosamente hacemos un llamado a los jueces de la CIJ para que practiquen la justicia (Miqueas 6:8). Les hacemos un llamado urgente para que tengan en cuenta la grave advertencia del profeta Joel, uno de los profetas del Dios de Israel: <em>\u201cPorque he aqu\u00ed que en aquellos d\u00edas y en aquel tiempo, cuando yo restaure el bienestar de Jud\u00e1 y de Jerusal\u00e9n, reunir\u00e9 a todas las naciones y las har\u00e9 descender al valle de Josafat. All\u00ed las juzgar\u00e9 por lo que hicieron con mi heredad, mi pueblo Israel, porque dispersaron a mi pueblo entre las naciones y repartieron mi tierra.\u201d<\/em> (Joel 3:1-2).<\/p>\n<p class=\"MsoNormal\">\n<p class=\"MsoNormal\">\n<p class=\"MsoNormal\">\n<p class=\"MsoNormal\">\n<p class=\"MsoNormal\"><a href=\"https:\/\/israel365news.com\/393407\/pro-israel-christians-stage-the-trial-2024-in-response-to-un-resolution\/\">https:\/\/israel365news.com\/393407\/pro-israel-christians-stage-the-trial-2024-in-response-to-un-resolution\/<\/a><\/p>\n<p class=\"MsoNormal\">\n<p class=\"MsoNormal\"><\/div>\n<\/div>","protected":false},"excerpt":{"rendered":"<p>And you shall know That I am in the midst of Yisrael: That I Hashem am your God And there is no other. And My people shall be shamed no more.&#8221; Joel 2: 27 (the israel bible) Adam Eliyahu Berkowitz July 21, 2024 In a powerful display of support for Israel, Christian leaders and pro-Israel [&hellip;]<\/p>\n","protected":false},"author":7,"featured_media":1533,"comment_status":"closed","ping_status":"closed","sticky":false,"template":"","format":"standard","meta":{"_acf_changed":false,"footnotes":""},"categories":[20],"tags":[50,21,22,23],"class_list":["post-1532","post","type-post","status-publish","format-standard","has-post-thumbnail","hentry","category-news","tag-icj-advisory-opinion","tag-international-court-of-justice","tag-the-hague","tag-the-trial"],"acf":[],"_links":{"self":[{"href":"https:\/\/thetrial.org\/es\/wp-json\/wp\/v2\/posts\/1532","targetHints":{"allow":["GET"]}}],"collection":[{"href":"https:\/\/thetrial.org\/es\/wp-json\/wp\/v2\/posts"}],"about":[{"href":"https:\/\/thetrial.org\/es\/wp-json\/wp\/v2\/types\/post"}],"author":[{"embeddable":true,"href":"https:\/\/thetrial.org\/es\/wp-json\/wp\/v2\/users\/7"}],"replies":[{"embeddable":true,"href":"https:\/\/thetrial.org\/es\/wp-json\/wp\/v2\/comments?post=1532"}],"version-history":[{"count":2,"href":"https:\/\/thetrial.org\/es\/wp-json\/wp\/v2\/posts\/1532\/revisions"}],"predecessor-version":[{"id":1568,"href":"https:\/\/thetrial.org\/es\/wp-json\/wp\/v2\/posts\/1532\/revisions\/1568"}],"wp:featuredmedia":[{"embeddable":true,"href":"https:\/\/thetrial.org\/es\/wp-json\/wp\/v2\/media\/1533"}],"wp:attachment":[{"href":"https:\/\/thetrial.org\/es\/wp-json\/wp\/v2\/media?parent=1532"}],"wp:term":[{"taxonomy":"category","embeddable":true,"href":"https:\/\/thetrial.org\/es\/wp-json\/wp\/v2\/categories?post=1532"},{"taxonomy":"post_tag","embeddable":true,"href":"https:\/\/thetrial.org\/es\/wp-json\/wp\/v2\/tags?post=1532"}],"curies":[{"name":"wp","href":"https:\/\/api.w.org\/{rel}","templated":true}]}}