{"id":1974,"date":"2024-07-08T10:12:28","date_gmt":"2024-07-08T08:12:28","guid":{"rendered":"https:\/\/thetrial.org\/?p=1974"},"modified":"2024-08-22T10:17:04","modified_gmt":"2024-08-22T08:17:04","slug":"1974-2","status":"publish","type":"post","link":"https:\/\/thetrial.org\/es\/1974-2\/","title":{"rendered":"MOMENTO HIST\u00d3RICO EN LA HAYA"},"content":{"rendered":"<p class=\"wp-block-paragraph\">El jueves 4 de julio de 2024, el decreto fue firmado y sellado por Jack van der Tang. Este decreto es una declaraci\u00f3n b\u00edblica de los derechos de propiedad de la tierra de Israel basada en la Biblia, la Palabra de Dios. Este decreto fue entregado a la Corte Internacional de Justicia en el Palacio de la Paz.<\/p>\n\n\n\n<p class=\"wp-block-paragraph\">Un acto que no parec\u00eda humanamente posible, pero que, gracias a las oraciones de los numerosos intercesores de todo el mundo, se hizo realidad. El decreto se entreg\u00f3 en nombre de <strong>LIGA DE LAS NACIONES CRISTIANAS Y DE LOS PUEBLOS IND\u00cdGENAS<\/strong>en proceso de creaci\u00f3n.<\/p>\n\n\n\n<p class=\"wp-block-paragraph\">Durante la ceremonia de colocaci\u00f3n del sello se hicieron sonar 70 shofares y se rez\u00f3 para que el mensaje de advertencia a los jueces fuera recibido.<img loading=\"lazy\" decoding=\"async\" width=\"150\" height=\"100\" class=\"wp-image-1976\" style=\"width: 150px;\" src=\"https:\/\/thetrial.org\/wp-content\/uploads\/trail2024-332.jpg\" alt=\"\" srcset=\"https:\/\/thetrial.org\/wp-content\/uploads\/trail2024-332.jpg 1200w, https:\/\/thetrial.org\/wp-content\/uploads\/trail2024-332-300x200.jpg 300w, https:\/\/thetrial.org\/wp-content\/uploads\/trail2024-332-1024x683.jpg 1024w, https:\/\/thetrial.org\/wp-content\/uploads\/trail2024-332-768x512.jpg 768w, https:\/\/thetrial.org\/wp-content\/uploads\/trail2024-332-18x12.jpg 18w\" sizes=\"auto, (max-width: 150px) 100vw, 150px\" \/><\/p>\n\n\n\n<p class=\"wp-block-paragraph\"><strong>Una unidad especial de l\u00edderes de todo el mundo<\/strong><strong><\/strong><\/p>\n\n\n\n<p class=\"wp-block-paragraph\">L\u00edderes cristianos, pastores, intercesores, etc. de 45 pa\u00edses estuvieron presentes durante El Juicio. Hab\u00eda un profundo sentimiento de que si su naci\u00f3n votaba a favor de la partici\u00f3n de la tierra de Israel, del reconocimiento de un Estado palestino con Jerusal\u00e9n Este como capital, Dios les juzgar\u00eda. Todos esperaban que la CIJ emitiera un veredicto negativo. El esp\u00edritu de Am\u00e1n, el esp\u00edritu del antisemitismo, reina en la CIJ, pero tambi\u00e9n en la CPI.<\/p>\n\n\n\n<p class=\"wp-block-paragraph\"><strong>Visita al Palacio de la Paz<\/strong><strong><\/strong><\/p>\n\n\n\n<p class=\"wp-block-paragraph\">Tras firmar el decreto y estampar el sello, un grupo de 55 l\u00edderes se dirigi\u00f3 en autob\u00fas, con fe, al Palacio de la Paz. Amaneci\u00f3 un momento sagrado y especial. Todo se film\u00f3 en directo y se proyect\u00f3 en la pantalla del Foro Mundial, donde estaban los rezagados. Tras nuestra llegada, la visita fue inicialmente denegada y, tras la insistencia de Jack van der Tang, hubo contacto telef\u00f3nico y s\u00f3lo se permiti\u00f3 a Jack van der Tang ir al Palacio de la Paz. Mientras el grupo se quedaba y rezaba en la puerta del Palacio de la Paz, Jack der Tang fue recibido. All\u00ed explic\u00f3 parte de lo que hab\u00eda ocurrido en el Foro Mundial y del decreto firmado por algo menos de mil personas.<\/p>\n\n\n\n<p class=\"wp-block-paragraph\">El lunes se envi\u00f3 por correo electr\u00f3nico una carta oficial en la que se informaba de que el decreto hab\u00eda sido recibido y anotado por el secretario de la CIJ.<\/p>\n\n\n\n<p class=\"wp-block-paragraph\">De nuevo, un milagro porque hab\u00eda \"voces\" que cre\u00edan que el decreto no ser\u00eda aceptado.<\/p>\n\n\n\n<p class=\"wp-block-paragraph\">Cuando Jack van der Tang abandon\u00f3 el Palacio de la Paz sin un decreto, se produjo una tremenda ovaci\u00f3n en el Foro Mundial. Dios hab\u00eda abierto una puerta, s\u00f3lo el Todopoderoso puede hacerlo.<\/p>\n\n\n\n<p class=\"wp-block-paragraph\"><strong>Una llamada a los creyentes de todo el mundo<\/strong><strong><\/strong><\/p>\n\n\n\n<p class=\"wp-block-paragraph\"><a>El Juicio ha aportado a los creyentes de todo el mundo un profundo sentido de seriedad sobre la partici\u00f3n de la tierra de Israel y el reconocimiento de un Estado palestino.<\/a><\/p>\n\n\n\n<p class=\"wp-block-paragraph\">En el Nuevo Testamento, Yeshua describe en Mateo 25 acerca de las naciones cabras y ovejas. Las naciones ser\u00e1n juzgadas por su actitud hacia Israel.<\/p>\n\n\n\n<p class=\"wp-block-paragraph\">Se trata de un tema desconocido para muchos cristianos, pero totalmente en consonancia con el Tenach, el Antiguo Testamento.<\/p>\n\n\n\n<p class=\"wp-block-paragraph\">La comprensi\u00f3n de que lo importante no son nuestras propias ideas o juicios, sino lo que el Dios de Abraham, Isaac y Jacob dej\u00f3 escrito en la Biblia.<\/p>\n\n\n\n<p class=\"wp-block-paragraph\"><strong>\u00bfC\u00f3mo proceder?<\/strong><strong><\/strong><\/p>\n\n\n\n<p class=\"wp-block-paragraph\">El escrito dirigido a los jueces de la CIJ se titulaba <strong>LIGA DE NACIONES CRISTIANAS Y PUEBLOS IND\u00cdGENAS <em>en proceso de creaci\u00f3n.<\/em><\/strong><\/p>\n\n\n\n<p class=\"wp-block-paragraph\">&nbsp;\u00bfEs el siguiente paso crear una red mundial de l\u00edderes de tribus, reinos y pueblos ind\u00edgenas que se re\u00fanan y apoyen a Israel?<\/p>\n\n\n\n<p class=\"wp-block-paragraph\">\u00bfUna Liga de Naciones Cristianas, Tribus, Pueblos Ind\u00edgenas, etc.?<\/p>\n\n\n\n<p class=\"wp-block-paragraph\">Esto no hab\u00eda ocurrido nunca en la historia del mundo.<\/p>\n\n\n\n<p class=\"wp-block-paragraph\">\u00bfEst\u00e1s rezando con nosotros?  \u00bfTiene alguna impresi\u00f3n? P\u00f3ngase en contacto con nosotros.<\/p>","protected":false},"excerpt":{"rendered":"<p>On Thursday, 4 July 2024, the decree was signed and sealed by Jack van der Tang. This decree is a Biblical declaration of the property rights of the land of Israel based on the Bible, God&#8217;s Word. This decree was handed over to the International Court of Justice at the Peace Palace. An act that [&hellip;]<\/p>\n","protected":false},"author":7,"featured_media":1872,"comment_status":"closed","ping_status":"closed","sticky":true,"template":"","format":"standard","meta":{"_acf_changed":false,"footnotes":""},"categories":[26,20],"tags":[72,73,74,23,75],"class_list":["post-1974","post","type-post","status-publish","format-standard","has-post-thumbnail","hentry","category-blog","category-news","tag-decree","tag-icj","tag-peace-palace","tag-the-trial","tag-visit"],"acf":[],"_links":{"self":[{"href":"https:\/\/thetrial.org\/es\/wp-json\/wp\/v2\/posts\/1974","targetHints":{"allow":["GET"]}}],"collection":[{"href":"https:\/\/thetrial.org\/es\/wp-json\/wp\/v2\/posts"}],"about":[{"href":"https:\/\/thetrial.org\/es\/wp-json\/wp\/v2\/types\/post"}],"author":[{"embeddable":true,"href":"https:\/\/thetrial.org\/es\/wp-json\/wp\/v2\/users\/7"}],"replies":[{"embeddable":true,"href":"https:\/\/thetrial.org\/es\/wp-json\/wp\/v2\/comments?post=1974"}],"version-history":[{"count":3,"href":"https:\/\/thetrial.org\/es\/wp-json\/wp\/v2\/posts\/1974\/revisions"}],"predecessor-version":[{"id":1978,"href":"https:\/\/thetrial.org\/es\/wp-json\/wp\/v2\/posts\/1974\/revisions\/1978"}],"wp:featuredmedia":[{"embeddable":true,"href":"https:\/\/thetrial.org\/es\/wp-json\/wp\/v2\/media\/1872"}],"wp:attachment":[{"href":"https:\/\/thetrial.org\/es\/wp-json\/wp\/v2\/media?parent=1974"}],"wp:term":[{"taxonomy":"category","embeddable":true,"href":"https:\/\/thetrial.org\/es\/wp-json\/wp\/v2\/categories?post=1974"},{"taxonomy":"post_tag","embeddable":true,"href":"https:\/\/thetrial.org\/es\/wp-json\/wp\/v2\/tags?post=1974"}],"curies":[{"name":"wp","href":"https:\/\/api.w.org\/{rel}","templated":true}]}}