{"id":2107,"date":"2024-09-19T09:43:03","date_gmt":"2024-09-19T07:43:03","guid":{"rendered":"https:\/\/thetrial.org\/?p=2107"},"modified":"2024-09-19T10:29:00","modified_gmt":"2024-09-19T08:29:00","slug":"un-general-assembly-passes-resolution-calling-for-jerusalem-old-city-to-be-jew-free","status":"publish","type":"post","link":"https:\/\/thetrial.org\/es\/un-general-assembly-passes-resolution-calling-for-jerusalem-old-city-to-be-jew-free\/","title":{"rendered":"La Asamblea General de la ONU aprueba una resoluci\u00f3n que pide que la Ciudad Vieja de Jerusal\u00e9n est\u00e9 libre de jud\u00edos"},"content":{"rendered":"<div>\n<div class=\"WordSection1\">\n<h5><span lang=\"EN-GB\">La resoluci\u00f3n presentada por los palestinos fue aprobada por amplio margen, exigiendo que el ej\u00e9rcito israel\u00ed y los residentes jud\u00edos evacuen a la l\u00ednea anterior a 1949 en el plazo de un a\u00f1o. <\/span><\/h5>\n<p class=\"MsoNormal\"><a title=\"Mike Wagenheim\" href=\"https:\/\/www.jns.org\/writers\/mike-wagenheim\/\">Mike Wagenheim<\/a><\/p>\n<p class=\"MsoNormal\"><img loading=\"lazy\" decoding=\"async\" id=\"Afbeelding_x0020_4\" style=\"width: 6.4583in; height: 4.302in;\" src=\"https:\/\/thetrial.org\/wp-content\/uploads\/image001-10.jpg\" alt=\"U.N. Secretary-General Ant\u00f3nio Guterres briefs reporters ahead of the opening of the 79th high-level session of the U.N. General Assembly and the Summit of the Future on Sept. 18, 2024. Credit: Mark Garten\/U.N. Photo.\" width=\"620\" height=\"413\" border=\"0\" \/><\/p>\n<pre class=\"MsoNormal\"><span lang=\"EN-GB\">El Secretario General de la ONU, Ant\u00f3nio Guterres, informa a los periodistas antes de la apertura de la 79\u00aa sesi\u00f3n de alto nivel de la Asamblea General de la ONU y la Cumbre del Futuro el 18 de septiembre de 2024. <\/span>Cr\u00e9dito: Mark Garten\/U.N. Photo.<\/pre>\n<p class=\"MsoNormal\">(18 de septiembre de 2024 \/ JNS)<\/p>\n<p class=\"wp-block-paragraph\"><span lang=\"EN-GB\">La Ciudad Vieja de Jerusal\u00e9n, adem\u00e1s de Judea y Samaria, debe ser <em><span style=\"font-family: 'Calibri',sans-serif;\">Judenrein<\/span><\/em> en el plazo de un a\u00f1o, seg\u00fan una resoluci\u00f3n redactada por los palestinos, que la Asamblea General de la ONU aprob\u00f3 el mi\u00e9rcoles.<\/span><\/p>\n<p class=\"wp-block-paragraph\"><span lang=\"EN-GB\">La resoluci\u00f3n, aprobada por 124 votos a favor, 14 en contra y 43 abstenciones, pretende dar fuerza a una opini\u00f3n consultiva emitida en julio por el Tribunal Internacional de Justicia, que declar\u00f3 ilegal la presencia israel\u00ed en cualquier zona situada por encima de la l\u00ednea del armisticio de 1949.<\/span><\/p>\n<p class=\"wp-block-paragraph\"><span lang=\"EN-GB\">M\u00e1s de 40 pa\u00edses patrocinaron la resoluci\u00f3n, la primera que presentaban los palestinos despu\u00e9s de que a principios de este a\u00f1o se les concedieran privilegios sin precedentes, para un pa\u00eds que no es miembro de la ONU.<\/span><\/p>\n<p class=\"wp-block-paragraph\"><span lang=\"EN-GB\">La resoluci\u00f3n pide a las Fuerzas de Defensa de Israel que se retiren completamente de Judea y Samaria, Jerusal\u00e9n oriental y la Franja de Gaza en un plazo de 12 meses, lo que significa evacuar todas las comunidades jud\u00edas m\u00e1s all\u00e1 de la l\u00ednea de armisticio, incluida la Ciudad Vieja de Jerusal\u00e9n.<\/span><\/p>\n<p class=\"wp-block-paragraph\"><span lang=\"EN-GB\">Tambi\u00e9n proh\u00edbe la venta de armas a las IDF de cualquier equipo que razonablemente pueda utilizarse en el territorio por encima de las l\u00edneas de 1949 y llama al boicot de todos los productos fabricados por jud\u00edos en esas zonas.<\/span><\/p>\n<p class=\"wp-block-paragraph\"><span lang=\"EN-GB\">La resoluci\u00f3n <\/span><a href=\"https:\/\/documents.un.org\/doc\/undoc\/ltd\/n24\/266\/48\/pdf\/n2426648.pdf\" target=\"_blank\" rel=\"noopener\"><span lang=\"EN-GB\">texto<\/span><\/a><span lang=\"EN-GB\"> carece de toda menci\u00f3n a las preocupaciones israel\u00edes en materia de seguridad, a los lazos hist\u00f3ricos con estas tierras o a los atentados terroristas perpetrados por Ham\u00e1s en Israel el 7 de octubre.<\/span><\/p>\n<p class=\"wp-block-paragraph\"><span lang=\"EN-GB\">La votaci\u00f3n se produjo tras una jornada de debate el martes.\u00a0<\/span><\/p>\n<p class=\"wp-block-paragraph\"><span lang=\"EN-GB\">Argentina, Rep\u00fablica Checa, Fiyi, Hungr\u00eda, Malawi, Micronesia, Nauru, Palaos, Pap\u00faa Nueva Guinea, Paraguay, Tonga, Tuvalu y Estados Unidos se unieron a Israel en su oposici\u00f3n a la resoluci\u00f3n.<\/span><\/p>\n<p class=\"wp-block-paragraph\"><span lang=\"EN-GB\">Alemania, Reino Unido, Canad\u00e1, Italia, Ucrania y Australia fueron algunos de los pa\u00edses que se abstuvieron.<\/span><\/p>\n<p class=\"wp-block-paragraph\"><span lang=\"EN-GB\">Las resoluciones de la Asamblea General no tienen fuerza legal, pero se espera que la aprobaci\u00f3n de la resoluci\u00f3n el mi\u00e9rcoles se utilice en los tribunales internacionales y otros foros para solicitar medidas adicionales contra el Estado jud\u00edo.<\/span><\/p>\n<p class=\"wp-block-paragraph\"><span lang=\"EN-GB\">Se espera que los palestinos soliciten que el Consejo de Seguridad de la ONU se ocupe de la cuesti\u00f3n. Las resoluciones del Consejo de Seguridad son vinculantes, pero cabe esperar que Estados Unidos frustre tal iniciativa, incluso con su poder de veto.<\/span><\/p>\n<pre class=\"MsoNormal\"><img loading=\"lazy\" decoding=\"async\" id=\"Afbeelding_x0020_3\" style=\"width: 12.5in; height: 8.3333in;\" src=\"https:\/\/thetrial.org\/wp-content\/uploads\/image002-5.jpg\" alt=\"Danny Danon\" width=\"1200\" height=\"800\" border=\"0\" \/><span lang=\"EN-GB\">Danny Danon, embajador israel\u00ed ante las Naciones Unidas, se dirige a la reanudaci\u00f3n de la 10\u00aa Sesi\u00f3n Especial de Emergencia de la Asamblea General sobre \"Acciones ilegales israel\u00edes en la Jerusal\u00e9n Oriental ocupada y el resto del Territorio Palestino Ocupado\" el 17 de septiembre de 2024. Cr\u00e9dito: Eskinder Debebe\/Foto ONU. <\/span><\/pre>\n<p class=\"wp-block-paragraph\"><strong><span lang=\"EN-GB\" style=\"font-family: 'Calibri',sans-serif;\">M\u00e1s le\u00f1a al fuego del antisemitismo mundial<\/span><\/strong><\/p>\n<p class=\"wp-block-paragraph\"><span lang=\"EN-GB\">Danny Danon, embajador de Israel ante las Naciones Unidas, la calific\u00f3 de \"decisi\u00f3n vergonzosa que respalda el terrorismo diplom\u00e1tico de la Autoridad Palestina\".<\/span><\/p>\n<p class=\"wp-block-paragraph\"><span lang=\"EN-GB\">A\u00f1adi\u00f3 que la Asamblea General \"sigue bailando al son de la m\u00fasica de la Autoridad Palestina, que respalda a los asesinos de Ham\u00e1s\".<\/span><\/p>\n<p class=\"wp-block-paragraph\"><span lang=\"EN-GB\">Antes de la votaci\u00f3n, el Secretario General de la ONU, Ant\u00f3nio Guterres, dijo a los periodistas que apoyar\u00eda la aplicaci\u00f3n de la resoluci\u00f3n en caso de que fuera aprobada.<\/span><\/p>\n<p class=\"wp-block-paragraph\"><span lang=\"EN-GB\">Seth Riklin y Daniel Mariaschin, presidente y director general, respectivamente, de B'nai B'rith International, afirmaron que la organizaci\u00f3n internacional sin \u00e1nimo de lucro est\u00e1 \"consternada\" por la \"atroz\" resoluci\u00f3n.<\/span><\/p>\n<p class=\"wp-block-paragraph\"><span lang=\"EN-GB\">\"B'nai B'rith Internacional condena en\u00e9rgicamente la aprobaci\u00f3n por parte de la Asamblea General de la ONU de la primera resoluci\u00f3n patrocinada oficialmente por los palestinos, d\u00edas despu\u00e9s de que se convirtieran en el primer grupo de Estados no miembros con mayores privilegios que los Estados miembros en la Asamblea General de la ONU, a pesar de las propias normas y pr\u00e1cticas del organismo mundial\", afirmaron.<\/span><\/p>\n<p class=\"wp-block-paragraph\"><span lang=\"EN-GB\">\"Viniendo de una asamblea en la que los gobiernos \u00e1rabes y otros gobiernos propalestinos ejercen una mayor\u00eda autom\u00e1tica para condenar anualmente a Israel m\u00e1s que todos los dem\u00e1s pa\u00edses juntos, la moci\u00f3n no tiene precedentes en su descarado apoyo unilateral a las reivindicaciones y demandas pol\u00edticas palestinas, y erosiona a\u00fan m\u00e1s la credibilidad de la ONU como contribuyente serio a la promoci\u00f3n de la resoluci\u00f3n de conflictos y los derechos humanos universales\", a\u00f1adieron.<\/span><\/p>\n<p class=\"wp-block-paragraph\"><span lang=\"EN-GB\">\"Verg\u00fcenza deber\u00eda dar a todos los pa\u00edses que han permitido esta atroz afrenta a la justicia y la paz en el marco de la \u00faltima \"sesi\u00f3n de emergencia\" de la AGNU sobre Oriente Medio, que no contribuye en nada a abordar y resolver seriamente la emergencia\", afirmaron Riklin y Mariaschin.<\/span><\/p>\n<p class=\"wp-block-paragraph\"><span lang=\"EN-GB\">La Conferencia de Presidentes de las Principales Organizaciones Jud\u00edas Estadounidenses conden\u00f3 en\u00e9rgicamente la \"tendenciosa y peligrosa\" resoluci\u00f3n, seg\u00fan declararon Harriet Schleifer y William Daroff, presidenta y director ejecutivo respectivamente. La calificaron de \"\u00faltima salva de una obsesiva campa\u00f1a de d\u00e9cadas contra Israel\".<\/span><\/p>\n<p class=\"wp-block-paragraph\"><span lang=\"EN-GB\">\"Intentar aislar a Israel de esta manera es, sin duda, una amenaza para su seguridad nacional, ya que se enfrenta a amenazas terroristas por todas partes, y una ofensa a su condici\u00f3n de \u00fanica democracia en Oriente Medio, por lo que no puede ser aceptada por la comunidad internacional\", a\u00f1adieron.<\/span><\/p>\n<p class=\"wp-block-paragraph\"><span lang=\"EN-GB\">Arsen Ostrovsky y Nadav Steinman, director general y presidente de la junta directiva, respectivamente, del Foro Jur\u00eddico Internacional, declararon que \"hoy, sencillamente, las Naciones Unidas se han convertido en el brazo diplom\u00e1tico de Ham\u00e1s\" y que la resoluci\u00f3n \"es s\u00f3lo la \u00faltima de una letan\u00eda de resoluciones obscenamente unilaterales contra Israel en la ONU desde el 7 de octubre\".\u00a0<\/span><\/p>\n<p class=\"wp-block-paragraph\"><span lang=\"EN-GB\">\"Todo lo que hace es recompensar a los asesinos, violadores y secuestradores de Ham\u00e1s, al tiempo que echa m\u00e1s le\u00f1a al fuego del antisemitismo mundial y erosiona la credibilidad que le queda a la ya problem\u00e1tica y politizada Corte Internacional de Justicia, en la que se pretende basar esta resoluci\u00f3n\", a\u00f1adieron. En \u00faltima instancia, la paz s\u00f3lo prevalecer\u00e1 cuando se derrote a Ham\u00e1s y se libere a los rehenes, no a trav\u00e9s de tediosas payasadas y p\u00edrricas \"victorias\" palestinas en la ONU\".<\/span><\/p>\n<p class=\"MsoNormal\"><span lang=\"EN-GB\">\u00a0<\/span><\/p>\n<\/div>\n<div id=\"DAB4FAD8-2DD7-40BB-A1B8-4E2AA1F9FDF2\">\n<table style=\"border-top: 1px solid #D3D4DE;\">\n<tbody>\n<tr>\n<td style=\"width: 55px; padding-top: 13px;\"><a href=\"http:\/\/www.avg.com\/email-signature?utm_medium=email&amp;utm_source=link&amp;utm_campaign=sig-email&amp;utm_content=emailclient\" target=\"_blank\" rel=\"noopener\"><img loading=\"lazy\" decoding=\"async\" style=\"width: 46px; height: 29px;\" src=\"https:\/\/s-install.avcdn.net\/ipm\/preview\/icons\/icon-envelope-tick-green-avg-v1.png\" alt=\"\" width=\"46\" height=\"29\" \/><\/a><\/td>\n<td style=\"width: 470px; padding-top: 12px; color: #41424e; font-size: 13px; font-family: Arial, Helvetica, sans-serif; line-height: 18px;\">Libre de virus.<a style=\"color: #4453ea;\" href=\"http:\/\/www.avg.com\/email-signature?utm_medium=email&amp;utm_source=link&amp;utm_campaign=sig-email&amp;utm_content=emailclient\" target=\"_blank\" rel=\"noopener\">www.avg.com<\/a><\/td>\n<\/tr>\n<\/tbody>\n<\/table>\n<\/div>\n<\/div>","protected":false},"excerpt":{"rendered":"<p>The Palestinian-fronted resolution passed by wide margin, demanding that the Israeli army and Jewish residents evacuate to pre-1949 line within a year. Mike Wagenheim U.N. Secretary-General Ant\u00f3nio Guterres briefs reporters ahead of the opening of the 79th high-level session of the U.N. General Assembly and the Summit of the Future on Sept. 18, 2024. Credit: [&hellip;]<\/p>\n","protected":false},"author":7,"featured_media":2108,"comment_status":"closed","ping_status":"closed","sticky":false,"template":"","format":"standard","meta":{"_acf_changed":false,"footnotes":""},"categories":[20],"tags":[84,50,88,90,82,68],"class_list":["post-2107","post","type-post","status-publish","format-standard","has-post-thumbnail","hentry","category-news","tag-general-assembly","tag-icj-advisory-opinion","tag-jerusalem","tag-jew-free","tag-new-york","tag-palestinian-state"],"acf":[],"_links":{"self":[{"href":"https:\/\/thetrial.org\/es\/wp-json\/wp\/v2\/posts\/2107","targetHints":{"allow":["GET"]}}],"collection":[{"href":"https:\/\/thetrial.org\/es\/wp-json\/wp\/v2\/posts"}],"about":[{"href":"https:\/\/thetrial.org\/es\/wp-json\/wp\/v2\/types\/post"}],"author":[{"embeddable":true,"href":"https:\/\/thetrial.org\/es\/wp-json\/wp\/v2\/users\/7"}],"replies":[{"embeddable":true,"href":"https:\/\/thetrial.org\/es\/wp-json\/wp\/v2\/comments?post=2107"}],"version-history":[{"count":1,"href":"https:\/\/thetrial.org\/es\/wp-json\/wp\/v2\/posts\/2107\/revisions"}],"predecessor-version":[{"id":2111,"href":"https:\/\/thetrial.org\/es\/wp-json\/wp\/v2\/posts\/2107\/revisions\/2111"}],"wp:featuredmedia":[{"embeddable":true,"href":"https:\/\/thetrial.org\/es\/wp-json\/wp\/v2\/media\/2108"}],"wp:attachment":[{"href":"https:\/\/thetrial.org\/es\/wp-json\/wp\/v2\/media?parent=2107"}],"wp:term":[{"taxonomy":"category","embeddable":true,"href":"https:\/\/thetrial.org\/es\/wp-json\/wp\/v2\/categories?post=2107"},{"taxonomy":"post_tag","embeddable":true,"href":"https:\/\/thetrial.org\/es\/wp-json\/wp\/v2\/tags?post=2107"}],"curies":[{"name":"wp","href":"https:\/\/api.w.org\/{rel}","templated":true}]}}