{"id":2350,"date":"2026-03-12T16:21:55","date_gmt":"2026-03-12T15:21:55","guid":{"rendered":"https:\/\/thetrial.org\/?p=2350"},"modified":"2026-03-12T16:30:32","modified_gmt":"2026-03-12T15:30:32","slug":"first-jewish-homes-built-on-mount-ebal-following-govt-approval","status":"publish","type":"post","link":"https:\/\/thetrial.org\/es\/first-jewish-homes-built-on-mount-ebal-following-govt-approval\/","title":{"rendered":"Primeras viviendas jud\u00edas construidas en el monte Ebal tras la aprobaci\u00f3n del Gobierno"},"content":{"rendered":"<div>\n<div class=\"WordSection1\">\n<h2>\u201cEsta ma\u00f1ana, tenemos el privilegio de sentir el batir de las alas de la historia\u201d, declar\u00f3 el jefe del Consejo Regional de Samaria, Yossi Dagan.<\/h2>\n<p class=\"MsoNormal\"><a title=\"Personal de JNS\" href=\"https:\/\/www.jns.org\/writers\/jns-staff\/\">Personal de JNS<\/a><\/p>\n<p class=\"MsoNormal\"><img loading=\"lazy\" decoding=\"async\" id=\"Afbeelding_x0020_3\" style=\"width: 6.4666in; height: 4.3in;\" src=\"https:\/\/thetrial.org\/wp-content\/uploads\/image001-22.jpg\" alt=\"Samaria Regional Council head Yossi Dagan and Samaria Chief Rabbi Elyakim Levanon at the new community of Mount Ebal, March 11, 2026. Credit: Samaria Regional Council.\" width=\"621\" height=\"413\" border=\"0\" \/><\/p>\n<p class=\"MsoNormal\">El jefe del Consejo Regional de Samaria, Yossi Dagan, y el rabino jefe de Samaria, Elyakim Levanon, en la nueva comunidad del Monte Ebal, el 11 de marzo de 2026. Cr\u00e9dito: Consejo Regional de Samaria.<\/p>\n<p class=\"MsoNormal\">\n<p class=\"MsoNormal\"><span class=\"light-weight-content\">(<\/span>11 de marzo de 2026 \/ <span class=\"light-weight-content\">JNS)<\/span><\/p>\n<p class=\"wp-block-paragraph\">El Consejo Regional de Samaria erigi\u00f3 el mi\u00e9rcoles por la ma\u00f1ana las primeras estructuras residenciales en el monte Ebal, unos 10 meses despu\u00e9s de que el Gabinete de Israel <a href=\"https:\/\/www.jns.org\/israel-approves-22-new-judea-and-samaria-towns-in-dramatic-secret-vote\/\">aprobado<\/a> el establecimiento de una nueva comunidad en el lugar.<\/p>\n<p class=\"wp-block-paragraph\">El jefe del Consejo Regional de Samaria, Yossi Dagan, junto con el movimiento de asentamiento de Amana, trabajaron durante la noche para establecer la aldea tras recibir la autorizaci\u00f3n formal del Ministerio del Interior. <a href=\"https:\/\/www.jns.org\/edit-fri-israel-legalizes-five-new-jewish-communities-in-samaria-jordan-valley\/\">aprobaci\u00f3n<\/a> el mes pasado, dijo Dagan.<\/p>\n<p class=\"wp-block-paragraph\">\u201cEsta ma\u00f1ana, tenemos el privilegio de sentir batir las alas de la historia\u201d, dijo. \u201cHacer historia juntos aqu\u00ed estableciendo una nueva comunidad esta ma\u00f1ana en las alturas del monte Ebal, junto al lugar donde Josu\u00e9 construy\u00f3 un altar y donde el pueblo de Israel se convirti\u00f3 en una naci\u00f3n\u201d.\u201d<\/p>\n<p class=\"wp-block-paragraph\">\u201cNo estamos aqu\u00ed como individuos particulares\u201d, continu\u00f3 Dagan. \u201cEstamos aqu\u00ed en nombre de todo el pueblo a trav\u00e9s de las generaciones: desde la historia de esta generaci\u00f3n hasta el pueblo de Israel en el futuro\u201d.\u201d<\/p>\n<p class=\"wp-block-paragraph\">\u201cEsta Tierra estuvo vac\u00eda, esperando a sus constructores -al pueblo de Israel- durante tantos a\u00f1os\u201d, a\u00f1adi\u00f3 el jefe del consejo regional.<\/p>\n<p class=\"wp-block-paragraph\">El establecimiento de la aldea cerca del lugar identificado con el Altar de Josu\u00e9 se produce en respuesta a los intentos de la Autoridad Palestina de da\u00f1ar y destruir el patrimonio jud\u00edo, se\u00f1al\u00f3 Dagan.<\/p>\n<p class=\"wp-block-paragraph\">Se espera que los primeros residentes del Monte Ebal establezcan una yeshiv\u00e1 agr\u00edcola, como rama de la yeshiv\u00e1 Alon Moreh hesder, tras lo cual se espera que otras familias se unan como fundadoras de la ciudad.<\/p>\n<p class=\"wp-block-paragraph\">Dagan y Samaria El rabino Elyakim Levanon recit\u00f3 el mi\u00e9rcoles la bendici\u00f3n \u201c<em><span style=\"font-family: 'Calibri',sans-serif;\">Matziv Gvul Almanah<\/span><\/em>\u201d (\u201cQuien establece el l\u00edmite de la viuda\u201d), que se utiliza tradicionalmente cuando se asienta la Tierra de Israel.<\/p>\n<p class=\"wp-block-paragraph\">\u201cHoy es un gran d\u00eda para el pueblo de Israel\u201d, dijo Levanon. \u201cAqu\u00ed estamos, continuando el camino de nuestro antepasado Abraham... Han pasado miles de a\u00f1os desde entonces y, gracias a Dios, continuamos su camino\u201d.\u201d<\/p>\n<p class=\"wp-block-paragraph\">\u201cCon la ayuda de Dios, al igual que fue la base del pueblo de Israel, este lugar se convertir\u00e1 en la base de muchas m\u00e1s comunidades: un gran renacimiento del pueblo de Israel, una gran salvaci\u00f3n, y que pronto veamos la redenci\u00f3n completa en nuestros d\u00edas\u201d, a\u00f1adi\u00f3 el rabino jefe de Samaria.<\/p>\n<p class=\"wp-block-paragraph\">En mayo de 2025, el Gabinete de Seguridad israel\u00ed aprob\u00f3 22 nuevas comunidades jud\u00edas en Judea y Samaria, incluido el monte Ebal.<\/p>\n<p class=\"wp-block-paragraph\">Algunas de las comunidades legalizadas eran puestos de avanzada existentes que hasta entonces no hab\u00edan sido autorizados por la legislaci\u00f3n israel\u00ed, mientras que otras eran ciudades nuevas.<\/p>\n<p class=\"MsoNormal\">\n<p class=\"MsoNormal\">\n<\/div>\n<\/div>","protected":false},"excerpt":{"rendered":"<p>&#8220;This morning, we&#8217;re privileged to feel the wings of history beating,&#8221; said Samaria Regional Council head Yossi Dagan. JNS Staff Samaria Regional Council head Yossi Dagan and Samaria Chief Rabbi Elyakim Levanon at the new community of Mount Ebal, March 11, 2026. Credit: Samaria Regional Council. (March 11, 2026 \/ JNS) The Samaria Regional Council [&hellip;]<\/p>\n","protected":false},"author":7,"featured_media":2351,"comment_status":"closed","ping_status":"closed","sticky":false,"template":"","format":"standard","meta":{"_acf_changed":false,"footnotes":""},"categories":[20],"tags":[112,78,79,99],"class_list":["post-2350","post","type-post","status-publish","format-standard","has-post-thumbnail","hentry","category-news","tag-international-law","tag-samaria","tag-settlements","tag-westbank"],"acf":[],"_links":{"self":[{"href":"https:\/\/thetrial.org\/es\/wp-json\/wp\/v2\/posts\/2350","targetHints":{"allow":["GET"]}}],"collection":[{"href":"https:\/\/thetrial.org\/es\/wp-json\/wp\/v2\/posts"}],"about":[{"href":"https:\/\/thetrial.org\/es\/wp-json\/wp\/v2\/types\/post"}],"author":[{"embeddable":true,"href":"https:\/\/thetrial.org\/es\/wp-json\/wp\/v2\/users\/7"}],"replies":[{"embeddable":true,"href":"https:\/\/thetrial.org\/es\/wp-json\/wp\/v2\/comments?post=2350"}],"version-history":[{"count":1,"href":"https:\/\/thetrial.org\/es\/wp-json\/wp\/v2\/posts\/2350\/revisions"}],"predecessor-version":[{"id":2352,"href":"https:\/\/thetrial.org\/es\/wp-json\/wp\/v2\/posts\/2350\/revisions\/2352"}],"wp:featuredmedia":[{"embeddable":true,"href":"https:\/\/thetrial.org\/es\/wp-json\/wp\/v2\/media\/2351"}],"wp:attachment":[{"href":"https:\/\/thetrial.org\/es\/wp-json\/wp\/v2\/media?parent=2350"}],"wp:term":[{"taxonomy":"category","embeddable":true,"href":"https:\/\/thetrial.org\/es\/wp-json\/wp\/v2\/categories?post=2350"},{"taxonomy":"post_tag","embeddable":true,"href":"https:\/\/thetrial.org\/es\/wp-json\/wp\/v2\/tags?post=2350"}],"curies":[{"name":"wp","href":"https:\/\/api.w.org\/{rel}","templated":true}]}}