{"id":1492,"date":"2024-07-17T09:55:35","date_gmt":"2024-07-17T07:55:35","guid":{"rendered":"https:\/\/thetrial.org\/?p=1492"},"modified":"2024-08-16T14:16:10","modified_gmt":"2024-08-16T12:16:10","slug":"icj-to-issue-opinion-on-judea-samaria-occupation-on-friday-19th-july","status":"publish","type":"post","link":"https:\/\/thetrial.org\/fr\/icj-to-issue-opinion-on-judea-samaria-occupation-on-friday-19th-july\/","title":{"rendered":"La CIJ rendra son avis sur \u00ab l&#039;occupation \u00bb de la Jud\u00e9e et de la Samarie le vendredi 19 juillet"},"content":{"rendered":"<div>\n<div class=\"WordSection1\">\n<h4>La CIJ rendra vendredi son avis sur \u00ab l&#039;occupation \u00bb de la Jud\u00e9e et de la Samarie<\/h4>\n<h6>De hauts responsables du gouvernement estiment que le tribunal de l\u2019ONU conclura qu\u2019Isra\u00ebl viole le droit international.<\/h6>\n<p class=\"MsoNormal\"><img loading=\"lazy\" decoding=\"async\" id=\"Afbeelding_x0020_3\" style=\"width: 6.4666in; height: 4.3083in;\" src=\"https:\/\/thetrial.org\/wp-content\/uploads\/image001.jpg\" alt=\"Palestinian Authority diplomat Riyad al-Maliki and members of his delegation at the International Court of Justice in The Hague, Feb. 19, 2024. Photo by Robin van Lonkhuijsen\/ANP\/AFP via Getty Images.\" width=\"621\" height=\"414\" \/><\/p>\n<p class=\"MsoNormal\">Le diplomate de l&#039;Autorit\u00e9 palestinienne Riyad al-Maliki et les membres de sa d\u00e9l\u00e9gation \u00e0 la Cour internationale de justice de La Haye, le 19 f\u00e9vrier 2024. Photo de Robin van Lonkhuijsen\/ANP\/AFP via Getty Images.<\/p>\n<p class=\"wp-block-paragraph\">La Cour internationale de justice de La Haye doit se prononcer vendredi sur la question de savoir si elle consid\u00e8re la pr\u00e9sence militaire et civile d&#039;Isra\u00ebl \u00e0 J\u00e9rusalem-Est, en Jud\u00e9e et en Samarie comme une menace pour la s\u00e9curit\u00e9 de l&#039;\u00c9tat h\u00e9breu.\u00a0<a href=\"https:\/\/www.jns.org\/un-court-opens-hearings-on-israels-ongoing-occupation\/\">\u00ab occupation \u00bb ill\u00e9gale<\/a>\u00a0En vertu du droit international, a annonc\u00e9 l&#039;organe judiciaire des Nations Unies.<\/p>\n<p class=\"wp-block-paragraph\">Le juge Nawaf Salam, ancien diplomate libanais qui pr\u00e9side la Cour internationale de Justice, lira l&#039;avis consultatif non contraignant \u00e0 15 heures, heure locale, a annonc\u00e9 la CIJ plus t\u00f4t cette semaine.<\/p>\n<p class=\"wp-block-paragraph\">Les audiences ont eu lieu \u00e0\u00a0<a href=\"https:\/\/www.jns.org\/south-africa-israel-practices-more-extreme-form-of-apartheid\/\">F\u00e9vrier<\/a>\u00a0suite \u00e0 une demande de l\u2019Assembl\u00e9e g\u00e9n\u00e9rale des Nations Unies conform\u00e9ment \u00e0 une r\u00e9solution de 2022 appelant \u00e0 une enqu\u00eate sur les \u00ab cons\u00e9quences juridiques d\u00e9coulant des politiques et pratiques d\u2019Isra\u00ebl dans le territoire palestinien occup\u00e9, y compris J\u00e9rusalem-Est \u00bb.<\/p>\n<p class=\"wp-block-paragraph\">Isra\u00ebl a choisi de ne pas envoyer de repr\u00e9sentant, affirmant que l&#039;organe judiciaire\u00a0<a href=\"https:\/\/www.jns.org\/jlem-rejects-world-courts-authority-in-second-anti-israel-case\/\">manque de comp\u00e9tence<\/a>\u00a0et ces proc\u00e9dures faisaient partie d\u2019une \u00ab tentative palestinienne de dicter les r\u00e9sultats du r\u00e8glement diplomatique sans n\u00e9gociations \u00bb.<\/p>\n<p class=\"wp-block-paragraph\">De hauts responsables du gouvernement estiment que la CIJ conclura qu&#039;Isra\u00ebl viole le droit international en Jud\u00e9e-Samarie. Les minist\u00e8res isra\u00e9liens des Affaires \u00e9trang\u00e8res et de la Justice craignent que l&#039;avis de la CIJ ne d\u00e9clenche une nouvelle vague de violences. <a href=\"https:\/\/www.jns.org\/eu-sanctions-eight-israelis-entities-over-judea-and-samaria-abuses\/\">sanctions<\/a> contre les Isra\u00e9liens.<\/p>\n<p class=\"wp-block-paragraph\">J\u00e9rusalem craint \u00e9galement que le tribunal fasse appel \u00e0 la\u00a0<a href=\"https:\/\/www.jns.org\/icc-warrants-against-netanyahu-gallant-expected-within-2-weeks\/\">Cour p\u00e9nale internationale<\/a>\u00a0d\u2019engager des poursuites p\u00e9nales contre les hauts fonctionnaires charg\u00e9s de l\u2019administration de la Jud\u00e9e et de la Samarie.<\/p>\n<p class=\"wp-block-paragraph\">Shurat HaDin, le centre juridique isra\u00e9lien, a pr\u00e9venu mercredi que le tribunal d\u00e9ciderait probablement que les nombreuses communaut\u00e9s civiles isra\u00e9liennes en Jud\u00e9e et en Samarie sont \u00ab ill\u00e9gales et doivent \u00eatre d\u00e9mantel\u00e9es imm\u00e9diatement \u00bb.<\/p>\n<p class=\"wp-block-paragraph\">Le groupe a not\u00e9 que la publication de l&#039;avis juridique, qui devrait intervenir cinq jours avant la nomination du Premier ministre,\u00a0<a href=\"https:\/\/www.jns.org\/rescued-hostage-noa-argamani-to-fly-with-netanyahu-to-dc\/\">Benjamin Netanyahou<\/a> s\u2019adresse au Congr\u00e8s am\u00e9ricain, \u00ab fournirait un renforcement et une l\u00e9gitimit\u00e9 suppl\u00e9mentaires \u00e0 ceux qui cherchent \u00e0 nuire \u00e0 Isra\u00ebl et \u00e0 le boycotter \u00bb.<\/p>\n<p class=\"wp-block-paragraph\">\u00ab C&#039;est un coup de pouce majeur pour le mouvement de haine BDS. De plus, l&#039;ONU va proposer des sanctions dangereuses et des mesures punitives contre Isra\u00ebl, ce qui obligera les \u00c9tats-Unis \u00e0 y opposer leur veto \u00bb, a d\u00e9clar\u00e9 l&#039;ONG juridique.<\/p>\n<p class=\"MsoNormal\"><\/div>\n<\/div>","protected":false},"excerpt":{"rendered":"<p>ICJ to issue opinion on Judea, Samaria &#8216;occupation&#8217; on Friday Senior government officials believe the UN court will conclude that Israel is violating international law. Palestinian Authority diplomat Riyad al-Maliki and members of his delegation at the International Court of Justice in The Hague, Feb. 19, 2024. Photo by Robin van Lonkhuijsen\/ANP\/AFP via Getty Images. [&hellip;]<\/p>\n","protected":false},"author":7,"featured_media":1493,"comment_status":"closed","ping_status":"closed","sticky":false,"template":"","format":"standard","meta":{"_acf_changed":false,"footnotes":""},"categories":[20],"tags":[61,21,22],"class_list":["post-1492","post","type-post","status-publish","format-standard","has-post-thumbnail","hentry","category-news","tag-advisory-opinion","tag-international-court-of-justice","tag-the-hague"],"acf":[],"_links":{"self":[{"href":"https:\/\/thetrial.org\/fr\/wp-json\/wp\/v2\/posts\/1492","targetHints":{"allow":["GET"]}}],"collection":[{"href":"https:\/\/thetrial.org\/fr\/wp-json\/wp\/v2\/posts"}],"about":[{"href":"https:\/\/thetrial.org\/fr\/wp-json\/wp\/v2\/types\/post"}],"author":[{"embeddable":true,"href":"https:\/\/thetrial.org\/fr\/wp-json\/wp\/v2\/users\/7"}],"replies":[{"embeddable":true,"href":"https:\/\/thetrial.org\/fr\/wp-json\/wp\/v2\/comments?post=1492"}],"version-history":[{"count":2,"href":"https:\/\/thetrial.org\/fr\/wp-json\/wp\/v2\/posts\/1492\/revisions"}],"predecessor-version":[{"id":1575,"href":"https:\/\/thetrial.org\/fr\/wp-json\/wp\/v2\/posts\/1492\/revisions\/1575"}],"wp:featuredmedia":[{"embeddable":true,"href":"https:\/\/thetrial.org\/fr\/wp-json\/wp\/v2\/media\/1493"}],"wp:attachment":[{"href":"https:\/\/thetrial.org\/fr\/wp-json\/wp\/v2\/media?parent=1492"}],"wp:term":[{"taxonomy":"category","embeddable":true,"href":"https:\/\/thetrial.org\/fr\/wp-json\/wp\/v2\/categories?post=1492"},{"taxonomy":"post_tag","embeddable":true,"href":"https:\/\/thetrial.org\/fr\/wp-json\/wp\/v2\/tags?post=1492"}],"curies":[{"name":"wp","href":"https:\/\/api.w.org\/{rel}","templated":true}]}}