{"id":1501,"date":"2024-08-12T10:06:17","date_gmt":"2024-08-12T08:06:17","guid":{"rendered":"https:\/\/thetrial.org\/?p=1501"},"modified":"2024-08-15T10:15:26","modified_gmt":"2024-08-15T08:15:26","slug":"the-archbishop-of-canterbury-gets-israel-wrong","status":"publish","type":"post","link":"https:\/\/thetrial.org\/fr\/the-archbishop-of-canterbury-gets-israel-wrong\/","title":{"rendered":"L&#039;archev\u00eaque de Canterbury se trompe sur Isra\u00ebl"},"content":{"rendered":"<div>\n<div class=\"WordSection1\">\n<h5>Ignorer les actions brutales du Hamas tout en condamnant Isra\u00ebl de mani\u00e8re s\u00e9lective enhardit ceux qui perp\u00e9tuent la terreur et la violence.<\/h5>\n<p class=\"MsoNormal\"><img loading=\"lazy\" decoding=\"async\" id=\"Afbeelding_x0020_7\" style=\"width: 6.4666in; height: 4.3083in;\" src=\"https:\/\/thetrial.org\/wp-content\/uploads\/image001-2.jpg\" alt=\"Archbishop of Canterbury Justin Welby speaks during the celebration of the second vespers on the occasion of the solemnity of the conversion of St. Paul led by Pope Francis at St Paul's Basilica in Rome on Jan. 25, 2024. Photo by Alessandra Benedetti\/Corbis via Getty Images.\" width=\"621\" height=\"414\" \/><\/p>\n<p class=\"MsoNormal\">L'archev\u00eaque de Canterbury Justin Welby parle pendant la c\u00e9l\u00e9bration des deuxi\u00e8mes v\u00eapres \u00e0 l'occasion de la solennit\u00e9 de la conversion de saint Paul dirig\u00e9e par le pape Fran\u00e7ois \u00e0 la basilique Saint-Paul \u00e0 Rome, le 25 janvier 2024. Photo par Alessandra Benedetti\/Corbis via Getty Images.<\/p>\n<p class=\"MsoNormal\"><a title=\"\" href=\"https:\/\/www.jns.org\/writers\/luke-moon\/\"><span style=\"color: blue; text-decoration: none;\"><img loading=\"lazy\" decoding=\"async\" id=\"Afbeelding_x0020_6\" class=\"\" style=\"width: 145px; height: 145px;\" src=\"https:\/\/thetrial.org\/wp-content\/uploads\/image002-1.jpg\" alt=\"Luke Moon\" width=\"400\" height=\"400\" border=\"0\" \/><\/span><\/a><\/p>\n<p class=\"MsoNormal\"><a title=\"Luke Moon\" href=\"https:\/\/www.jns.org\/writers\/luke-moon\/\">par Luke Moon<\/a><\/p>\n<p class=\"MsoNormal\">Luke Moon est le directeur ex\u00e9cutif du Philos Project. Il commente et \u00e9crit r\u00e9guli\u00e8rement sur les questions li\u00e9es \u00e0 Isra\u00ebl et aux relations jud\u00e9o-chr\u00e9tiennes.<\/p>\n<p class=\"MsoNormal\">(12 ao\u00fbt 2024 \/ JNS)<\/p>\n<p class=\"wp-block-paragraph\">Deux semaines apr\u00e8s que la Cour internationale de justice, la plus haute juridiction des Nations unies, a rendu le 19 juillet un avis consultatif non contraignant d\u00e9clarant que \"la pr\u00e9sence continue de l'\u00c9tat d'Isra\u00ebl\" en Jud\u00e9e, en Samarie et \u00e0 J\u00e9rusalem-Est est \"ill\u00e9gale\", l'archev\u00eaque de Canterbury, le pr\u00e9sident de l'Union europ\u00e9enne, a d\u00e9clar\u00e9 que \"la pr\u00e9sence continue de l'\u00c9tat d'Isra\u00ebl\" en Jud\u00e9e, en Samarie et \u00e0 J\u00e9rusalem-Est \u00e9tait \"ill\u00e9gale\". <a href=\"https:\/\/www.archbishopofcanterbury.org\/about\/about-justin-welby\" target=\"_blank\" rel=\"noopener\">Le plus Rvd Justin Welby<\/a>Le pr\u00e9sident de la Commission europ\u00e9enne, M. Klaus K., a apport\u00e9 son soutien sans \u00e9quivoque \u00e0 l'avis.<\/p>\n<p class=\"wp-block-paragraph\">Dans un\u00a0<a href=\"https:\/\/www.archbishopofcanterbury.org\/news\/news-and-statements\/archbishop-canterbury-statement-icjs-advisory-opinion-israel-and-occupied\" target=\"_blank\" rel=\"noopener\">d\u00e9claration <\/a>Dans un communiqu\u00e9 de presse publi\u00e9 vendredi, l'archev\u00eaque affirme qu'Isra\u00ebl \"prive les Palestiniens de l'acc\u00e8s \u00e0 leurs ressources naturelles et impose un syst\u00e8me militaire qui les prive de s\u00e9curit\u00e9 et de justice\". En outre, il a d\u00e9clar\u00e9 que \"l'\u00c9tat d'Isra\u00ebl a priv\u00e9 le peuple palestinien de dignit\u00e9, de libert\u00e9 et d'espoir\".<\/p>\n<p class=\"wp-block-paragraph\">En approuvant l'avis de la CIJ, l'archev\u00eaque se trompe sur Isra\u00ebl.<\/p>\n<p class=\"wp-block-paragraph\">Premi\u00e8rement, l'affirmation selon laquelle la pr\u00e9sence d'Isra\u00ebl dans ces territoires est sans \u00e9quivoque ill\u00e9gale ignore les multiples facettes de l'histoire et les nuances juridiques de la situation. Les actions d'Isra\u00ebl ne sont pas simplement une question d'occupation, mais une r\u00e9ponse \u00e0 une matrice complexe de pr\u00e9occupations s\u00e9curitaires, de revendications historiques et d'\u00e9checs r\u00e9p\u00e9t\u00e9s des n\u00e9gociations de paix. En approuvant l'avis de la CIJ, l'archev\u00eaque insiste sur un r\u00e9cit simpliste de l'histoire isra\u00e9lienne qui vilipende l'\u00c9tat juif, point final.<\/p>\n<p class=\"wp-block-paragraph\">En outre, la d\u00e9claration de l'archev\u00eaque indique qu'il souhaite \"r\u00e9sister \u00e0 un monde o\u00f9 des actes tels que la torture, la prise d'otages et la violence aveugle deviennent la norme\".<\/p>\n<p class=\"wp-block-paragraph\">C'est ce que je souhaite, comme tout chr\u00e9tien \u00e9pris de paix. Mais ce qui rend ce commentaire de l'archev\u00eaque si r\u00e9pr\u00e9hensible, c'est que\u00a0<em><span style=\"font-family: 'Calibri',sans-serif;\">il ne condamne pas le Hamas<\/span><\/em>-Le groupe m\u00eame qui est responsable de la torture, des prises d'otages et de la violence aveugle.<\/p>\n<p class=\"wp-block-paragraph\">Si notre monde conna\u00eet encore ces actes de violence ignobles, ce n'est pas parce que nous n'appliquons pas la loi \"sans crainte ni faveur en toutes circonstances\", mais plut\u00f4t parce que des groupes terroristes comme le Hamas restent assoiff\u00e9s de sang dans leurs efforts pour tuer des Juifs et des Chr\u00e9tiens innocents. Ignorer les actions brutales du Hamas tout en condamnant Isra\u00ebl de mani\u00e8re s\u00e9lective enhardit ceux qui perp\u00e9tuent la terreur et la violence.<\/p>\n<p class=\"wp-block-paragraph\">Franchement, bien qu'important, l'accent mis par l'archev\u00eaque sur le droit international semble s\u00e9lectif. Les d\u00e9clarations de l'archev\u00eaque pr\u00e9sentent un certain nombre de similitudes. Pourquoi l'archev\u00eaque n'a-t-il pas reconnu que l'effort de guerre d'Isra\u00ebl a vu les\u00a0<a href=\"https:\/\/www.newsweek.com\/israel-implemented-more-measures-prevent-civilian-casualties-any-other-nation-history-opinion-1865613\" target=\"_blank\" rel=\"noopener\">mise en \u0153uvre <\/a>Le Conseil de l'Europe a-t-il pris plus de mesures pour pr\u00e9venir les pertes civiles que n'importe quelle autre nation dans l'histoire ? O\u00f9 sont les protestations contre les nombreuses violations des droits de l'homme perp\u00e9tr\u00e9es par les autorit\u00e9s palestiniennes \u00e0 l'encontre de leur propre peuple, y compris les chr\u00e9tiens ? Pourquoi, alors qu'Isra\u00ebl est le\u00a0<a href=\"https:\/\/www.telegraph.co.uk\/news\/2021\/12\/26\/israel-best-thing-happen-christians-holy-land-centuries\/\" target=\"_blank\" rel=\"noopener\">le plus grand ami<\/a>\u00a0aux chr\u00e9tiens du Moyen-Orient, l'archev\u00eaque a-t-il toujours et instinctivement <a href=\"https:\/\/www.thebulwark.com\/p\/does-the-archbishop-of-canterbury-have-an-israel-problem\" target=\"_blank\" rel=\"noopener\">critiquer<\/a> Isra\u00ebl ? L'archev\u00eaque de Canterbury a-t-il un probl\u00e8me juif ?<\/p>\n<p class=\"wp-block-paragraph\">Enfin, \u00e0 quoi ressemble le futur Isra\u00ebl, selon l'archev\u00eaque ? Beaucoup consid\u00e8rent J\u00e9rusalem comme un territoire \"occup\u00e9\" et insistent pour que la ville sainte, qui abrite une multitude de lieux saints chr\u00e9tiens et juifs, soit enti\u00e8rement sous contr\u00f4le palestinien. L'archev\u00eaque veut-il revenir \u00e0 l'\u00e9poque d'avant 1967 o\u00f9 aucun juif n'\u00e9tait autoris\u00e9 \u00e0 entrer dans la vieille ville de J\u00e9rusalem ? Quand le quartier juif \u00e9tait une v\u00e9ritable poubelle ? Quand les pierres tombales \u00e9taient arrach\u00e9es et utilis\u00e9es pour paver les routes de Jud\u00e9e et de Samarie ? Est-ce l\u00e0 le type de J\u00e9rusalem auquel aspire l'archev\u00eaque ?<\/p>\n<p class=\"wp-block-paragraph\">Il ne fait aucun doute qu'il y a beaucoup, beaucoup de travail \u00e0 faire en Isra\u00ebl. Apr\u00e8s le massacre du 7 octobre, une nouvelle vision de la paix pour Isra\u00ebl s'impose. Nous esp\u00e9rons tous et prions pour un avenir o\u00f9 Juifs et Arabes vivront c\u00f4te \u00e0 c\u00f4te dans la libert\u00e9, la prosp\u00e9rit\u00e9 et la s\u00e9curit\u00e9. La paix v\u00e9ritable ne se r\u00e9alisera que lorsque le monde tiendra toutes les parties pour responsables, soutiendra le droit d'Isra\u00ebl \u00e0 se d\u00e9fendre, s'unira pour vaincre le terrorisme et favorisera un environnement dans lequel la coexistence est r\u00e9ellement possible.<\/p>\n<p class=\"wp-block-paragraph\">Mais nous ne progressons pas vers ce noble objectif en \u00e9coutant les condamnations sans appel d'Isra\u00ebl par des personnes telles que l'archev\u00eaque de Canterbury. Les chr\u00e9tiens m\u00e9ritent mieux de la part de leurs dirigeants.<\/p>\n<p class=\"MsoNormal\">\n<\/div>\n<\/div>","protected":false},"excerpt":{"rendered":"<p>Ignoring the brutal actions of Hamas while selectively condemning Israel emboldens those who perpetuate terror and violence. Archbishop of Canterbury Justin Welby speaks during the celebration of the second vespers on the occasion of the solemnity of the conversion of St. Paul led by Pope Francis at St Paul&#8217;s Basilica in Rome on Jan. 25, [&hellip;]<\/p>\n","protected":false},"author":7,"featured_media":1502,"comment_status":"closed","ping_status":"closed","sticky":false,"template":"","format":"standard","meta":{"_acf_changed":false,"footnotes":""},"categories":[20],"tags":[51,62,50,21],"class_list":["post-1501","post","type-post","status-publish","format-standard","has-post-thumbnail","hentry","category-news","tag-archbishop","tag-canterbury","tag-icj-advisory-opinion","tag-international-court-of-justice"],"acf":[],"_links":{"self":[{"href":"https:\/\/thetrial.org\/fr\/wp-json\/wp\/v2\/posts\/1501","targetHints":{"allow":["GET"]}}],"collection":[{"href":"https:\/\/thetrial.org\/fr\/wp-json\/wp\/v2\/posts"}],"about":[{"href":"https:\/\/thetrial.org\/fr\/wp-json\/wp\/v2\/types\/post"}],"author":[{"embeddable":true,"href":"https:\/\/thetrial.org\/fr\/wp-json\/wp\/v2\/users\/7"}],"replies":[{"embeddable":true,"href":"https:\/\/thetrial.org\/fr\/wp-json\/wp\/v2\/comments?post=1501"}],"version-history":[{"count":1,"href":"https:\/\/thetrial.org\/fr\/wp-json\/wp\/v2\/posts\/1501\/revisions"}],"predecessor-version":[{"id":1508,"href":"https:\/\/thetrial.org\/fr\/wp-json\/wp\/v2\/posts\/1501\/revisions\/1508"}],"wp:featuredmedia":[{"embeddable":true,"href":"https:\/\/thetrial.org\/fr\/wp-json\/wp\/v2\/media\/1502"}],"wp:attachment":[{"href":"https:\/\/thetrial.org\/fr\/wp-json\/wp\/v2\/media?parent=1501"}],"wp:term":[{"taxonomy":"category","embeddable":true,"href":"https:\/\/thetrial.org\/fr\/wp-json\/wp\/v2\/categories?post=1501"},{"taxonomy":"post_tag","embeddable":true,"href":"https:\/\/thetrial.org\/fr\/wp-json\/wp\/v2\/tags?post=1501"}],"curies":[{"name":"wp","href":"https:\/\/api.w.org\/{rel}","templated":true}]}}