{"id":1532,"date":"2024-07-21T13:07:36","date_gmt":"2024-07-21T11:07:36","guid":{"rendered":"https:\/\/thetrial.org\/?p=1532"},"modified":"2024-08-16T14:09:38","modified_gmt":"2024-08-16T12:09:38","slug":"pro-israel-christians-stage-the-trial-2024-in-response-to-un-resolution","status":"publish","type":"post","link":"https:\/\/thetrial.org\/fr\/pro-israel-christians-stage-the-trial-2024-in-response-to-un-resolution\/","title":{"rendered":"Les chr\u00e9tiens pro-isra\u00e9liens organisent le \u00ab Proc\u00e8s 2024 \u00bb en r\u00e9ponse \u00e0 la r\u00e9solution de l\u2019ONU"},"content":{"rendered":"<div>\n<div class=\"WordSection1\">\n<h5>Et vous saurez que je suis au milieu de Yisra\u00ebl : que Moi, Hachem, je suis votre Dieu, et qu'il n'y en a pas d'autre. Et Mon peuple ne sera plus couvert de honte\".<\/h5>\n<h6>Jo\u00ebl 2 : 27 (la bible d'isra\u00ebl)<\/h6>\n<p class=\"MsoNormal\"><img loading=\"lazy\" decoding=\"async\" id=\"Afbeelding_x0020_5\" style=\"width: .3166in; height: .2416in;\" src=\"https:\/\/thetrial.org\/wp-content\/uploads\/image001-1.png\" alt=\"https:\/\/israel365news.com\/wp-content\/uploads\/2022\/09\/unnamed-file.png\" width=\"30\" height=\"23\" \/><\/p>\n<p class=\"MsoNormal\"><a href=\"https:\/\/israel365news.com\/author\/adam_berkowitz\/\"><span style=\"color: blue; text-decoration: none;\"><img loading=\"lazy\" decoding=\"async\" id=\"Afbeelding_x0020_4\" class=\"\" style=\"width: 103px; height: 108px;\" src=\"https:\/\/thetrial.org\/wp-content\/uploads\/image002-1.png\" alt=\"Picture of Adam Eliyahu Berkowitz\" width=\"287\" height=\"300\" border=\"0\" \/><\/span><\/a><\/p>\n<pre><u><span style=\"color: blue;\"><a href=\"https:\/\/israel365news.com\/author\/adam_berkowitz\/\"><span style=\"color: blue;\">Adam Eliyahu Berkowitz <\/span><\/a><\/span><\/u><\/pre>\n<p class=\"MsoNormal\">\n<h6>21 juillet 2024<\/h6>\n<p class=\"MsoNormal\"><img loading=\"lazy\" decoding=\"async\" id=\"Afbeelding_x0020_3\" style=\"width: 8.3333in; height: 6.25in;\" src=\"https:\/\/thetrial.org\/wp-content\/uploads\/image003-1.jpg\" alt=\"https:\/\/israel365news.com\/wp-content\/uploads\/2024\/07\/JPB_9643KvE.jpg\" width=\"800\" height=\"600\" border=\"0\" \/><\/p>\n<p>Dans une puissante d\u00e9monstration de soutien \u00e0 Isra\u00ebl, des dirigeants chr\u00e9tiens et des d\u00e9fenseurs d'Isra\u00ebl ont r\u00e9cemment organis\u00e9 un \u00e9v\u00e9nement intitul\u00e9 \"Le proc\u00e8s 2024\" \u00e0 La Haye, aux Pays-Bas. Ce rassemblement \u00e9tait une r\u00e9ponse \u00e0 une r\u00e9solution des Nations unies de d\u00e9cembre 2020 qui demandait un avis consultatif \u00e0 la Cour internationale de justice (CIJ) concernant l'occupation isra\u00e9lienne et la discrimination pr\u00e9sum\u00e9e \u00e0 l'encontre des non-Juifs en Isra\u00ebl. L'avis de la CIJ a \u00e9t\u00e9 rendu vendredi.<\/p>\n<p>La r\u00e9solution des Nations unies, soutenue par 87 \u00c9tats membres, est consid\u00e9r\u00e9e par les partisans d'Isra\u00ebl comme une menace importante pour les droits du pays sur la Jud\u00e9e, la Samarie et J\u00e9rusalem-Est. L'avis de la CIJ sur cette question, bien que non contraignant, a \u00e9t\u00e9 annonc\u00e9 vendredi et pourrait potentiellement influencer les perspectives internationales sur les revendications territoriales d'Isra\u00ebl.<\/p>\n<p>\u201c<strong>Le proc\u00e8s<\/strong> 2024\u2033 a eu lieu au Forum mondial de La Haye, attirant pr\u00e8s de 1 000 participants de 45 pays. L'\u00e9v\u00e9nement a culmin\u00e9 avec la signature d'un d\u00e9cret soutenant les droits d'Isra\u00ebl, que les organisateurs ont ensuite remis \u00e0 la CIJ dans une d\u00e9marche audacieuse.<\/p>\n<p>Malgr\u00e9 une r\u00e9sistance initiale, Jack van der Tang, une figure cl\u00e9 de l'\u00e9v\u00e9nement, a soumis le d\u00e9cret \u00e0 la CIJ. Cette action a \u00e9t\u00e9 per\u00e7ue comme une victoire par les organisateurs, \u00e0 qui les experts avaient dit qu'une telle soumission serait impossible sans rendez-vous.<\/p>\n<p>La CIJ a officiellement accus\u00e9 r\u00e9ception du d\u00e9cret dans une lettre de S.E. M. Philippe Gautier, le greffier de la Cour. Bien que cet accus\u00e9 de r\u00e9ception ne garantisse pas que les 15 juges de la CIJ prendront en compte le d\u00e9cret dans leurs d\u00e9lib\u00e9rations, les organisateurs consid\u00e8rent qu'il s'agit d'une \u00e9tape importante dans leur effort spirituel et juridique pour influencer la d\u00e9cision de la Cour en faveur d'Isra\u00ebl.<\/p>\n<p>Les organisateurs de l'\u00e9v\u00e9nement, dont la Conf\u00e9rence internationale pour la v\u00e9rit\u00e9, la justice et la paix, pr\u00e9sentent le \"Proc\u00e8s 2024\" comme une entreprise \u00e0 la fois politique et spirituelle. Ils soulignent l'importance de continuer \u00e0 prier et \u00e0 soutenir Isra\u00ebl dans cette affaire, consid\u00e9rant la situation actuelle comme r\u00e9v\u00e9latrice de la fin des temps bibliques.<\/p>\n<p>\u00c0 l'approche de la date butoir de juillet 2024 pour l'avis de la CIJ, les partisans d'Isra\u00ebl sont invit\u00e9s \u00e0 rester vigilants et \u00e0 poursuivre leurs efforts de plaidoyer. Les organisateurs du \"Proc\u00e8s 2024\" consid\u00e8rent que leurs actions s'inscrivent dans le cadre d'un combat spirituel plus large en faveur des droits et de la souverainet\u00e9 d'Isra\u00ebl.<\/p>\n<p>Cet \u00e9v\u00e9nement met en lumi\u00e8re l'interaction complexe entre le droit international, la g\u00e9opolitique et les croyances religieuses qui entourent les revendications territoriales d'Isra\u00ebl. Alors que le monde attend l'avis consultatif de la CIJ, les actions de groupes tels que ceux qui sont \u00e0 l'origine de \"The Trial 2024\" d\u00e9montrent le soutien passionn\u00e9 qu'Isra\u00ebl continue de recevoir de la part de certains secteurs de la communaut\u00e9 internationale.<\/p>\n<p>Le groupe de dirigeants chr\u00e9tiens a publi\u00e9 une r\u00e9ponse :<\/p>\n<p>\"Pour Isra\u00ebl, il pourrait s'agir de la condamnation la plus mena\u00e7ante et la plus importante de toute son existence\", ont-ils averti. \"Ce geste significatif de l'ONU nous montre \u00e0 quel point nous sommes arriv\u00e9s \u00e0 la fin des temps bibliques\", ont-ils d\u00e9clar\u00e9. \"La demande a tout \u00e0 voir avec la question de savoir qui peut l\u00e9gitimement gouverner la Jud\u00e9e, la Samarie et J\u00e9rusalem-Est, qui comprend la vieille ville et le Mont du Temple. De nombreux pays veulent diviser J\u00e9rusalem et veulent que J\u00e9rusalem-Est soit la capitale d'un \u00c9tat palestinien.<\/p>\n<p>Une conf\u00e9rence r\u00e9unissant pr\u00e8s de 1 000 \"intercesseurs\" de 45 pays, intitul\u00e9e International Conference for Truth Justice, s'est tenue et la d\u00e9claration, sign\u00e9e par des centaines de sympathisants, a \u00e9t\u00e9 pr\u00e9sent\u00e9e \u00e0 la CIJ par Jack van der Tang. On lui a dit qu'il recevrait un rendez-vous le lundi 8 juillet pour expliquer le d\u00e9cret.<\/p>\n<p>Avant cette date, le groupe a re\u00e7u une r\u00e9ponse de la CIJ de la part de S.E. M. Phillipe Gautier, un courriel l'informant qu'il ne serait pas autoris\u00e9 \u00e0 faire sa d\u00e9claration.<\/p>\n<p>L'organisation a publi\u00e9 un d\u00e9cret en r\u00e9ponse \u00e0 la r\u00e9cente r\u00e9solution de la CIJ :<\/p>\n<p>\"\u00c0 la Cour internationale de justice (CIJ)<\/p>\n<p>\u201c<em>Maintenant, rois, soyez sages, avertissez-vous, juges de la terre.<\/em>\"(Psaume 2:10).<\/p>\n<p>\"Nous, repr\u00e9sentants chr\u00e9tiens des nations, d\u00e9clarons ce qui suit :<\/p>\n<p>\"La terre enti\u00e8re appartient au Cr\u00e9ateur des cieux et de la terre. Le Tr\u00e8s-Haut a donn\u00e9 aux nations leur terre et leur h\u00e9ritage (Gn 10, Dt 32,8). \"Il a fait d'un seul homme toutes les nations du genre humain, pour qu'elles habitent sur toute la surface de la terre, apr\u00e8s leur avoir assign\u00e9 des p\u00e9riodes de temps et fix\u00e9 les limites de leurs demeures\" (Actes 17:26).<\/p>\n<p>\"Dieu a donn\u00e9 la terre d'Isra\u00ebl au peuple juif comme une possession \u00e9ternelle.<\/p>\n<p>\"Il est le Seigneur notre Dieu, ses jugements sont sur toute la terre. Il se souvient \u00e0 jamais de son alliance, de la parole qu'il a prescrite pour mille g\u00e9n\u00e9rations, de l'alliance qu'il a conclue avec Abraham, de la promesse qu'il a faite avec serment \u00e0 Isaac, et qu'il a confirm\u00e9e \u00e0 Jacob comme une loi, \u00e0 Isra\u00ebl comme une alliance \u00e9ternelle, en disant : 'C'est \u00e0 toi que je donnerai le pays de Canaan en h\u00e9ritage'. \"(Ps 105, 7-11).<\/p>\n<p>\"Le retour des Juifs sur la Terre d'Isra\u00ebl depuis plus de cent ans au cours du si\u00e8cle dernier r\u00e9pond aux promesses bibliques (J\u00e9r\u00e9mie 31:10, Ez\u00e9chiel 36:24).<\/p>\n<p>\"Le 30 d\u00e9cembre 2022, la r\u00e9solution 77\/247 des Nations unies a demand\u00e9 \u00e0 la Cour internationale de justice (CIJ) de se prononcer sur le statut de J\u00e9rusalem-Est, de la Jud\u00e9e et de la Samarie (alias la Cisjordanie).<\/p>\n<p>\"Nous, repr\u00e9sentants chr\u00e9tiens de nos nations du monde entier, d\u00e9clarons et t\u00e9moignons que la terre d'Isra\u00ebl comprend J\u00e9rusalem-Est, la Jud\u00e9e et la Samarie. Ces r\u00e9gions appartiennent incontestablement \u00e0 Isra\u00ebl et sont en fin de compte l'h\u00e9ritage du peuple juif. La division de la terre est contraire \u00e0 la Bible et \u00e0 la volont\u00e9 du Seigneur Dieu d'Abraham, d'Isaac et de Jacob, le Dieu d'Isra\u00ebl.<\/p>\n<p>\"Dans ces conditions, nous demandons respectueusement aux juges de la CIJ de pratiquer la justice (Mich\u00e9e 6:8). Nous vous demandons instamment de tenir compte du grave avertissement du proph\u00e8te Jo\u00ebl, l'un des proph\u00e8tes du Dieu d'Isra\u00ebl : <em>\"Car voici, en ces jours et en ce temps-l\u00e0, lorsque je r\u00e9tablirai la situation de Juda et de J\u00e9rusalem, je rassemblerai toutes les nations et je les ferai descendre dans la vall\u00e9e de Josaphat. L\u00e0, je les jugerai pour ce qu'ils ont fait \u00e0 mon h\u00e9ritage, \u00e0 mon peuple d'Isra\u00ebl, parce qu'ils ont dispers\u00e9 mon peuple parmi les nations et qu'ils ont morcel\u00e9 mon pays.<\/em> (Jo\u00ebl 3:1-2).<\/p>\n<p class=\"MsoNormal\">\n<p class=\"MsoNormal\">\n<p class=\"MsoNormal\">\n<p class=\"MsoNormal\">\n<p class=\"MsoNormal\"><a href=\"https:\/\/israel365news.com\/393407\/pro-israel-christians-stage-the-trial-2024-in-response-to-un-resolution\/\">https:\/\/israel365news.com\/393407\/pro-israel-christians-stage-the-trial-2024-in-response-to-un-resolution\/<\/a><\/p>\n<p class=\"MsoNormal\">\n<p class=\"MsoNormal\"><\/div>\n<\/div>","protected":false},"excerpt":{"rendered":"<p>And you shall know That I am in the midst of Yisrael: That I Hashem am your God And there is no other. And My people shall be shamed no more.&#8221; Joel 2: 27 (the israel bible) Adam Eliyahu Berkowitz July 21, 2024 In a powerful display of support for Israel, Christian leaders and pro-Israel [&hellip;]<\/p>\n","protected":false},"author":7,"featured_media":1533,"comment_status":"closed","ping_status":"closed","sticky":false,"template":"","format":"standard","meta":{"_acf_changed":false,"footnotes":""},"categories":[20],"tags":[50,21,22,23],"class_list":["post-1532","post","type-post","status-publish","format-standard","has-post-thumbnail","hentry","category-news","tag-icj-advisory-opinion","tag-international-court-of-justice","tag-the-hague","tag-the-trial"],"acf":[],"_links":{"self":[{"href":"https:\/\/thetrial.org\/fr\/wp-json\/wp\/v2\/posts\/1532","targetHints":{"allow":["GET"]}}],"collection":[{"href":"https:\/\/thetrial.org\/fr\/wp-json\/wp\/v2\/posts"}],"about":[{"href":"https:\/\/thetrial.org\/fr\/wp-json\/wp\/v2\/types\/post"}],"author":[{"embeddable":true,"href":"https:\/\/thetrial.org\/fr\/wp-json\/wp\/v2\/users\/7"}],"replies":[{"embeddable":true,"href":"https:\/\/thetrial.org\/fr\/wp-json\/wp\/v2\/comments?post=1532"}],"version-history":[{"count":2,"href":"https:\/\/thetrial.org\/fr\/wp-json\/wp\/v2\/posts\/1532\/revisions"}],"predecessor-version":[{"id":1568,"href":"https:\/\/thetrial.org\/fr\/wp-json\/wp\/v2\/posts\/1532\/revisions\/1568"}],"wp:featuredmedia":[{"embeddable":true,"href":"https:\/\/thetrial.org\/fr\/wp-json\/wp\/v2\/media\/1533"}],"wp:attachment":[{"href":"https:\/\/thetrial.org\/fr\/wp-json\/wp\/v2\/media?parent=1532"}],"wp:term":[{"taxonomy":"category","embeddable":true,"href":"https:\/\/thetrial.org\/fr\/wp-json\/wp\/v2\/categories?post=1532"},{"taxonomy":"post_tag","embeddable":true,"href":"https:\/\/thetrial.org\/fr\/wp-json\/wp\/v2\/tags?post=1532"}],"curies":[{"name":"wp","href":"https:\/\/api.w.org\/{rel}","templated":true}]}}