{"id":1974,"date":"2024-07-08T10:12:28","date_gmt":"2024-07-08T08:12:28","guid":{"rendered":"https:\/\/thetrial.org\/?p=1974"},"modified":"2024-08-22T10:17:04","modified_gmt":"2024-08-22T08:17:04","slug":"1974-2","status":"publish","type":"post","link":"https:\/\/thetrial.org\/fr\/1974-2\/","title":{"rendered":"MOMENT HISTORIQUE \u00c0 LA HAYE"},"content":{"rendered":"<p class=\"wp-block-paragraph\">Le jeudi 4 juillet 2024, le d\u00e9cret a \u00e9t\u00e9 sign\u00e9 et scell\u00e9 par Jack van der Tang. Ce d\u00e9cret est une d\u00e9claration biblique des droits de propri\u00e9t\u00e9 de la terre d&#039;Isra\u00ebl bas\u00e9e sur la Bible, la Parole de Dieu. Ce d\u00e9cret a \u00e9t\u00e9 remis \u00e0 la Cour internationale de justice au Palais de la Paix.<\/p>\n\n\n\n<p class=\"wp-block-paragraph\">Un acte qui ne semblait pas humainement possible, mais gr\u00e2ce aux pri\u00e8res de nombreux intercesseurs du monde entier, il a eu lieu. Le d\u00e9cret a \u00e9t\u00e9 remis au nom de <strong>LA LIGUE DES NATIONS CHR\u00c9TIENS ET DES PEUPLES AUTOCHTONES<\/strong>, en cours de cr\u00e9ation .<\/p>\n\n\n\n<p class=\"wp-block-paragraph\">Au cours de la c\u00e9r\u00e9monie d&#039;apposition du sceau, 70 Shofars ont \u00e9t\u00e9 sonn\u00e9s et des pri\u00e8res ont \u00e9t\u00e9 offertes pour que le message d&#039;avertissement adress\u00e9 aux juges soit re\u00e7u.<img loading=\"lazy\" decoding=\"async\" width=\"150\" height=\"100\" class=\"wp-image-1976\" style=\"width: 150px;\" src=\"https:\/\/thetrial.org\/wp-content\/uploads\/trail2024-332.jpg\" alt=\"\" srcset=\"https:\/\/thetrial.org\/wp-content\/uploads\/trail2024-332.jpg 1200w, https:\/\/thetrial.org\/wp-content\/uploads\/trail2024-332-300x200.jpg 300w, https:\/\/thetrial.org\/wp-content\/uploads\/trail2024-332-1024x683.jpg 1024w, https:\/\/thetrial.org\/wp-content\/uploads\/trail2024-332-768x512.jpg 768w, https:\/\/thetrial.org\/wp-content\/uploads\/trail2024-332-18x12.jpg 18w\" sizes=\"auto, (max-width: 150px) 100vw, 150px\" \/><\/p>\n\n\n\n<p class=\"wp-block-paragraph\"><strong>Une unit\u00e9 sp\u00e9ciale de dirigeants du monde entier<\/strong><strong><\/strong><\/p>\n\n\n\n<p class=\"wp-block-paragraph\">Des dirigeants chr\u00e9tiens, des pasteurs, des intercesseurs, etc. de 45 pays \u00e9taient pr\u00e9sents au proc\u00e8s. Ils avaient le sentiment profond que si leur nation votait pour un partage de la terre d\u2019Isra\u00ebl, une reconnaissance d\u2019un \u00c9tat palestinien avec J\u00e9rusalem-Est comme capitale, Dieu les jugerait. Il \u00e9tait clair pour tous que la CIJ rendrait un verdict n\u00e9gatif. L\u2019esprit d\u2019Haman, l\u2019esprit de l\u2019antis\u00e9mitisme, r\u00e8gne \u00e0 la CIJ, mais aussi \u00e0 la CPI.<\/p>\n\n\n\n<p class=\"wp-block-paragraph\"><strong>La visite du Palais de la Paix<\/strong><strong><\/strong><\/p>\n\n\n\n<p class=\"wp-block-paragraph\">Apr\u00e8s avoir sign\u00e9 le d\u00e9cret et appos\u00e9 le sceau, un groupe de 55 dirigeants se rendit en car, dans la foi, au Palais de la Paix. Un moment sacr\u00e9 et sp\u00e9cial se produisit. Tout fut film\u00e9 en direct et diffus\u00e9 sur l&#039;\u00e9cran du Forum mondial o\u00f9 se trouvaient les retardataires. Apr\u00e8s notre arriv\u00e9e, la visite fut d&#039;abord refus\u00e9e et, apr\u00e8s l&#039;insistance de Jack van der Tang, il y eut un contact t\u00e9l\u00e9phonique et seul Jack van der Tang fut autoris\u00e9 \u00e0 se rendre au Palais de la Paix. Pendant que le groupe restait sur place et priait \u00e0 la porte du Palais de la Paix, Jack der Tang fut re\u00e7u. L\u00e0, il expliqua une partie de ce qui s&#039;\u00e9tait pass\u00e9 au Forum mondial et du d\u00e9cret sign\u00e9 par pr\u00e8s d&#039;un millier de personnes.<\/p>\n\n\n\n<p class=\"wp-block-paragraph\">Lundi, une lettre officielle a \u00e9t\u00e9 envoy\u00e9e par courrier \u00e9lectronique indiquant que le d\u00e9cret avait \u00e9t\u00e9 re\u00e7u et pris note par le greffier de la CIJ.<\/p>\n\n\n\n<p class=\"wp-block-paragraph\">Encore un miracle, car il y avait des \u00ab voix \u00bb qui croyaient que le d\u00e9cret ne serait pas accept\u00e9.<\/p>\n\n\n\n<p class=\"wp-block-paragraph\">Lorsque Jack van der Tang quitta le Palais de la Paix sans d\u00e9cret, une acclamation formidable retentit au Forum mondial. Dieu avait ouvert une porte, seul le Tout-Puissant peut faire cela.<\/p>\n\n\n\n<p class=\"wp-block-paragraph\"><strong>Un appel aux croyants du monde entier !<\/strong><strong><\/strong><\/p>\n\n\n\n<p class=\"wp-block-paragraph\"><a>Le Proc\u00e8s a fait prendre conscience aux croyants du monde entier de la n\u00e9cessit\u00e9 d\u2019un partage de la terre d\u2019Isra\u00ebl et de la reconnaissance d\u2019un \u00c9tat palestinien.<\/a><\/p>\n\n\n\n<p class=\"wp-block-paragraph\">Dans le Nouveau Testament, J\u00e9sus d\u00e9crit dans Matthieu 25 les nations des boucs et des brebis. Les nations seront jug\u00e9es selon leur attitude envers Isra\u00ebl.<\/p>\n\n\n\n<p class=\"wp-block-paragraph\">Il s\u2019agit d\u2019un sujet inconnu de nombreux chr\u00e9tiens, mais tout \u00e0 fait en phase avec le Tenach, l\u2019Ancien Testament.<\/p>\n\n\n\n<p class=\"wp-block-paragraph\">La prise de conscience que ce ne sont pas nos propres id\u00e9es ou jugements qui comptent, mais plut\u00f4t ce que le Dieu d\u2019Abraham, d\u2019Isaac et de Jacob a fait \u00e9crire dans la Bible.<\/p>\n\n\n\n<p class=\"wp-block-paragraph\"><strong>Comment proc\u00e9der ?<\/strong><strong><\/strong><\/p>\n\n\n\n<p class=\"wp-block-paragraph\">La lettre adress\u00e9e aux juges de la CIJ \u00e9tait intitul\u00e9e <strong>LIGUE DES NATIONS CHR\u00c9TIENNES ET DES PEUPLES AUTOCHTONES <em>en cours de cr\u00e9ation.<\/em><\/strong><\/p>\n\n\n\n<p class=\"wp-block-paragraph\">&nbsp;La prochaine \u00e9tape sera-t-elle de cr\u00e9er un r\u00e9seau mondial de dirigeants de tribus, de royaumes, de peuples autochtones, qui se rassembleront et soutiendront Isra\u00ebl ?<\/p>\n\n\n\n<p class=\"wp-block-paragraph\">Une Soci\u00e9t\u00e9 des Nations Chr\u00e9tiennes, des Tribus, des Peuples Indig\u00e8nes, etc. ?<\/p>\n\n\n\n<p class=\"wp-block-paragraph\">Cela ne s\u2019est jamais produit auparavant dans l\u2019histoire du monde.<\/p>\n\n\n\n<p class=\"wp-block-paragraph\">Vous priez avec nous ? Vous avez une impression ? Contactez-nous.<\/p>","protected":false},"excerpt":{"rendered":"<p>On Thursday, 4 July 2024, the decree was signed and sealed by Jack van der Tang. This decree is a Biblical declaration of the property rights of the land of Israel based on the Bible, God&#8217;s Word. This decree was handed over to the International Court of Justice at the Peace Palace. An act that [&hellip;]<\/p>\n","protected":false},"author":7,"featured_media":1872,"comment_status":"closed","ping_status":"closed","sticky":true,"template":"","format":"standard","meta":{"_acf_changed":false,"footnotes":""},"categories":[26,20],"tags":[72,73,74,23,75],"class_list":["post-1974","post","type-post","status-publish","format-standard","has-post-thumbnail","hentry","category-blog","category-news","tag-decree","tag-icj","tag-peace-palace","tag-the-trial","tag-visit"],"acf":[],"_links":{"self":[{"href":"https:\/\/thetrial.org\/fr\/wp-json\/wp\/v2\/posts\/1974","targetHints":{"allow":["GET"]}}],"collection":[{"href":"https:\/\/thetrial.org\/fr\/wp-json\/wp\/v2\/posts"}],"about":[{"href":"https:\/\/thetrial.org\/fr\/wp-json\/wp\/v2\/types\/post"}],"author":[{"embeddable":true,"href":"https:\/\/thetrial.org\/fr\/wp-json\/wp\/v2\/users\/7"}],"replies":[{"embeddable":true,"href":"https:\/\/thetrial.org\/fr\/wp-json\/wp\/v2\/comments?post=1974"}],"version-history":[{"count":3,"href":"https:\/\/thetrial.org\/fr\/wp-json\/wp\/v2\/posts\/1974\/revisions"}],"predecessor-version":[{"id":1978,"href":"https:\/\/thetrial.org\/fr\/wp-json\/wp\/v2\/posts\/1974\/revisions\/1978"}],"wp:featuredmedia":[{"embeddable":true,"href":"https:\/\/thetrial.org\/fr\/wp-json\/wp\/v2\/media\/1872"}],"wp:attachment":[{"href":"https:\/\/thetrial.org\/fr\/wp-json\/wp\/v2\/media?parent=1974"}],"wp:term":[{"taxonomy":"category","embeddable":true,"href":"https:\/\/thetrial.org\/fr\/wp-json\/wp\/v2\/categories?post=1974"},{"taxonomy":"post_tag","embeddable":true,"href":"https:\/\/thetrial.org\/fr\/wp-json\/wp\/v2\/tags?post=1974"}],"curies":[{"name":"wp","href":"https:\/\/api.w.org\/{rel}","templated":true}]}}