{"id":2115,"date":"2024-09-22T18:00:46","date_gmt":"2024-09-22T16:00:46","guid":{"rendered":"https:\/\/thetrial.org\/?p=2115"},"modified":"2024-09-22T18:15:54","modified_gmt":"2024-09-22T16:15:54","slug":"un-passes-dangerous-resolution-forcing-jews-to-withdraw-from-judea-samaria-and-east-jerusalem-in-12-months","status":"publish","type":"post","link":"https:\/\/thetrial.org\/fr\/un-passes-dangerous-resolution-forcing-jews-to-withdraw-from-judea-samaria-and-east-jerusalem-in-12-months\/","title":{"rendered":"Les Nations unies adoptent une r\u00e9solution dangereuse obligeant les Juifs \u00e0 se retirer de Jud\u00e9e, de Samarie et de J\u00e9rusalem-Est dans un d\u00e9lai de 12 mois"},"content":{"rendered":"<div>\n<div class=\"WordSection1\">\n<table class=\"MsoNormalTable\" style=\"width: 100.0%; border-collapse: collapse;\" border=\"0\" width=\"100%\" cellspacing=\"0\" cellpadding=\"0\">\n<tbody>\n<tr>\n<td style=\"padding: 0cm 0cm 0cm 0cm;\" valign=\"top\">\n<table class=\"MsoNormalTable\" style=\"width: 100.0%; border-collapse: collapse;\" border=\"0\" width=\"100%\" cellspacing=\"0\" cellpadding=\"0\">\n<tbody>\n<tr>\n<td style=\"padding: 9.0pt 18.0pt 9.0pt 18.0pt;\">\n<p class=\"MsoNormal\" style=\"text-align: justify; line-height: 150%;\"><span style=\"font-size: 12.0pt; line-height: 150%; font-family: 'Helvetica',sans-serif; color: black;\">Le 18 septembre, le <strong><span style=\"font-family: 'Helvetica',sans-serif;\">Assembl\u00e9e g\u00e9n\u00e9rale des Nations unies <\/span><\/strong>a adopt\u00e9 une r\u00e9solution demandant \u00e0 Isra\u00ebl de retirer sa pr\u00e9sence du territoire de l'Union europ\u00e9enne. <strong><span style=\"font-family: 'Helvetica',sans-serif;\">Jud\u00e9e, Samarie, J\u00e9rusalem-Est et Gaza<\/span><\/strong>La r\u00e9solution demande que toutes les colonies soient \u00e9vacu\u00e9es. La r\u00e9solution demande \u00e0 tous les \u00c9tats membres des Nations unies d'instaurer des boycotts, des d\u00e9sinvestissements et des sanctions \u00e0 l'encontre d'Isra\u00ebl afin de faire pression sur ce pays pour qu'il quitte ces territoires. \u00a0<\/span><\/p>\n<p class=\"MsoNormal\" style=\"text-align: justify; line-height: 150%;\"><span style=\"font-size: 12.0pt; line-height: 150%; font-family: 'Helvetica',sans-serif; color: black;\">En fait, la r\u00e9solution appelle au nettoyage ethnique des Juifs du \"territoire palestinien occup\u00e9\" et \u00e0 l'\u00e9tablissement d'un \"\u00c9tat palestinien\". <em><span style=\"font-family: 'Helvetica',sans-serif;\">\"judenrein<\/span><\/em>\"L'\u00c9tat de Palestine. \u00a0<\/span><\/p>\n<p class=\"MsoNormal\" style=\"text-align: justify; line-height: 150%;\"><span style=\"font-size: 12.0pt; line-height: 150%; font-family: 'Helvetica',sans-serif; color: black;\">Elle entra\u00eenera \u00e9galement la redivision de J\u00e9rusalem, comme c'\u00e9tait le cas sous le r\u00e9gime jordanien (1948-1967). La r\u00e9solution a \u00e9t\u00e9 adopt\u00e9e par une majorit\u00e9 de 124 \u00c9tats membres. Quatorze \u00c9tats se sont oppos\u00e9s \u00e0 la r\u00e9solution et 43 \u00c9tats se sont abstenus de voter. <\/span><span style=\"font-size: 12.0pt; line-height: 150%; font-family: 'Helvetica',sans-serif; color: black;\">\u00a0<\/span><\/p>\n<p class=\"MsoNormal\" style=\"line-height: 150%;\"><strong><span style=\"font-size: 12.0pt; line-height: 150%; font-family: 'Helvetica',sans-serif; color: black;\">Cette r\u00e9solution est tr\u00e8s probl\u00e9matique, pour de nombreuses raisons.<\/span><\/strong><span style=\"font-size: 12.0pt; line-height: 150%; font-family: 'Helvetica',sans-serif; color: black;\">\u00a0<\/span><\/p>\n<p class=\"MsoNormal\" style=\"text-align: justify; line-height: 150%;\"><span style=\"font-size: 12.0pt; line-height: 150%; font-family: 'Helvetica',sans-serif; color: black;\">Tout d'abord, il est important de comprendre que cette r\u00e9solution et l'avis consultatif de la CIJ du 19 juillet 2024 sont le fruit d'une campagne juridique longue, sans pr\u00e9c\u00e9dent et bien financ\u00e9e men\u00e9e par les Palestiniens depuis la seconde intifada. Cette campagne vise \u00e0 promouvoir l'objectif de l'Organisation de lib\u00e9ration de la Palestine (OLP) de lib\u00e9rer l'ensemble de la Palestine, en \u00e9vitant les n\u00e9gociations de bonne foi et en sapant l'existence d'Isra\u00ebl en tant qu'\u00c9tat juif.<\/span><span style=\"font-size: 12.0pt; line-height: 150%; font-family: 'Helvetica',sans-serif; color: black;\">\u00a0<\/span><\/p>\n<p class=\"MsoNormal\" style=\"text-align: justify; line-height: 150%;\"><span style=\"font-size: 12.0pt; line-height: 150%; font-family: 'Helvetica',sans-serif; color: black;\">Soutenus par la Ligue arabe, l'Organisation de la coop\u00e9ration islamique (OCI) et le Mouvement des non-align\u00e9s (MNA) - dont les membres repr\u00e9sentent collectivement plus de la moiti\u00e9 des \u00c9tats membres de l'ONU - les Palestiniens ont d\u00e9lib\u00e9r\u00e9ment utilis\u00e9 l'Assembl\u00e9e g\u00e9n\u00e9rale pour manipuler les tribunaux internationaux. Sous l'\u00e9gide de son pr\u00e9sident actuel, la CIJ s'est montr\u00e9e dispos\u00e9e \u00e0 \u00eatre politis\u00e9e et manipul\u00e9e. Les proc\u00e9dures unilat\u00e9rales de la CIJ ont \u00e9t\u00e9 motiv\u00e9es par des consid\u00e9rations politiques - une chasse aux sorci\u00e8res, et non un processus honn\u00eate. <\/span><span style=\"font-size: 12.0pt; line-height: 150%; font-family: 'Helvetica',sans-serif; color: black;\">\u00a0<\/span><\/p>\n<p class=\"MsoNormal\" style=\"text-align: center; line-height: 150%;\" align=\"center\"><span style=\"font-size: 12.0pt; line-height: 150%; font-family: 'Helvetica',sans-serif; color: black;\"><strong>Le vote sur cette r\u00e9solution s'est d\u00e9roul\u00e9 comme suit<\/strong>:<\/span><\/p>\n<\/td>\n<\/tr>\n<\/tbody>\n<\/table>\n<\/td>\n<\/tr>\n<tr>\n<td style=\"padding: 9.0pt 0cm 9.0pt 0cm;\" valign=\"top\">\n<p class=\"MsoNormal\" style=\"text-align: center;\" align=\"center\"><span style=\"border: none windowtext 1.0pt; padding: 0cm;\"><img decoding=\"async\" id=\"_x0000_i1025\" style=\"width: 5.8416in;\" src=\"https:\/\/mcusercontent.com\/38a420e8e16638bb80e1e30ab\/images\/63b8d5fe-7ba9-d4d1-0ca2-bbd7808492d4.png\" width=\"561\" \/><\/span><\/p>\n<\/td>\n<\/tr>\n<tr>\n<td style=\"padding: 0cm 0cm 0cm 0cm;\" valign=\"top\">\n<table class=\"MsoNormalTable\" style=\"width: 100.0%; border-collapse: collapse;\" border=\"0\" width=\"100%\" cellspacing=\"0\" cellpadding=\"0\">\n<tbody>\n<tr>\n<td style=\"padding: 9.0pt 18.0pt 9.0pt 18.0pt;\">\n<p class=\"MsoNormal\" style=\"text-align: justify; line-height: 150%;\"><span style=\"font-size: 12.0pt; line-height: 150%; font-family: 'Helvetica',sans-serif; color: black;\">Cette r\u00e9solution de l'Assembl\u00e9e g\u00e9n\u00e9rale des Nations unies ne fait que mentionner le droit international. Mais l'avis unilat\u00e9ral de la CIJ et la r\u00e9solution sapent en r\u00e9alit\u00e9 le droit international. Comme l'ont not\u00e9 plusieurs juges, l'accent mis uniquement sur les violations isra\u00e9liennes et la conclusion selon laquelle la pr\u00e9sence d'Isra\u00ebl dans les territoires est ill\u00e9gale d\u00e9fient le droit, la logique et la r\u00e9alit\u00e9.<\/span><\/p>\n<p class=\"MsoNormal\" style=\"text-align: justify; line-height: 150%;\"><span style=\"font-size: 12.0pt; line-height: 150%; font-family: 'Helvetica',sans-serif; color: black;\">En raison des questions biais\u00e9es auxquelles elle devait r\u00e9pondre, la Cour a essentiellement r\u00e9\u00e9crit l'histoire, ignor\u00e9 l'agression arabe de 1948 et 1967, ainsi que le terrorisme palestinien depuis les ann\u00e9es 1970, et n'a pas tenu compte des revendications territoriales d'Isra\u00ebl et de ses droits \u00e0 la s\u00e9curit\u00e9. <\/span><\/p>\n<p class=\"MsoNormal\" style=\"text-align: justify; line-height: 150%;\"><span style=\"font-size: 12.0pt; line-height: 150%; font-family: 'Helvetica',sans-serif; color: black;\">Plus probl\u00e9matique encore, l'avis et cette r\u00e9solution ignorent les r\u00e9alit\u00e9s du terrain. L'OLP veut un \u00c9tat islamique du fleuve \u00e0 la mer, et non une solution \u00e0 deux \u00c9tats. L'Autorit\u00e9 palestinienne (AP) n'a aucune autorit\u00e9 en Cisjordanie et \u00e0 Gaza, alors qui, selon la CIJ, va gouverner ? Nous pouvons \u00eatre s\u00fbrs qu'il ne s'agira pas des mod\u00e9r\u00e9s palestiniens ; les cellules terroristes parrain\u00e9es par l'Iran sont trop profond\u00e9ment enracin\u00e9es. <\/span><\/p>\n<p class=\"MsoNormal\" style=\"text-align: justify; line-height: 150%;\"><span style=\"font-size: 12.0pt; line-height: 150%; font-family: 'Helvetica',sans-serif; color: black;\">Cette r\u00e9solution, si elle est mise en \u0153uvre, met en place un sc\u00e9nario pour la cr\u00e9ation \u00e9ventuelle d'un autre \u00c9tat islamiste en faillite dans la r\u00e9gion, d\u00e9termin\u00e9 \u00e0 d\u00e9truire le seul \u00c9tat juif au monde. \u00a0<\/span><\/p>\n<p class=\"MsoNormal\" style=\"text-align: justify; line-height: 150%;\"><span style=\"font-size: 12.0pt; line-height: 150%; font-family: 'Helvetica',sans-serif; color: black;\">Accuser Isra\u00ebl de tous les maux et donner aux Palestiniens l'impunit\u00e9 de poursuivre leurs propres violations flagrantes du droit international, c'est r\u00e9compenser le rejet, la violence et l'agression palestiniens. Cela cr\u00e9e un dangereux pr\u00e9c\u00e9dent et provoquera plus de violence dans la r\u00e9gion, et non moins. <\/span><\/p>\n<p class=\"MsoNormal\" style=\"text-align: justify; line-height: 150%;\"><span style=\"font-size: 12.0pt; line-height: 150%; font-family: 'Helvetica',sans-serif; color: black;\">En ce qui concerne ce que l'on appelle \"J\u00e9rusalem-Est\", Isra\u00ebl avait parfaitement le droit de r\u00e9unifier J\u00e9rusalem lorsqu'il en a pris le contr\u00f4le en 1967. Sous le r\u00e9gime isra\u00e9lien, J\u00e9rusalem-Est a apport\u00e9 plus de libert\u00e9 et de prosp\u00e9rit\u00e9 \u00e0 ses habitants que sous tous les r\u00e9gimes pr\u00e9c\u00e9dents, y compris les r\u00e9gimes ottoman, britannique et jordanien.<\/span><\/p>\n<p class=\"MsoNormal\" style=\"text-align: justify; line-height: 150%;\"><span style=\"font-size: 12.0pt; line-height: 150%; font-family: 'Helvetica',sans-serif; color: black;\">Les sondages montrent que la plupart des Arabes de J\u00e9rusalem-Est pr\u00e9f\u00e8rent le r\u00e9gime isra\u00e9lien. Les droits des chr\u00e9tiens et des juifs seront menac\u00e9s dans un \u00c9tat islamique de Palestine gouvern\u00e9 par le Hamas. Cette r\u00e9solution ouvre la voie \u00e0 l'oppression et constitue une parodie de justice.<\/span><\/p>\n<\/td>\n<\/tr>\n<\/tbody>\n<\/table>\n<\/td>\n<\/tr>\n<tr>\n<td style=\"padding: 0cm 0cm 0cm 0cm;\" valign=\"top\">\n<table class=\"MsoNormalTable\" style=\"width: 100.0%; border-collapse: collapse;\" border=\"0\" width=\"100%\" cellspacing=\"0\" cellpadding=\"0\">\n<tbody>\n<tr>\n<td style=\"padding: 9.0pt 18.0pt 9.0pt 18.0pt;\">\n<p class=\"MsoNormal\" style=\"text-align: center; line-height: 150%;\" align=\"center\"><b><u><span style=\"font-size: 13.5pt; line-height: 150%; font-family: 'Helvetica',sans-serif; color: black;\">L'avez-vous d\u00e9j\u00e0 lu ? <\/span><\/u><\/b><b><\/b><\/p>\n<p class=\"MsoNormal\" style=\"text-align: center; line-height: 150%;\" align=\"center\"><em><b><u><span style=\"font-size: 12.0pt; line-height: 150%; font-family: 'Helvetica',sans-serif; color: black;\">de l'entreprise <\/span><\/u><\/b><\/em><b><u><span style=\"font-size: 12.0pt; line-height: 150%; font-family: 'Helvetica',sans-serif; color: black;\">Analyse de l'arr\u00eat de la CIJ sur le \"territoire palestinien occup\u00e9\" (en anglais) <\/span><\/u><\/b><b><\/b><\/p>\n<\/td>\n<\/tr>\n<\/tbody>\n<\/table>\n<\/td>\n<\/tr>\n<tr>\n<td style=\"padding: 9.0pt 0cm 9.0pt 0cm;\" valign=\"top\">\n<p class=\"MsoNormal\" style=\"text-align: center;\" align=\"center\"><a href=\"https:\/\/thinc-israel.us20.list-manage.com\/track\/click?u=38a420e8e16638bb80e1e30ab&amp;id=41bf2f188c&amp;e=f9346cd9f1\" target=\"_blank\" rel=\"noopener\"><span style=\"color: blue; border: none windowtext 1.0pt; padding: 0cm; text-decoration: none;\"><img decoding=\"async\" id=\"_x0000_i1026\" style=\"width: 6.875in;\" src=\"https:\/\/mcusercontent.com\/38a420e8e16638bb80e1e30ab\/images\/7a77febf-8abf-90bc-d1fd-fcb92a295bbc.jpg\" width=\"660\" border=\"0\" \/><\/span><\/a><\/p>\n<\/td>\n<\/tr>\n<tr>\n<td style=\"padding: 0cm 0cm 0cm 0cm;\" valign=\"top\">\n<table class=\"MsoNormalTable\" style=\"width: 100.0%; border-collapse: collapse;\" border=\"0\" width=\"100%\" cellspacing=\"0\" cellpadding=\"0\">\n<tbody>\n<tr>\n<td style=\"padding: 9.0pt 18.0pt 9.0pt 18.0pt;\">\n<p class=\"MsoNormal\" style=\"line-height: 150%;\"><em><u><span style=\"font-size: 12.0pt; line-height: 150%; font-family: 'Helvetica',sans-serif; color: black;\">mince.<\/span><\/u><\/em><u><span style=\"font-size: 12.0pt; line-height: 150%; font-family: 'Helvetica',sans-serif; color: black;\"> Briefing - Rappel du contexte de cette situation :<\/span><\/u><\/p>\n<p class=\"MsoNormal\" style=\"line-height: 150%;\"><span style=\"font-size: 12.0pt; line-height: 150%; font-family: 'Helvetica',sans-serif; color: black;\">\u00a0<\/span><span style=\"font-size: 12.0pt; line-height: 150%; font-family: 'Helvetica',sans-serif; color: black;\">Dans son avis consultatif du 19 juillet 2024, la Cour internationale de justice (CIJ) a estim\u00e9 que la \"pr\u00e9sence continue\" d'Isra\u00ebl en Cisjordanie (c'est-\u00e0-dire en Jud\u00e9e et en Samarie), \u00e0 J\u00e9rusalem-Est et \u00e0 Gaza (d\u00e9sign\u00e9s sous le nom de \"territoire palestinien occup\u00e9\" (TPO)) \u00e9tait ill\u00e9gale.<\/span><\/p>\n<p class=\"MsoNormal\" style=\"line-height: 150%;\"><span style=\"font-size: 12.0pt; line-height: 150%; font-family: 'Helvetica',sans-serif; color: black;\">\u00a0<\/span><span style=\"font-size: 12.0pt; line-height: 150%; font-family: 'Helvetica',sans-serif; color: black;\">Selon 11 des 15 juges de la Cour, Isra\u00ebl doit mettre fin sans condition \u00e0 sa pr\u00e9sence dans ces territoires. En outre, l'ONU et tous les \u00c9tats doivent coop\u00e9rer pour mettre en \u0153uvre des mesures visant \u00e0 garantir qu'Isra\u00ebl mette fin \u00e0 sa pr\u00e9sence dans ces territoires \"aussi rapidement que possible\".<\/span><\/p>\n<p class=\"MsoNormal\" style=\"line-height: 150%;\"><span style=\"font-size: 12.0pt; line-height: 150%; font-family: 'Helvetica',sans-serif; color: black;\">\u00a0<\/span><span style=\"font-size: 12.0pt; line-height: 150%; font-family: 'Helvetica',sans-serif; color: black;\">Cet avis a fait l'objet de critiques importantes de la part de certains juges de la Cour. Quatre d'entre eux ont propos\u00e9 une perspective fondamentalement diff\u00e9rente, affirmant que la pr\u00e9sence d'Isra\u00ebl n'est pas ill\u00e9gale et qu'Isra\u00ebl n'est donc pas oblig\u00e9 de mettre fin \u00e0 sa pr\u00e9sence dans les Territoires, en tant que telle.<\/span><\/p>\n<p class=\"MsoNormal\" style=\"line-height: 150%;\"><span style=\"font-size: 12.0pt; line-height: 150%; font-family: 'Helvetica',sans-serif; color: black;\">\u00a0<\/span><em><span style=\"font-size: 10.5pt; line-height: 150%; font-family: 'Helvetica',sans-serif; color: black;\">Pour mieux comprendre les complexit\u00e9s entourant le r\u00e9cent avis consultatif de la CIJ sur la pr\u00e9sence d'Isra\u00ebl en Jud\u00e9e, en Samarie, \u00e0 J\u00e9rusalem-Est et \u00e0 Gaza, nous vous invitons \u00e0 lire notre dossier complet. <\/span><\/em><\/p>\n<\/td>\n<\/tr>\n<\/tbody>\n<\/table>\n<\/td>\n<\/tr>\n<\/tbody>\n<\/table>\n<p class=\"MsoNormal\">\n<\/div>\n<\/div>","protected":false},"excerpt":{"rendered":"<p>On September 18th, the U.N. General Assembly adopted a resolution calling for Israel to withdraw its presence from Judea, Samaria, East Jerusalem and Gaza: all settlements are to be evacuated. The resolution calls on all UN member states to introduce boycotts, divestment and sanctions against Israel to pressure it to vacate these territories. \u00a0 Effectively, [&hellip;]<\/p>\n","protected":false},"author":7,"featured_media":0,"comment_status":"closed","ping_status":"closed","sticky":false,"template":"","format":"standard","meta":{"_acf_changed":false,"footnotes":""},"categories":[20],"tags":[84,50,21,82,68],"class_list":["post-2115","post","type-post","status-publish","format-standard","hentry","category-news","tag-general-assembly","tag-icj-advisory-opinion","tag-international-court-of-justice","tag-new-york","tag-palestinian-state"],"acf":[],"_links":{"self":[{"href":"https:\/\/thetrial.org\/fr\/wp-json\/wp\/v2\/posts\/2115","targetHints":{"allow":["GET"]}}],"collection":[{"href":"https:\/\/thetrial.org\/fr\/wp-json\/wp\/v2\/posts"}],"about":[{"href":"https:\/\/thetrial.org\/fr\/wp-json\/wp\/v2\/types\/post"}],"author":[{"embeddable":true,"href":"https:\/\/thetrial.org\/fr\/wp-json\/wp\/v2\/users\/7"}],"replies":[{"embeddable":true,"href":"https:\/\/thetrial.org\/fr\/wp-json\/wp\/v2\/comments?post=2115"}],"version-history":[{"count":2,"href":"https:\/\/thetrial.org\/fr\/wp-json\/wp\/v2\/posts\/2115\/revisions"}],"predecessor-version":[{"id":2118,"href":"https:\/\/thetrial.org\/fr\/wp-json\/wp\/v2\/posts\/2115\/revisions\/2118"}],"wp:attachment":[{"href":"https:\/\/thetrial.org\/fr\/wp-json\/wp\/v2\/media?parent=2115"}],"wp:term":[{"taxonomy":"category","embeddable":true,"href":"https:\/\/thetrial.org\/fr\/wp-json\/wp\/v2\/categories?post=2115"},{"taxonomy":"post_tag","embeddable":true,"href":"https:\/\/thetrial.org\/fr\/wp-json\/wp\/v2\/tags?post=2115"}],"curies":[{"name":"wp","href":"https:\/\/api.w.org\/{rel}","templated":true}]}}