{"id":2115,"date":"2024-09-22T18:00:46","date_gmt":"2024-09-22T16:00:46","guid":{"rendered":"https:\/\/thetrial.org\/?p=2115"},"modified":"2024-09-22T18:15:54","modified_gmt":"2024-09-22T16:15:54","slug":"un-passes-dangerous-resolution-forcing-jews-to-withdraw-from-judea-samaria-and-east-jerusalem-in-12-months","status":"publish","type":"post","link":"https:\/\/thetrial.org\/nl\/un-passes-dangerous-resolution-forcing-jews-to-withdraw-from-judea-samaria-and-east-jerusalem-in-12-months\/","title":{"rendered":"VN neemt gevaarlijke resolutie aan die Joden dwingt zich binnen 12 maanden terug te trekken uit Judea, Samaria en Oost-Jeruzalem"},"content":{"rendered":"<div>\n<div class=\"WordSection1\">\n<table class=\"MsoNormalTable\" style=\"width: 100.0%; border-collapse: collapse;\" border=\"0\" width=\"100%\" cellspacing=\"0\" cellpadding=\"0\">\n<tbody>\n<tr>\n<td style=\"padding: 0cm 0cm 0cm 0cm;\" valign=\"top\">\n<table class=\"MsoNormalTable\" style=\"width: 100.0%; border-collapse: collapse;\" border=\"0\" width=\"100%\" cellspacing=\"0\" cellpadding=\"0\">\n<tbody>\n<tr>\n<td style=\"padding: 9.0pt 18.0pt 9.0pt 18.0pt;\">\n<p class=\"MsoNormal\" style=\"text-align: justify; line-height: 150%;\"><span style=\"font-size: 12.0pt; line-height: 150%; font-family: 'Helvetica',sans-serif; color: black;\">Op 18 september werd de <strong><span style=\"font-family: 'Helvetica',sans-serif;\">Algemene Vergadering van de V.N. <\/span><\/strong>een resolutie aangenomen waarin Isra\u00ebl wordt opgeroepen zijn aanwezigheid terug te trekken uit <strong><span style=\"font-family: 'Helvetica',sans-serif;\">Judea, Samaria, Oost-Jeruzalem en Gaza<\/span><\/strong>: alle nederzettingen moeten worden ontruimd. De resolutie roept alle VN-lidstaten op om boycots, desinvesteringen en sancties tegen Isra\u00ebl in te stellen om het land onder druk te zetten deze gebieden te ontruimen. \u00a0<\/span><\/p>\n<p class=\"MsoNormal\" style=\"text-align: justify; line-height: 150%;\"><span style=\"font-size: 12.0pt; line-height: 150%; font-family: 'Helvetica',sans-serif; color: black;\">In feite roept de resolutie op tot de etnische zuivering van Joden uit de \"bezette Palestijnse gebieden\" en de oprichting van een <em><span style=\"font-family: 'Helvetica',sans-serif;\">\"judenrein<\/span><\/em>\"staat Palestina. \u00a0<\/span><\/p>\n<p class=\"MsoNormal\" style=\"text-align: justify; line-height: 150%;\"><span style=\"font-size: 12.0pt; line-height: 150%; font-family: 'Helvetica',sans-serif; color: black;\">Het zal ook leiden tot de herverdeling van Jeruzalem, zoals het was onder Jordaans bewind (1948-1967). De resolutie werd aangenomen door een meerderheid van 124 lidstaten. Veertien landen waren tegen de resolutie en 43 landen onthielden zich van stemming. <\/span><span style=\"font-size: 12.0pt; line-height: 150%; font-family: 'Helvetica',sans-serif; color: black;\">\u00a0<\/span><\/p>\n<p class=\"MsoNormal\" style=\"line-height: 150%;\"><strong><span style=\"font-size: 12.0pt; line-height: 150%; font-family: 'Helvetica',sans-serif; color: black;\">Deze resolutie is om vele redenen zeer problematisch.<\/span><\/strong><span style=\"font-size: 12.0pt; line-height: 150%; font-family: 'Helvetica',sans-serif; color: black;\">\u00a0<\/span><\/p>\n<p class=\"MsoNormal\" style=\"text-align: justify; line-height: 150%;\"><span style=\"font-size: 12.0pt; line-height: 150%; font-family: 'Helvetica',sans-serif; color: black;\">Ten eerste is het belangrijk om te begrijpen dat deze resolutie en het advies van het ICJ van 19 juli 2024 het resultaat zijn van een langdurige, ongekende en goed gefinancierde campagne van de Palestijnen om de wet te bestrijden, die begon met de tweede intifada. Hun campagne is bedoeld om de doelstelling van de Palestijnse Bevrijdingsorganisatie (PLO) om heel Palestina te bevrijden te bevorderen, door onderhandelingen te goeder trouw te vermijden en het bestaan van Isra\u00ebl als Joodse staat te ondermijnen.<\/span><span style=\"font-size: 12.0pt; line-height: 150%; font-family: 'Helvetica',sans-serif; color: black;\">\u00a0<\/span><\/p>\n<p class=\"MsoNormal\" style=\"text-align: justify; line-height: 150%;\"><span style=\"font-size: 12.0pt; line-height: 150%; font-family: 'Helvetica',sans-serif; color: black;\">Gesteund door de Arabische Liga, de Organisatie van Islamitische Samenwerking (OIC) en de Niet-Gebonden Beweging (NAM) - waarvan de leden samen meer dan de helft van de VN-lidstaten vertegenwoordigen - hebben de Palestijnen de Algemene Vergadering bewust gebruikt als middel om de internationale gerechtshoven te manipuleren. Onder zijn huidige voorzitter toonde het ICJ zich bereid om gepolitiseerd en gemanipuleerd te worden. De eenzijdige ICJ-procedures waren politiek gedreven - een heksenjacht, geen eerlijk proces. <\/span><span style=\"font-size: 12.0pt; line-height: 150%; font-family: 'Helvetica',sans-serif; color: black;\">\u00a0<\/span><\/p>\n<p class=\"MsoNormal\" style=\"text-align: center; line-height: 150%;\" align=\"center\"><span style=\"font-size: 12.0pt; line-height: 150%; font-family: 'Helvetica',sans-serif; color: black;\"><strong>De stemming over deze resolutie was als volgt<\/strong>:<\/span><\/p>\n<\/td>\n<\/tr>\n<\/tbody>\n<\/table>\n<\/td>\n<\/tr>\n<tr>\n<td style=\"padding: 9.0pt 0cm 9.0pt 0cm;\" valign=\"top\">\n<p class=\"MsoNormal\" style=\"text-align: center;\" align=\"center\"><span style=\"border: none windowtext 1.0pt; padding: 0cm;\"><img decoding=\"async\" id=\"_x0000_i1025\" style=\"width: 5.8416in;\" src=\"https:\/\/mcusercontent.com\/38a420e8e16638bb80e1e30ab\/images\/63b8d5fe-7ba9-d4d1-0ca2-bbd7808492d4.png\" width=\"561\" \/><\/span><\/p>\n<\/td>\n<\/tr>\n<tr>\n<td style=\"padding: 0cm 0cm 0cm 0cm;\" valign=\"top\">\n<table class=\"MsoNormalTable\" style=\"width: 100.0%; border-collapse: collapse;\" border=\"0\" width=\"100%\" cellspacing=\"0\" cellpadding=\"0\">\n<tbody>\n<tr>\n<td style=\"padding: 9.0pt 18.0pt 9.0pt 18.0pt;\">\n<p class=\"MsoNormal\" style=\"text-align: justify; line-height: 150%;\"><span style=\"font-size: 12.0pt; line-height: 150%; font-family: 'Helvetica',sans-serif; color: black;\">Deze AVVN-resolutie bewijst lippendienst aan het internationaal recht. Maar het eenzijdige ICJ-advies en de resolutie ondermijnen in feite het internationaal recht. Zoals verschillende rechters opmerkten, tarten de enige focus op Isra\u00eblische schendingen en de conclusie dat Isra\u00ebls aanwezigheid in de gebieden illegaal is, de wet, de logica en de realiteit.<\/span><\/p>\n<p class=\"MsoNormal\" style=\"text-align: justify; line-height: 150%;\"><span style=\"font-size: 12.0pt; line-height: 150%; font-family: 'Helvetica',sans-serif; color: black;\">Vanwege de bevooroordeelde vragen die het Hof moest beantwoorden, herschreef het in feite de geschiedenis, negeerde het de Arabische agressie van 1948 en 1967, evenals het Palestijnse terrorisme sinds de jaren 1970, en hield het geen rekening met de territoriale aanspraken van Isra\u00ebl en zijn recht op veiligheid. <\/span><\/p>\n<p class=\"MsoNormal\" style=\"text-align: justify; line-height: 150%;\"><span style=\"font-size: 12.0pt; line-height: 150%; font-family: 'Helvetica',sans-serif; color: black;\">Het meest problematische is dat het advies en deze resolutie de realiteit ter plaatse negeren. De PLO wil een islamitische staat van de rivier tot aan de zee, geen tweestatenoplossing. De Palestijnse Autoriteit (PA) heeft geen gezag op de Westelijke Jordaanoever en in Gaza, dus wie denkt het ICJ dat er gaat regeren? We kunnen er zeker van zijn dat het niet de Palestijnse gematigden zullen zijn; de door Iran gesponsorde terreurcellen zijn te diep geworteld. <\/span><\/p>\n<p class=\"MsoNormal\" style=\"text-align: justify; line-height: 150%;\"><span style=\"font-size: 12.0pt; line-height: 150%; font-family: 'Helvetica',sans-serif; color: black;\">Als deze resolutie wordt uitgevoerd, wordt een scenario opgesteld voor de mogelijke oprichting van nog een mislukte islamitische staat in de regio, die uit is op de vernietiging van de enige Joodse staat ter wereld. \u00a0<\/span><\/p>\n<p class=\"MsoNormal\" style=\"text-align: justify; line-height: 150%;\"><span style=\"font-size: 12.0pt; line-height: 150%; font-family: 'Helvetica',sans-serif; color: black;\">Isra\u00ebl overal de schuld van geven en de Palestijnen straffeloos door laten gaan met hun eigen grove schendingen van het internationaal recht, beloont Palestijns afwijzend gedrag, geweld en agressie. Het schept een gevaarlijk precedent en zal leiden tot meer geweld in de regio, niet minder. <\/span><\/p>\n<p class=\"MsoNormal\" style=\"text-align: justify; line-height: 150%;\"><span style=\"font-size: 12.0pt; line-height: 150%; font-family: 'Helvetica',sans-serif; color: black;\">Wat betreft het zogenaamde \"Oost-Jeruzalem\": Isra\u00ebl had het volste recht om Jeruzalem te herenigen toen het de macht overnam in 1967. Oost-Jeruzalem onder Isra\u00eblische heerschappij had de inwoners meer vrijheid en welvaart gebracht dan onder alle voorgaande regimes, waaronder het Ottomaanse, Britse en Jordaanse.<\/span><\/p>\n<p class=\"MsoNormal\" style=\"text-align: justify; line-height: 150%;\"><span style=\"font-size: 12.0pt; line-height: 150%; font-family: 'Helvetica',sans-serif; color: black;\">Uit opiniepeilingen blijkt dat de meeste Arabieren in Oost-Jeruzalem de voorkeur geven aan een Isra\u00eblisch bestuur. De rechten van christenen en joden zullen worden bedreigd in een islamitische staat Palestina onder leiding van Hamas. Deze resolutie effent de weg naar onderdrukking en is een aanfluiting van rechtvaardigheid.<\/span><\/p>\n<\/td>\n<\/tr>\n<\/tbody>\n<\/table>\n<\/td>\n<\/tr>\n<tr>\n<td style=\"padding: 0cm 0cm 0cm 0cm;\" valign=\"top\">\n<table class=\"MsoNormalTable\" style=\"width: 100.0%; border-collapse: collapse;\" border=\"0\" width=\"100%\" cellspacing=\"0\" cellpadding=\"0\">\n<tbody>\n<tr>\n<td style=\"padding: 9.0pt 18.0pt 9.0pt 18.0pt;\">\n<p class=\"MsoNormal\" style=\"text-align: center; line-height: 150%;\" align=\"center\"><b><u><span style=\"font-size: 13.5pt; line-height: 150%; font-family: 'Helvetica',sans-serif; color: black;\">Heb je het al gelezen? <\/span><\/u><\/b><b><\/b><\/p>\n<p class=\"MsoNormal\" style=\"text-align: center; line-height: 150%;\" align=\"center\"><em><b><u><span style=\"font-size: 12.0pt; line-height: 150%; font-family: 'Helvetica',sans-serif; color: black;\">thinc.'s <\/span><\/u><\/b><\/em><b><u><span style=\"font-size: 12.0pt; line-height: 150%; font-family: 'Helvetica',sans-serif; color: black;\">analyse van de uitspraak van het Internationaal Gerechtshof over de \"bezette Palestijnse gebieden <\/span><\/u><\/b><b><\/b><\/p>\n<\/td>\n<\/tr>\n<\/tbody>\n<\/table>\n<\/td>\n<\/tr>\n<tr>\n<td style=\"padding: 9.0pt 0cm 9.0pt 0cm;\" valign=\"top\">\n<p class=\"MsoNormal\" style=\"text-align: center;\" align=\"center\"><a href=\"https:\/\/thinc-israel.us20.list-manage.com\/track\/click?u=38a420e8e16638bb80e1e30ab&amp;id=41bf2f188c&amp;e=f9346cd9f1\" target=\"_blank\" rel=\"noopener\"><span style=\"color: blue; border: none windowtext 1.0pt; padding: 0cm; text-decoration: none;\"><img decoding=\"async\" id=\"_x0000_i1026\" style=\"width: 6.875in;\" src=\"https:\/\/mcusercontent.com\/38a420e8e16638bb80e1e30ab\/images\/7a77febf-8abf-90bc-d1fd-fcb92a295bbc.jpg\" width=\"660\" border=\"0\" \/><\/span><\/a><\/p>\n<\/td>\n<\/tr>\n<tr>\n<td style=\"padding: 0cm 0cm 0cm 0cm;\" valign=\"top\">\n<table class=\"MsoNormalTable\" style=\"width: 100.0%; border-collapse: collapse;\" border=\"0\" width=\"100%\" cellspacing=\"0\" cellpadding=\"0\">\n<tbody>\n<tr>\n<td style=\"padding: 9.0pt 18.0pt 9.0pt 18.0pt;\">\n<p class=\"MsoNormal\" style=\"line-height: 150%;\"><em><u><span style=\"font-size: 12.0pt; line-height: 150%; font-family: 'Helvetica',sans-serif; color: black;\">thinc.<\/span><\/u><\/em><u><span style=\"font-size: 12.0pt; line-height: 150%; font-family: 'Helvetica',sans-serif; color: black;\"> Briefing - Herinnering als context voor deze situatie:<\/span><\/u><\/p>\n<p class=\"MsoNormal\" style=\"line-height: 150%;\"><span style=\"font-size: 12.0pt; line-height: 150%; font-family: 'Helvetica',sans-serif; color: black;\">\u00a0<\/span><span style=\"font-size: 12.0pt; line-height: 150%; font-family: 'Helvetica',sans-serif; color: black;\">In zijn advies van 19 juli 2024 heeft het Internationaal Gerechtshof (ICJ) geoordeeld dat de \"voortdurende aanwezigheid\" van Isra\u00ebl op de Westelijke Jordaanoever (d.w.z. Judea en Samaria), Oost-Jeruzalem en Gaza (waarnaar wordt verwezen als de \"Bezette Palestijnse Gebieden\" (OPT) onwettig is.<\/span><\/p>\n<p class=\"MsoNormal\" style=\"line-height: 150%;\"><span style=\"font-size: 12.0pt; line-height: 150%; font-family: 'Helvetica',sans-serif; color: black;\">\u00a0<\/span><span style=\"font-size: 12.0pt; line-height: 150%; font-family: 'Helvetica',sans-serif; color: black;\">Volgens 11 van de 15 rechters van het hof moet Isra\u00ebl zijn aanwezigheid in de genoemde gebieden onvoorwaardelijk be\u00ebindigen. Daarnaast moeten de VN en alle staten samenwerken om maatregelen te implementeren die ervoor zorgen dat Isra\u00ebl zijn aanwezigheid in deze gebieden \"zo snel mogelijk\" be\u00ebindigt.<\/span><\/p>\n<p class=\"MsoNormal\" style=\"line-height: 150%;\"><span style=\"font-size: 12.0pt; line-height: 150%; font-family: 'Helvetica',sans-serif; color: black;\">\u00a0<\/span><span style=\"font-size: 12.0pt; line-height: 150%; font-family: 'Helvetica',sans-serif; color: black;\">Dit advies kreeg aanzienlijke kritiek van enkele van de eigen rechters van het hof. Vier van hen boden een fundamenteel ander perspectief en zeiden dat de aanwezigheid van Isra\u00ebl niet onwettig is en dat Isra\u00ebl daarom niet verplicht is om zijn aanwezigheid in de Gebieden als zodanig te be\u00ebindigen.<\/span><\/p>\n<p class=\"MsoNormal\" style=\"line-height: 150%;\"><span style=\"font-size: 12.0pt; line-height: 150%; font-family: 'Helvetica',sans-serif; color: black;\">\u00a0<\/span><em><span style=\"font-size: 10.5pt; line-height: 150%; font-family: 'Helvetica',sans-serif; color: black;\">Voor een beter begrip van de complexiteit van het recente advies van het ICJ over de aanwezigheid van Isra\u00ebl in Judea, Samaria, Oost-Jeruzalem en Gaza, nodigen we je uit om onze volledige briefing te lezen. <\/span><\/em><\/p>\n<\/td>\n<\/tr>\n<\/tbody>\n<\/table>\n<\/td>\n<\/tr>\n<\/tbody>\n<\/table>\n<p class=\"MsoNormal\">\n<\/div>\n<\/div>","protected":false},"excerpt":{"rendered":"<p>On September 18th, the U.N. General Assembly adopted a resolution calling for Israel to withdraw its presence from Judea, Samaria, East Jerusalem and Gaza: all settlements are to be evacuated. The resolution calls on all UN member states to introduce boycotts, divestment and sanctions against Israel to pressure it to vacate these territories. \u00a0 Effectively, [&hellip;]<\/p>\n","protected":false},"author":7,"featured_media":0,"comment_status":"closed","ping_status":"closed","sticky":false,"template":"","format":"standard","meta":{"_acf_changed":false,"footnotes":""},"categories":[20],"tags":[84,50,21,82,68],"class_list":["post-2115","post","type-post","status-publish","format-standard","hentry","category-news","tag-general-assembly","tag-icj-advisory-opinion","tag-international-court-of-justice","tag-new-york","tag-palestinian-state"],"acf":[],"_links":{"self":[{"href":"https:\/\/thetrial.org\/nl\/wp-json\/wp\/v2\/posts\/2115","targetHints":{"allow":["GET"]}}],"collection":[{"href":"https:\/\/thetrial.org\/nl\/wp-json\/wp\/v2\/posts"}],"about":[{"href":"https:\/\/thetrial.org\/nl\/wp-json\/wp\/v2\/types\/post"}],"author":[{"embeddable":true,"href":"https:\/\/thetrial.org\/nl\/wp-json\/wp\/v2\/users\/7"}],"replies":[{"embeddable":true,"href":"https:\/\/thetrial.org\/nl\/wp-json\/wp\/v2\/comments?post=2115"}],"version-history":[{"count":2,"href":"https:\/\/thetrial.org\/nl\/wp-json\/wp\/v2\/posts\/2115\/revisions"}],"predecessor-version":[{"id":2118,"href":"https:\/\/thetrial.org\/nl\/wp-json\/wp\/v2\/posts\/2115\/revisions\/2118"}],"wp:attachment":[{"href":"https:\/\/thetrial.org\/nl\/wp-json\/wp\/v2\/media?parent=2115"}],"wp:term":[{"taxonomy":"category","embeddable":true,"href":"https:\/\/thetrial.org\/nl\/wp-json\/wp\/v2\/categories?post=2115"},{"taxonomy":"post_tag","embeddable":true,"href":"https:\/\/thetrial.org\/nl\/wp-json\/wp\/v2\/tags?post=2115"}],"curies":[{"name":"wp","href":"https:\/\/api.w.org\/{rel}","templated":true}]}}