{"id":630,"date":"2024-07-21T14:56:32","date_gmt":"2024-07-21T12:56:32","guid":{"rendered":"https:\/\/development.thetrial.org\/?p=630"},"modified":"2024-08-15T09:52:08","modified_gmt":"2024-08-15T07:52:08","slug":"israel-further-isolated-after-international-court-of-justice-judgment-on-occupation","status":"publish","type":"post","link":"https:\/\/thetrial.org\/nl\/israel-further-isolated-after-international-court-of-justice-judgment-on-occupation\/","title":{"rendered":"Isra\u00ebl verder ge\u00efsoleerd na uitspraak Internationaal Gerechtshof over \u2018bezetting\u2019"},"content":{"rendered":"<div>\n<p class=\"intro drop-caps\" style=\"box-sizing: inherit; margin: 0px 0px 40px; clear: left; font-size: 20px; line-height: 26px; font-family: \"ff meta serif w01\", georgia, \"times new roman\", times, serif; font-variant-ligatures: normal; orphans: 2; widows: background-color: rgb(255, 255, 255); text-decoration-thickness: initial; text-decoration-style: text-decoration-color: initial;\"><font style=\"box-sizing: inherit; vertical-align: inherit;\">Op vrijdag 19 juli bracht het Internationaal Gerechtshof een advies uit in een zaak over \"de praktijken van Isra\u00ebl in de bezette Palestijnse gebieden, met inbegrip van Oost-Jeruzalem\". Het advies is, zoals verwacht, ongunstig voor Isra\u00ebl en zal verstrekkende gevolgen hebben voor de internationale steun aan het land.<\/font><\/p>\n<p class=\"intro drop-caps\" style=\"box-sizing: inherit; margin: 0px 0px 40px; clear: left; line-height: 26px; font-variant-ligatures: normal; orphans: 2; widows: 2; background-color: rgb(255, 255, 255); text-decoration-thickness: initial; text-decoration-style: initial; text-decoration-color: initial;\"><font face=\"FF Meta Serif W01, Georgia, Times New Roman, Times, serif\"><span style=\"font-size: 20px;\"><img decoding=\"async\" alt=\"vredespaleislageurre.jpg\" src=\"https:\/\/thetrial.org\/wp-content\/uploads\/vredespaleislageurre.jpg\"><\/span><\/font><\/p>\n<div class=\"author author-incontent authors-inline\" style=\"font-size: 16px; box-sizing: inherit; overflow: hidden; float: right; font-family: \"ff meta serif w01\", georgia, \"times new roman\", times, serif; line-height: 21px; font-variant-ligatures: normal; orphans: 2; widows: background-color: rgb(255, 255, 255); text-decoration-thickness: initial; text-decoration-style: text-decoration-color: initial;\">\n<div class=\"author-inline\" style=\"box-sizing: inherit; display: flex; -webkit-box-orient: horizontal; -webkit-box-direction: normal; flex-direction: row; -webkit-box-pack: justify; justify-content: space-between; background-color: rgb(239, 225, 225); margin-bottom: 30px; min-height: 154px; margin-left: 20px; width: 258px !important;\">\n<div class=\"author-inline__text\" style=\"box-sizing: inherit; font-family: \"ciutadella w04\", \"helvetica neue\", helvetica, arial, sans-serif; font-size: 14px; line-height: 17px; padding: 14px 19px;\">\n<div class=\"author-inline__name\" style=\"box-sizing: inherit; text-transform: uppercase; color: rgb(219, 1, 28); margin-bottom: 10px;\"><font style=\"box-sizing: inherit; vertical-align: inherit;\">NARD LOUIS<\/font><\/div>\n<div class=\"author-inline__description\" style=\"box-sizing: inherit; display: -webkit-box; -webkit-line-clamp: 6; -webkit-box-orient: vertical; overflow: hidden;\"><font style=\"box-sizing: inherit; vertical-align: inherit;\">Nard Lodewijk (1996) werkt sinds 1 juni 2022 op de afdeling economie.<\/font><\/div>\n<p><a href=\"https:\/\/www.ewmagazine.nl\/auteur\/nard-lodewijk\/\" class=\"author-inline__read-more\" style=\"box-sizing: inherit; color: rgb(0, 0, 0);\"><font style=\"box-sizing: inherit; vertical-align: inherit;\">meer lezen<\/font><\/a><\/div>\n<div class=\"author-inline__image\" style=\"box-sizing: inherit; display: flex; align-self: flex-end; height: 108px; aspect-ratio: 0.85 \/ 1;\"><img decoding=\"async\" src=\"https:\/\/cdn.prod.elseone.nl\/uploads\/2023\/03\/Nard-Lodewijk-zww-1-200x260.png\" alt=\"Nard Louis\" style=\"box-sizing: inherit; border: 0px; vertical-align: middle; max-width: 100%; height: 108px; width: 91.7969px; object-fit: cover;\" data-unique-identifier=\"\"><\/div>\n<\/div>\n<div class=\"publish-date\" style=\"box-sizing: inherit;\"><\/div>\n<\/div>\n<p style=\"font-size: 16px; box-sizing: inherit; margin: 0px 0px 24px; font-family: \"ff meta serif w01\", georgia, \"times new roman\", times, serif; line-height: 21px; font-variant-ligatures: normal; orphans: 2; widows: background-color: rgb(255, 255, 255); text-decoration-thickness: initial; text-decoration-style: text-decoration-color: initial;\"><font style=\"box-sizing: inherit; vertical-align: inherit;\">De belangrijkste conclusie: Isra\u00ebl maakt zich schuldig aan een illegale bezetting die onmiddellijk moet worden be\u00ebindigd. Ook de bezetting en annexatie van Oost-Jeruzalem moet worden gestopt en de zogenaamde nederzettingen - Isra\u00eblische steden en dorpen op de Westelijke Jordaanoever - moeten worden ontruimd. En volgens het Hof wordt de Palestijnse bevolking zelfbeschikking ontzegd en gediscrimineerd. Volgens het ICJ moet Isra\u00ebl zich zo snel mogelijk terugtrekken uit de bezette gebieden en de gedupeerden compenseren.<\/font><\/p>\n<p style=\"font-size: 16px; box-sizing: inherit; margin: 0px 0px 24px; font-family: \"ff meta serif w01\", georgia, \"times new roman\", times, serif; line-height: 21px; font-variant-ligatures: normal; orphans: 2; widows: background-color: rgb(255, 255, 255); text-decoration-thickness: initial; text-decoration-style: text-decoration-color: initial;\"><font style=\"box-sizing: inherit; vertical-align: inherit;\">'Dit is een historische uitspraak', zegt Edwin van 't Pad, medewerker bij The Rights Forum, een mensenrechtenorganisatie die opkomt voor de Palestijnen. De duidelijkheid waarmee het Hof zich uitspreekt is ongekend. Het Hof oordeelt dat Isra\u00ebl zich schuldig maakt aan apartheid en dat de bezetting onmiddellijk moet worden be\u00ebindigd. Mensenrechtenorganisaties roepen hier al jaren om.'<\/font><\/p>\n<h2 style=\"box-sizing: inherit; margin-top: 0px; margin-bottom: 12px; font-family: \"ciutadella w04\", \"helvetica neue\", helvetica, arial, sans-serif; line-height: 23px; font-size: 20px; padding-top: 16px; text-transform: uppercase; font-variant-ligatures: normal; orphans: 2; widows: background-color: rgb(255, 255, 255); text-decoration-thickness: initial; text-decoration-style: text-decoration-color: initial;\"><font style=\"box-sizing: inherit; vertical-align: inherit;\">ISRA\u00cbL WERKT ZELF NIET MEE<\/font><\/h2>\n<p style=\"font-size: 16px; box-sizing: inherit; margin: 0px 0px 24px; font-family: \"ff meta serif w01\", georgia, \"times new roman\", times, serif; line-height: 21px; font-variant-ligatures: normal; orphans: 2; widows: background-color: rgb(255, 255, 255); text-decoration-thickness: initial; text-decoration-style: text-decoration-color: initial;\"><font style=\"box-sizing: inherit; vertical-align: inherit;\">De zaak liep al bijna twee jaar. In december 2022 verzocht de Algemene Vergadering van de Verenigde Naties het Internationaal Gerechtshof (ICJ) om een advies uit te brengen over de \"Isra\u00eblische bezetting van de Westelijke Jordaanoever, Gaza en Oost-Jeruzalem.<\/font><\/p>\n<p style=\"font-size: 16px; box-sizing: inherit; margin: 0px 0px 24px; font-family: \"ff meta serif w01\", georgia, \"times new roman\", times, serif; line-height: 21px; font-variant-ligatures: normal; orphans: 2; widows: background-color: rgb(255, 255, 255); text-decoration-thickness: initial; text-decoration-style: text-decoration-color: initial;\"><font style=\"box-sizing: inherit; vertical-align: inherit;\">Maar liefst 52 landen dienden hun zienswijze in. Isra\u00ebl zelf werkte niet mee aan de inhoudelijke behandeling van de zaak. Volgens de Palestijnen bezet het land illegaal de Westelijke Jordaanoever en Oost-Jeruzalem. Dat klopt niet helemaal, zegt Freek Vergeer, jurist en beleidsmedewerker bij het informatiecentrum en lobbyorganisatie CIDI (Centrum Informatie en Documentatie Isra\u00ebl) en specialist in internationaal recht.<\/font><\/p>\n<p style=\"font-size: 16px; box-sizing: inherit; margin: 0px 0px 24px; font-family: \"ff meta serif w01\", georgia, \"times new roman\", times, serif; line-height: 21px; font-variant-ligatures: normal; orphans: 2; widows: background-color: rgb(255, 255, 255); text-decoration-thickness: initial; text-decoration-style: text-decoration-color: initial;\"><font style=\"box-sizing: inherit; vertical-align: inherit;\">Oost-Jeruzalem werd officieel geannexeerd in 1980, nadat het was veroverd in de Zesdaagse Oorlog van 1967. De gedeeltelijke bezetting van de Westelijke Jordaanoever komt voort uit de Oslo-akkoorden van 1993 en 1995 en is volgens Isra\u00ebl niet illegaal, omdat er nog steeds geen vredesakkoord is. Isra\u00ebl beroept zich hiermee op de afspraken uit de Oslo-akkoorden. Onderhandelingen moeten leiden tot een definitieve oplossing. Dat is nog niet gebeurd, maar de afspraken uit de Oslo-akkoorden staan nog steeds.<\/font><\/p>\n<h2 style=\"box-sizing: inherit; margin-top: 0px; margin-bottom: 12px; font-family: \"ciutadella w04\", \"helvetica neue\", helvetica, arial, sans-serif; line-height: 23px; font-size: 20px; padding-top: 16px; text-transform: uppercase; font-variant-ligatures: normal; orphans: 2; widows: background-color: rgb(255, 255, 255); text-decoration-thickness: initial; text-decoration-style: text-decoration-color: initial;\"><font style=\"box-sizing: inherit; vertical-align: inherit;\">ISRA\u00cbL HEEFT ZICH NOOIT TERUGGETROKKEN<\/font><\/h2>\n<p style=\"font-size: 16px; box-sizing: inherit; margin: 0px 0px 24px; font-family: \"ff meta serif w01\", georgia, \"times new roman\", times, serif; line-height: 21px; font-variant-ligatures: normal; orphans: 2; widows: background-color: rgb(255, 255, 255); text-decoration-thickness: initial; text-decoration-style: text-decoration-color: initial;\"><font style=\"box-sizing: inherit; vertical-align: inherit;\">De Oslo-akkoorden verdeelden de Westelijke Jordaanoever in drie zones. Zone A (18 procent van het grondgebied) valt onder de Palestijnse Autoriteit (PA). In zone B (22 procent) is de PA de administratieve wetgevende macht, maar samen met Isra\u00ebl verantwoordelijk voor de veiligheid. In verreweg de grootste zone, C (60 procent), oefent Isra\u00ebl het gezag uit.<\/font><\/p>\n<div id=\"bc-below_para_1\" style=\"font-size: 16px; box-sizing: inherit; font-family: \"ff meta serif w01\", georgia, \"times new roman\", times, serif; line-height: 21px; font-variant-ligatures: normal; orphans: 2; widows: background-color: rgb(255, 255, 255); text-decoration-thickness: initial; text-decoration-style: text-decoration-color: initial;\"><\/div>\n<p style=\"font-size: 16px; box-sizing: inherit; margin: 0px 0px 24px; font-family: \"ff meta serif w01\", georgia, \"times new roman\", times, serif; line-height: 21px; font-variant-ligatures: normal; orphans: 2; widows: background-color: rgb(255, 255, 255); text-decoration-thickness: initial; text-decoration-style: text-decoration-color: initial;\"><font style=\"box-sizing: inherit; vertical-align: inherit;\">De bedoeling was dat Isra\u00ebl zich steeds verder zou terugtrekken van de Westelijke Jordaanoever en dat de PA ook controle zou krijgen over gebied C. Dit gebeurde niet, deels vanwege Palestijnse aanvallen op Isra\u00eblische burgers tijdens de Tweede Intifada (2000-2005), en omdat Isra\u00eblische kolonisten steden en dorpen bleven bouwen op de Westelijke Jordaanoever. Deze nederzettingen - waarvan er nog steeds nieuwe bijkomen, gesteund door de huidige Isra\u00eblische regering - zijn internationaal zeer omstreden.<\/font><\/p>\n<h2 style=\"box-sizing: inherit; margin-top: 0px; margin-bottom: 12px; font-family: \"ciutadella w04\", \"helvetica neue\", helvetica, arial, sans-serif; line-height: 23px; font-size: 20px; padding-top: 16px; text-transform: uppercase; font-variant-ligatures: normal; orphans: 2; widows: background-color: rgb(255, 255, 255); text-decoration-thickness: initial; text-decoration-style: text-decoration-color: initial;\"><font style=\"box-sizing: inherit; vertical-align: inherit;\">VERSTREKKENDE GEVOLGEN<\/font><\/h2>\n<p style=\"font-size: 16px; box-sizing: inherit; margin: 0px 0px 24px; font-family: \"ff meta serif w01\", georgia, \"times new roman\", times, serif; line-height: 21px; font-variant-ligatures: normal; orphans: 2; widows: background-color: rgb(255, 255, 255); text-decoration-thickness: initial; text-decoration-style: text-decoration-color: initial;\"><font style=\"box-sizing: inherit; vertical-align: inherit;\">Het Isra\u00eblische parlement, de Knesset, heeft donderdag 18 juli met een grote meerderheid tegen de oprichting van een Palestijnse staat gestemd. 'Dit weerspiegelt de steeds afnemende steun voor een tweestatenoplossing in de Isra\u00eblische samenleving', zegt Freek Vergeer van CIDI. 'In Isra\u00ebl ligt 7 oktober nog vers in het geheugen. Nu instemmen met een oplossing zou betekenen dat terreur wordt beloond, is het sentiment in Isra\u00ebl.'<\/font><\/p>\n<p style=\"font-size: 16px; box-sizing: inherit; margin: 0px 0px 24px; font-family: \"ff meta serif w01\", georgia, \"times new roman\", times, serif; line-height: 21px; font-variant-ligatures: normal; orphans: 2; widows: background-color: rgb(255, 255, 255); text-decoration-thickness: initial; text-decoration-style: text-decoration-color: initial;\"><font style=\"box-sizing: inherit; vertical-align: inherit;\">De Knesset mag dan tegen zijn, maar de rechters van het ICJ zijn het volledig eens met de Palestijnse lezing. Vergeer denkt dat het advies van het ICJ grote gevolgen zal hebben voor de internationale steun aan Isra\u00ebl. Volgens hem is er al enige tijd sprake van een juridisch offensief tegen Isra\u00ebl, wat de internationale positie van het land verzwakt. 'Ook de genocidezaak loopt nog, net als de zaak tegen premier Benjamin Netanyahu en minister van Defensie Yoav Gallant.'<\/font><\/p>\n<p style=\"font-size: 16px; box-sizing: inherit; margin: 0px 0px 24px; font-family: \"ff meta serif w01\", georgia, \"times new roman\", times, serif; line-height: 21px; font-variant-ligatures: normal; orphans: 2; widows: background-color: rgb(255, 255, 255); text-decoration-thickness: initial; text-decoration-style: text-decoration-color: initial;\"><font style=\"box-sizing: inherit; vertical-align: inherit;\">Vergeer denkt dat de Palestijnen slim gebruik maken van een juridische truc, op een moment dat Isra\u00ebl al onder zware internationale druk staat. 'Wil het ICJ een bindende uitspraak doen, dan moeten beide landen, Isra\u00ebl en de Palestijnse Autoriteit, instemmen met de zaak. Maar Isra\u00ebl werkt niet mee. Dus hebben de Palestijnen, via een omweg, alleen om advies gevraagd, wetende dat Isra\u00ebls tegenstanders daar net zoveel gewicht aan zullen hechten als aan een bindende uitspraak.<\/font><\/p>\n<p style=\"font-size: 16px; box-sizing: inherit; margin: 0px 0px 24px; font-family: \"ff meta serif w01\", georgia, \"times new roman\", times, serif; line-height: 21px; font-variant-ligatures: normal; orphans: 2; widows: background-color: rgb(255, 255, 255); text-decoration-thickness: initial; text-decoration-style: text-decoration-color: initial;\"><font style=\"box-sizing: inherit; vertical-align: inherit;\">'Dit zal een nieuwe escalatie veroorzaken in het internationale debat', denkt Vergeer. 'Hoewel het advies geen bindende uitspraak is, zullen tegenstanders van Isra\u00ebl het wel zo zien en presenteren.' Vergeer verwacht ook dat landen zich genoodzaakt zullen zien om druk uit te oefenen tegen Isra\u00ebl en de bezetting. 'Op deze manier zal Isra\u00ebl steeds meer ge\u00efsoleerd raken.'<\/font><\/p>\n<p style=\"font-size: 16px; box-sizing: inherit; margin: 0px 0px 24px; font-family: \"ff meta serif w01\", georgia, \"times new roman\", times, serif; line-height: 21px; font-variant-ligatures: normal; orphans: 2; widows: background-color: rgb(255, 255, 255); text-decoration-thickness: initial; text-decoration-style: text-decoration-color: initial;\"><font style=\"box-sizing: inherit; vertical-align: inherit;\"><\/font><\/p>\n<p style=\"font-size: 16px; box-sizing: inherit; margin: 0px 0px 24px; font-family: \"ff meta serif w01\", georgia, \"times new roman\", times, serif; line-height: 21px; font-variant-ligatures: normal; orphans: 2; widows: background-color: rgb(255, 255, 255); text-decoration-thickness: initial; text-decoration-style: text-decoration-color: initial;\"><font style=\"box-sizing: inherit; vertical-align: inherit;\">'De traditionele bondgenoten kunnen Isra\u00ebl niet langer beschermen', zegt Edwin van 't Pad van The Rights Forum. 'Niemand kan ontkennen dat Isra\u00ebl zich schuldig maakt aan schendingen van het internationaal recht. Ook Nederland niet. De regering moet hiermee aan de slag.'<\/font><\/p>\n<\/div>","protected":false},"excerpt":{"rendered":"<p>On Friday, July 19, the International Court of Justice issued an advisory opinion in a case concerning &#8220;Israel&#8217;s practices in the Occupied Palestinian Territory, including East Jerusalem.&#8221; The opinion is, as expected, unfavorable to Israel and will have far-reaching implications for international support for the country. NARD LOUIS Nard Lodewijk (1996) has been working in [&hellip;]<\/p>\n","protected":false},"author":1,"featured_media":631,"comment_status":"closed","ping_status":"closed","sticky":false,"template":"","format":"standard","meta":{"_acf_changed":false,"footnotes":""},"categories":[20],"tags":[21,24,22,23],"class_list":["post-630","post","type-post","status-publish","format-standard","has-post-thumbnail","hentry","category-news","tag-international-court-of-justice","tag-israel","tag-the-hague","tag-the-trial"],"acf":[],"_links":{"self":[{"href":"https:\/\/thetrial.org\/nl\/wp-json\/wp\/v2\/posts\/630","targetHints":{"allow":["GET"]}}],"collection":[{"href":"https:\/\/thetrial.org\/nl\/wp-json\/wp\/v2\/posts"}],"about":[{"href":"https:\/\/thetrial.org\/nl\/wp-json\/wp\/v2\/types\/post"}],"author":[{"embeddable":true,"href":"https:\/\/thetrial.org\/nl\/wp-json\/wp\/v2\/users\/1"}],"replies":[{"embeddable":true,"href":"https:\/\/thetrial.org\/nl\/wp-json\/wp\/v2\/comments?post=630"}],"version-history":[{"count":2,"href":"https:\/\/thetrial.org\/nl\/wp-json\/wp\/v2\/posts\/630\/revisions"}],"predecessor-version":[{"id":1491,"href":"https:\/\/thetrial.org\/nl\/wp-json\/wp\/v2\/posts\/630\/revisions\/1491"}],"wp:featuredmedia":[{"embeddable":true,"href":"https:\/\/thetrial.org\/nl\/wp-json\/wp\/v2\/media\/631"}],"wp:attachment":[{"href":"https:\/\/thetrial.org\/nl\/wp-json\/wp\/v2\/media?parent=630"}],"wp:term":[{"taxonomy":"category","embeddable":true,"href":"https:\/\/thetrial.org\/nl\/wp-json\/wp\/v2\/categories?post=630"},{"taxonomy":"post_tag","embeddable":true,"href":"https:\/\/thetrial.org\/nl\/wp-json\/wp\/v2\/tags?post=630"}],"curies":[{"name":"wp","href":"https:\/\/api.w.org\/{rel}","templated":true}]}}