{"id":1492,"date":"2024-07-17T09:55:35","date_gmt":"2024-07-17T07:55:35","guid":{"rendered":"https:\/\/thetrial.org\/?p=1492"},"modified":"2024-08-16T14:16:10","modified_gmt":"2024-08-16T12:16:10","slug":"icj-to-issue-opinion-on-judea-samaria-occupation-on-friday-19th-july","status":"publish","type":"post","link":"https:\/\/thetrial.org\/pt\/icj-to-issue-opinion-on-judea-samaria-occupation-on-friday-19th-july\/","title":{"rendered":"CIJ emitir\u00e1 parecer sobre a &quot;ocupa\u00e7\u00e3o&quot; da Judeia e Samaria na sexta-feira, 19 de julho"},"content":{"rendered":"<div>\n<div class=\"WordSection1\">\n<h4>CIJ emitir\u00e1 parecer sobre a &quot;ocupa\u00e7\u00e3o&quot; da Judeia e Samaria na sexta-feira<\/h4>\n<h6>Altos funcion\u00e1rios do governo acreditam que o tribunal da ONU concluir\u00e1 que Israel est\u00e1 violando o direito internacional.<\/h6>\n<p class=\"MsoNormal\"><img loading=\"lazy\" decoding=\"async\" id=\"Afbeelding_x0020_3\" style=\"width: 6.4666in; height: 4.3083in;\" src=\"https:\/\/thetrial.org\/wp-content\/uploads\/image001.jpg\" alt=\"Palestinian Authority diplomat Riyad al-Maliki and members of his delegation at the International Court of Justice in The Hague, Feb. 19, 2024. Photo by Robin van Lonkhuijsen\/ANP\/AFP via Getty Images.\" width=\"621\" height=\"414\" \/><\/p>\n<p class=\"MsoNormal\">O diplomata da Autoridade Palestina Riyad al-Maliki e membros de sua delega\u00e7\u00e3o no Tribunal Internacional de Justi\u00e7a em Haia, 19 de fevereiro de 2024. Foto de Robin van Lonkhuijsen\/ANP\/AFP via Getty Images.<\/p>\n<p class=\"wp-block-paragraph\">O Tribunal Internacional de Justi\u00e7a em Haia dever\u00e1 decidir na sexta-feira se considera a presen\u00e7a militar e civil de Israel em Jerusal\u00e9m Oriental, Judeia e Samaria como um\u00a0<a href=\"https:\/\/www.jns.org\/un-court-opens-hearings-on-israels-ongoing-occupation\/\">\u201cocupa\u00e7\u00e3o\u201d ilegal<\/a>\u00a0segundo o direito internacional, anunciou o bra\u00e7o judicial das Na\u00e7\u00f5es Unidas.<\/p>\n<p class=\"wp-block-paragraph\">O juiz Nawaf Salam, ex-diplomata liban\u00eas que preside o tribunal mundial, ler\u00e1 o parecer consultivo n\u00e3o vinculativo \u00e0s 15h, hor\u00e1rio local, informou a CIJ no in\u00edcio desta semana.<\/p>\n<p class=\"wp-block-paragraph\">As audi\u00eancias foram realizadas em\u00a0<a href=\"https:\/\/www.jns.org\/south-africa-israel-practices-more-extreme-form-of-apartheid\/\">Fevereiro<\/a>\u00a0na sequ\u00eancia de um pedido da Assembleia Geral da ONU, nos termos de uma resolu\u00e7\u00e3o de 2022 que apelava a um inqu\u00e9rito sobre as \u201cConsequ\u00eancias Legais decorrentes das Pol\u00edticas e Pr\u00e1ticas de Israel no Territ\u00f3rio Palestino Ocupado, incluindo Jerusal\u00e9m Oriental\u201d.<\/p>\n<p class=\"wp-block-paragraph\">Israel optou por n\u00e3o enviar um representante, afirmando que o \u00f3rg\u00e3o judicial\u00a0<a href=\"https:\/\/www.jns.org\/jlem-rejects-world-courts-authority-in-second-anti-israel-case\/\">n\u00e3o tem jurisdi\u00e7\u00e3o<\/a>\u00a0e os procedimentos eram \u201cparte da tentativa palestina de ditar os resultados do acordo diplom\u00e1tico sem negocia\u00e7\u00f5es\u201d.<\/p>\n<p class=\"wp-block-paragraph\">Altos funcion\u00e1rios do governo acreditam que o CIJ concluir\u00e1 que Israel est\u00e1 violando o direito internacional na Judeia e Samaria. Os minist\u00e9rios das Rela\u00e7\u00f5es Exteriores e da Justi\u00e7a de Israel temem que a opini\u00e3o do CIJ possa desencadear outra onda de <a href=\"https:\/\/www.jns.org\/eu-sanctions-eight-israelis-entities-over-judea-and-samaria-abuses\/\">san\u00e7\u00f5es<\/a> contra os israelenses.<\/p>\n<p class=\"wp-block-paragraph\">Jerusal\u00e9m tamb\u00e9m teme que o tribunal recorra ao\u00a0<a href=\"https:\/\/www.jns.org\/icc-warrants-against-netanyahu-gallant-expected-within-2-weeks\/\">Tribunal Penal Internacional<\/a>\u00a0para iniciar processos criminais contra altos funcion\u00e1rios respons\u00e1veis pela administra\u00e7\u00e3o da Judeia e Samaria.<\/p>\n<p class=\"wp-block-paragraph\">Shurat HaDin\u2014Israel Law Center alertou na quarta-feira que o tribunal provavelmente decidir\u00e1 que as numerosas comunidades civis israelenses na Judeia e Samaria s\u00e3o \u201cilegais e devem ser desmanteladas imediatamente\u201d.<\/p>\n<p class=\"wp-block-paragraph\">O grupo observou que a publica\u00e7\u00e3o do parecer jur\u00eddico, que dever\u00e1 ocorrer cinco dias antes do Primeiro-Ministro\u00a0<a href=\"https:\/\/www.jns.org\/rescued-hostage-noa-argamani-to-fly-with-netanyahu-to-dc\/\">Benjamin Netanyahu<\/a> se dirige ao Congresso dos EUA, \u201cforneceria refor\u00e7o e legitimidade adicionais para aqueles que buscam prejudicar e boicotar Israel.<\/p>\n<p class=\"wp-block-paragraph\">\u201c\u00c9 um grande impulso ao movimento de \u00f3dio BDS. Al\u00e9m disso, a ONU propor\u00e1 penalidades perigosas e a\u00e7\u00f5es punitivas contra Israel, o que exigir\u00e1 que os Estados Unidos as vetem\u201d, disse a ONG jur\u00eddica.<\/p>\n<p class=\"MsoNormal\"><\/div>\n<\/div>","protected":false},"excerpt":{"rendered":"<p>ICJ to issue opinion on Judea, Samaria &#8216;occupation&#8217; on Friday Senior government officials believe the UN court will conclude that Israel is violating international law. Palestinian Authority diplomat Riyad al-Maliki and members of his delegation at the International Court of Justice in The Hague, Feb. 19, 2024. Photo by Robin van Lonkhuijsen\/ANP\/AFP via Getty Images. [&hellip;]<\/p>\n","protected":false},"author":7,"featured_media":1493,"comment_status":"closed","ping_status":"closed","sticky":false,"template":"","format":"standard","meta":{"_acf_changed":false,"footnotes":""},"categories":[20],"tags":[61,21,22],"class_list":["post-1492","post","type-post","status-publish","format-standard","has-post-thumbnail","hentry","category-news","tag-advisory-opinion","tag-international-court-of-justice","tag-the-hague"],"acf":[],"_links":{"self":[{"href":"https:\/\/thetrial.org\/pt\/wp-json\/wp\/v2\/posts\/1492","targetHints":{"allow":["GET"]}}],"collection":[{"href":"https:\/\/thetrial.org\/pt\/wp-json\/wp\/v2\/posts"}],"about":[{"href":"https:\/\/thetrial.org\/pt\/wp-json\/wp\/v2\/types\/post"}],"author":[{"embeddable":true,"href":"https:\/\/thetrial.org\/pt\/wp-json\/wp\/v2\/users\/7"}],"replies":[{"embeddable":true,"href":"https:\/\/thetrial.org\/pt\/wp-json\/wp\/v2\/comments?post=1492"}],"version-history":[{"count":2,"href":"https:\/\/thetrial.org\/pt\/wp-json\/wp\/v2\/posts\/1492\/revisions"}],"predecessor-version":[{"id":1575,"href":"https:\/\/thetrial.org\/pt\/wp-json\/wp\/v2\/posts\/1492\/revisions\/1575"}],"wp:featuredmedia":[{"embeddable":true,"href":"https:\/\/thetrial.org\/pt\/wp-json\/wp\/v2\/media\/1493"}],"wp:attachment":[{"href":"https:\/\/thetrial.org\/pt\/wp-json\/wp\/v2\/media?parent=1492"}],"wp:term":[{"taxonomy":"category","embeddable":true,"href":"https:\/\/thetrial.org\/pt\/wp-json\/wp\/v2\/categories?post=1492"},{"taxonomy":"post_tag","embeddable":true,"href":"https:\/\/thetrial.org\/pt\/wp-json\/wp\/v2\/tags?post=1492"}],"curies":[{"name":"wp","href":"https:\/\/api.w.org\/{rel}","templated":true}]}}