{"id":1501,"date":"2024-08-12T10:06:17","date_gmt":"2024-08-12T08:06:17","guid":{"rendered":"https:\/\/thetrial.org\/?p=1501"},"modified":"2024-08-15T10:15:26","modified_gmt":"2024-08-15T08:15:26","slug":"the-archbishop-of-canterbury-gets-israel-wrong","status":"publish","type":"post","link":"https:\/\/thetrial.org\/pt\/the-archbishop-of-canterbury-gets-israel-wrong\/","title":{"rendered":"O Arcebispo de Canterbury entende Israel errado"},"content":{"rendered":"<div>\n<div class=\"WordSection1\">\n<h5>Ignorar as a\u00e7\u00f5es brutais do Hamas e ao mesmo tempo condenar Israel seletivamente encoraja aqueles que perpetuam o terror e a viol\u00eancia.<\/h5>\n<p class=\"MsoNormal\"><img loading=\"lazy\" decoding=\"async\" id=\"Afbeelding_x0020_7\" style=\"width: 6.4666in; height: 4.3083in;\" src=\"https:\/\/thetrial.org\/wp-content\/uploads\/image001-2.jpg\" alt=\"Archbishop of Canterbury Justin Welby speaks during the celebration of the second vespers on the occasion of the solemnity of the conversion of St. Paul led by Pope Francis at St Paul's Basilica in Rome on Jan. 25, 2024. Photo by Alessandra Benedetti\/Corbis via Getty Images.\" width=\"621\" height=\"414\" \/><\/p>\n<p class=\"MsoNormal\">O arcebispo de Canterbury, Justin Welby, discursa durante a celebra\u00e7\u00e3o das segundas v\u00e9speras por ocasi\u00e3o da solenidade da convers\u00e3o de S\u00e3o Paulo, liderada pelo Papa Francisco na Bas\u00edlica de S\u00e3o Paulo, em Roma, em 25 de janeiro de 2024. Foto de Alessandra Benedetti\/Corbis via Getty Images.<\/p>\n<p class=\"MsoNormal\"><a title=\"\" href=\"https:\/\/www.jns.org\/writers\/luke-moon\/\"><span style=\"color: blue; text-decoration: none;\"><img loading=\"lazy\" decoding=\"async\" id=\"Afbeelding_x0020_6\" class=\"\" style=\"width: 145px; height: 145px;\" src=\"https:\/\/thetrial.org\/wp-content\/uploads\/image002-1.jpg\" alt=\"Luke Moon\" width=\"400\" height=\"400\" border=\"0\" \/><\/span><\/a><\/p>\n<p class=\"MsoNormal\"><a title=\"Lucas Lua\" href=\"https:\/\/www.jns.org\/writers\/luke-moon\/\">por Luke Moon<\/a><\/p>\n<p class=\"MsoNormal\">Luke Moon \u00e9 o diretor executivo do Projeto Philos e regularmente comenta e escreve sobre quest\u00f5es relacionadas a Israel e \u00e0s rela\u00e7\u00f5es judaico-crist\u00e3s.<\/p>\n<p class=\"MsoNormal\">(12 de agosto de 2024 \/ JNS)<\/p>\n<p class=\"wp-block-paragraph\">Duas semanas ap\u00f3s o tribunal superior das Na\u00e7\u00f5es Unidas, o Tribunal Internacional de Justi\u00e7a, ter emitido um parecer consultivo n\u00e3o vinculativo, em 19 de julho, declarando que \u201ca presen\u00e7a cont\u00ednua do Estado de Israel\u201d na Judeia, Samaria e Jerusal\u00e9m Oriental \u00e9 \u201cilegal\u201d, o Arcebispo de Canterbury, o <a href=\"https:\/\/www.archbishopofcanterbury.org\/about\/about-justin-welby\" target=\"_blank\" rel=\"noopener\">Mais Rvd Justin Welby<\/a>, deu seu apoio inequ\u00edvoco \u00e0 opini\u00e3o.<\/p>\n<p class=\"wp-block-paragraph\">Em um\u00a0<a href=\"https:\/\/www.archbishopofcanterbury.org\/news\/news-and-statements\/archbishop-canterbury-statement-icjs-advisory-opinion-israel-and-occupied\" target=\"_blank\" rel=\"noopener\">declara\u00e7\u00e3o <\/a>emitido na sexta-feira, o arcebispo alegou que Israel est\u00e1 \u201cprivando os palestinos do acesso aos seus recursos naturais e impondo um sistema de governo militar que lhes nega seguran\u00e7a e justi\u00e7a\u201d. Al\u00e9m disso, ele disse que \u201co Estado de Israel tem negado ao povo palestino dignidade, liberdade e esperan\u00e7a\u201d.<\/p>\n<p class=\"wp-block-paragraph\">Ao endossar a opini\u00e3o do TIJ, o arcebispo entende Israel errado.<\/p>\n<p class=\"wp-block-paragraph\">Primeiro, a afirma\u00e7\u00e3o de que a presen\u00e7a de Israel nesses territ\u00f3rios \u00e9 inequivocamente ilegal ignora a hist\u00f3ria multifacetada e as nuances legais da situa\u00e7\u00e3o. As a\u00e7\u00f5es de Israel n\u00e3o s\u00e3o simplesmente uma quest\u00e3o de ocupa\u00e7\u00e3o, mas uma resposta a uma matriz complexa de preocupa\u00e7\u00f5es de seguran\u00e7a, reivindica\u00e7\u00f5es hist\u00f3ricas e repetidos fracassos de negocia\u00e7\u00f5es de paz. Ao endossar a opini\u00e3o do CIJ, o arcebispo insiste em uma narrativa simplista da hist\u00f3ria israelense que difama o estado judeu, ponto final.<\/p>\n<p class=\"wp-block-paragraph\">Al\u00e9m disso, a declara\u00e7\u00e3o do arcebispo observou que ele deseja \u201cresistir a um mundo onde a\u00e7\u00f5es como tortura, tomada de ref\u00e9ns e viol\u00eancia indiscriminada se tornam a norma\u201d.<\/p>\n<p class=\"wp-block-paragraph\">Eu tamb\u00e9m desejo isso, como qualquer crist\u00e3o amante da paz. Mas o que torna esse coment\u00e1rio do arcebispo t\u00e3o repreens\u00edvel \u00e9 que\u00a0<em><span style=\"font-family: 'Calibri',sans-serif;\">ele n\u00e3o condena o Hamas<\/span><\/em>\u2014o mesmo grupo respons\u00e1vel pela tortura, tomada de ref\u00e9ns e viol\u00eancia indiscriminada.<\/p>\n<p class=\"wp-block-paragraph\">A raz\u00e3o pela qual nosso mundo ainda cont\u00e9m esses atos de viol\u00eancia desprez\u00edvel n\u00e3o \u00e9 porque falhamos em aplicar a lei \u201csem medo ou favor em todas as circunst\u00e2ncias\u201d, mas sim porque grupos terroristas como o Hamas continuam sanguin\u00e1rios em seus esfor\u00e7os para matar judeus e crist\u00e3os inocentes. Ignorar as a\u00e7\u00f5es brutais do Hamas enquanto condena Israel seletivamente encoraja aqueles que perpetuam o terror e a viol\u00eancia.<\/p>\n<p class=\"wp-block-paragraph\">Francamente, embora importante, o foco do arcebispo no direito internacional parece seletivo. V\u00ea-se um padr\u00e3o nas declara\u00e7\u00f5es do arcebispo. Por que o arcebispo falhou em reconhecer que o esfor\u00e7o de guerra de Israel viu o\u00a0<a href=\"https:\/\/www.newsweek.com\/israel-implemented-more-measures-prevent-civilian-casualties-any-other-nation-history-opinion-1865613\" target=\"_blank\" rel=\"noopener\">implementa\u00e7\u00e3o <\/a>de mais medidas para evitar baixas civis do que qualquer outra na\u00e7\u00e3o na hist\u00f3ria? Onde est\u00e1 o clamor contra as numerosas viola\u00e7\u00f5es de direitos humanos perpetradas pelas autoridades palestinas contra seu pr\u00f3prio povo, incluindo os crist\u00e3os? Por que, quando Israel \u00e9 o\u00a0<a href=\"https:\/\/www.telegraph.co.uk\/news\/2021\/12\/26\/israel-best-thing-happen-christians-holy-land-centuries\/\" target=\"_blank\" rel=\"noopener\">melhor amigo<\/a>\u00a0para os crist\u00e3os no Oriente M\u00e9dio, o arcebispo sempre e instintivamente <a href=\"https:\/\/www.thebulwark.com\/p\/does-the-archbishop-of-canterbury-have-an-israel-problem\" target=\"_blank\" rel=\"noopener\">criticar<\/a> Israel? O arcebispo de Canterbury tem um problema judaico?<\/p>\n<p class=\"wp-block-paragraph\">Por fim, como \u00e9 um futuro Israel, de acordo com o arcebispo? Muitos consideram Jerusal\u00e9m um territ\u00f3rio \u201cocupado\u201d e insistem que a cidade sagrada, lar de uma abund\u00e2ncia de locais sagrados crist\u00e3os e judeus, esteja completamente sob controle palestino. O arcebispo quer voltar ao tempo antes de 1967, quando nenhum judeu tinha permiss\u00e3o para entrar na Cidade Velha de Jerusal\u00e9m? Quando o Bairro Judeu era um monte de lixo? Quando l\u00e1pides eram arrancadas e usadas para pavimentar estradas na Judeia e Samaria? \u00c9 esse o tipo de Jerusal\u00e9m que o arcebispo deseja?<\/p>\n<p class=\"wp-block-paragraph\">Sem d\u00favida, h\u00e1 muito, muito trabalho a ser feito em Israel. Ap\u00f3s o massacre de 7 de outubro, uma nova vis\u00e3o de paz para Israel est\u00e1 em ordem. Todos n\u00f3s esperamos e rezamos por um futuro que veja judeus e \u00e1rabes vivendo lado a lado em liberdade, prosperidade e seguran\u00e7a. A verdadeira paz s\u00f3 ser\u00e1 alcan\u00e7ada quando o mundo responsabilizar todas as partes, apoiar o direito de Israel de se defender, se unir para derrotar o terrorismo e promover um ambiente no qual a coexist\u00eancia seja genuinamente poss\u00edvel.<\/p>\n<p class=\"wp-block-paragraph\">Mas n\u00e3o fazemos nenhum progresso em dire\u00e7\u00e3o a esse nobre fim ouvindo as condena\u00e7\u00f5es absolutas de Israel feitas por pessoas como o arcebispo de Canterbury. Os crist\u00e3os merecem algo melhor de sua lideran\u00e7a.<\/p>\n<p class=\"MsoNormal\">\n<\/div>\n<\/div>","protected":false},"excerpt":{"rendered":"<p>Ignoring the brutal actions of Hamas while selectively condemning Israel emboldens those who perpetuate terror and violence. Archbishop of Canterbury Justin Welby speaks during the celebration of the second vespers on the occasion of the solemnity of the conversion of St. Paul led by Pope Francis at St Paul&#8217;s Basilica in Rome on Jan. 25, [&hellip;]<\/p>\n","protected":false},"author":7,"featured_media":1502,"comment_status":"closed","ping_status":"closed","sticky":false,"template":"","format":"standard","meta":{"_acf_changed":false,"footnotes":""},"categories":[20],"tags":[51,62,50,21],"class_list":["post-1501","post","type-post","status-publish","format-standard","has-post-thumbnail","hentry","category-news","tag-archbishop","tag-canterbury","tag-icj-advisory-opinion","tag-international-court-of-justice"],"acf":[],"_links":{"self":[{"href":"https:\/\/thetrial.org\/pt\/wp-json\/wp\/v2\/posts\/1501","targetHints":{"allow":["GET"]}}],"collection":[{"href":"https:\/\/thetrial.org\/pt\/wp-json\/wp\/v2\/posts"}],"about":[{"href":"https:\/\/thetrial.org\/pt\/wp-json\/wp\/v2\/types\/post"}],"author":[{"embeddable":true,"href":"https:\/\/thetrial.org\/pt\/wp-json\/wp\/v2\/users\/7"}],"replies":[{"embeddable":true,"href":"https:\/\/thetrial.org\/pt\/wp-json\/wp\/v2\/comments?post=1501"}],"version-history":[{"count":1,"href":"https:\/\/thetrial.org\/pt\/wp-json\/wp\/v2\/posts\/1501\/revisions"}],"predecessor-version":[{"id":1508,"href":"https:\/\/thetrial.org\/pt\/wp-json\/wp\/v2\/posts\/1501\/revisions\/1508"}],"wp:featuredmedia":[{"embeddable":true,"href":"https:\/\/thetrial.org\/pt\/wp-json\/wp\/v2\/media\/1502"}],"wp:attachment":[{"href":"https:\/\/thetrial.org\/pt\/wp-json\/wp\/v2\/media?parent=1501"}],"wp:term":[{"taxonomy":"category","embeddable":true,"href":"https:\/\/thetrial.org\/pt\/wp-json\/wp\/v2\/categories?post=1501"},{"taxonomy":"post_tag","embeddable":true,"href":"https:\/\/thetrial.org\/pt\/wp-json\/wp\/v2\/tags?post=1501"}],"curies":[{"name":"wp","href":"https:\/\/api.w.org\/{rel}","templated":true}]}}