{"id":1532,"date":"2024-07-21T13:07:36","date_gmt":"2024-07-21T11:07:36","guid":{"rendered":"https:\/\/thetrial.org\/?p=1532"},"modified":"2024-08-16T14:09:38","modified_gmt":"2024-08-16T12:09:38","slug":"pro-israel-christians-stage-the-trial-2024-in-response-to-un-resolution","status":"publish","type":"post","link":"https:\/\/thetrial.org\/pt\/pro-israel-christians-stage-the-trial-2024-in-response-to-un-resolution\/","title":{"rendered":"Crist\u00e3os pr\u00f3-Israel encenam \u201cO Julgamento 2024\u201d em resposta \u00e0 resolu\u00e7\u00e3o da ONU"},"content":{"rendered":"<div>\n<div class=\"WordSection1\">\n<h5>E sabereis Que estou no meio de Yisrael: Que eu Hashem sou vosso Deus E n\u00e3o h\u00e1 outro. E o meu povo n\u00e3o ser\u00e1 mais envergonhado.\u201d<\/h5>\n<h6>Joel 2:27 (a b\u00edblia de Israel)<\/h6>\n<p class=\"MsoNormal\"><img loading=\"lazy\" decoding=\"async\" id=\"Afbeelding_x0020_5\" style=\"width: .3166in; height: .2416in;\" src=\"https:\/\/thetrial.org\/wp-content\/uploads\/image001-1.png\" alt=\"https:\/\/israel365news.com\/wp-content\/uploads\/2022\/09\/unnamed-file.png\" width=\"30\" height=\"23\" \/><\/p>\n<p class=\"MsoNormal\"><a href=\"https:\/\/israel365news.com\/author\/adam_berkowitz\/\"><span style=\"color: blue; text-decoration: none;\"><img loading=\"lazy\" decoding=\"async\" id=\"Afbeelding_x0020_4\" class=\"\" style=\"width: 103px; height: 108px;\" src=\"https:\/\/thetrial.org\/wp-content\/uploads\/image002-1.png\" alt=\"Picture of Adam Eliyahu Berkowitz\" width=\"287\" height=\"300\" border=\"0\" \/><\/span><\/a><\/p>\n<pre><u><span style=\"color: blue;\"><a href=\"https:\/\/israel365news.com\/author\/adam_berkowitz\/\"><span style=\"color: blue;\">Adam Eliyahu Berkowitz <\/span><\/a><\/span><\/u><\/pre>\n<p class=\"MsoNormal\">\n<h6>21 de julho de 2024<\/h6>\n<p class=\"MsoNormal\"><img loading=\"lazy\" decoding=\"async\" id=\"Afbeelding_x0020_3\" style=\"width: 8.3333in; height: 6.25in;\" src=\"https:\/\/thetrial.org\/wp-content\/uploads\/image003-1.jpg\" alt=\"https:\/\/israel365news.com\/wp-content\/uploads\/2024\/07\/JPB_9643KvE.jpg\" width=\"800\" height=\"600\" border=\"0\" \/><\/p>\n<p>Em uma poderosa demonstra\u00e7\u00e3o de apoio a Israel, l\u00edderes crist\u00e3os e defensores pr\u00f3-Israel organizaram recentemente um evento chamado \u201cThe Trial 2024\u201d em Haia, Holanda. Este encontro foi uma resposta a uma resolu\u00e7\u00e3o das Na\u00e7\u00f5es Unidas de dezembro de 2020 que solicitou uma opini\u00e3o consultiva da Corte Internacional de Justi\u00e7a (CIJ) sobre a ocupa\u00e7\u00e3o israelense e a suposta discrimina\u00e7\u00e3o contra n\u00e3o judeus em Israel. Esta opini\u00e3o da CIJ foi emitida na sexta-feira.<\/p>\n<p>A resolu\u00e7\u00e3o da ONU, apoiada por 87 estados-membros, \u00e9 vista pelos apoiadores de Israel como uma amea\u00e7a significativa aos direitos do pa\u00eds sobre a Judeia, Samaria e Jerusal\u00e9m Oriental. A opini\u00e3o do CIJ sobre esse assunto, embora n\u00e3o vinculativa, foi anunciada na sexta-feira e pode potencialmente influenciar as perspectivas internacionais sobre as reivindica\u00e7\u00f5es territoriais de Israel.<\/p>\n<p>\u201c<strong>O julgamento<\/strong> 2024\u2033 ocorreu no F\u00f3rum Mundial em Haia, atraindo quase 1.000 participantes de 45 pa\u00edses. O evento culminou na assinatura de um decreto apoiando os direitos de Israel, que os organizadores ent\u00e3o entregaram ao CIJ em um movimento ousado.<\/p>\n<p>Apesar da resist\u00eancia inicial, Jack van der Tang, uma figura-chave no evento, submeteu o decreto \u00e0 CIJ. Esta a\u00e7\u00e3o foi vista como uma vit\u00f3ria pelos organizadores, a quem especialistas disseram que tal submiss\u00e3o seria imposs\u00edvel sem uma nomea\u00e7\u00e3o.<\/p>\n<p>O ICJ oficialmente reconheceu o recebimento do decreto em uma carta de Sua Excel\u00eancia o Sr. Philippe Gautier, o Registrador da Corte. Embora esse reconhecimento n\u00e3o garanta que os 15 ju\u00edzes do ICJ considerar\u00e3o o decreto em suas delibera\u00e7\u00f5es, os organizadores o veem como um passo significativo em seu esfor\u00e7o espiritual e legal para influenciar a decis\u00e3o da corte em favor de Israel.<\/p>\n<p>Os organizadores do evento, incluindo a International Conference for Truth, Justice and Peace, enquadram \u201cThe Trial 2024\u201d como um esfor\u00e7o pol\u00edtico e espiritual. Eles enfatizam a import\u00e2ncia da ora\u00e7\u00e3o cont\u00ednua e do apoio a Israel nesta quest\u00e3o, vendo a situa\u00e7\u00e3o atual como indicativa do fim dos tempos b\u00edblicos.<\/p>\n<p>\u00c0 medida que o prazo de julho de 2024 para a opini\u00e3o do CIJ se aproxima, os apoiadores de Israel s\u00e3o instados a permanecerem vigilantes e continuarem seus esfor\u00e7os de advocacy. Os organizadores do \u201cThe Trial 2024\u201d veem suas a\u00e7\u00f5es como parte de uma batalha espiritual mais ampla pelos direitos e soberania de Israel.<\/p>\n<p>Este evento destaca a complexa intera\u00e7\u00e3o entre direito internacional, geopol\u00edtica e cren\u00e7as religiosas em torno das reivindica\u00e7\u00f5es territoriais de Israel. Enquanto o mundo aguarda a opini\u00e3o consultiva do CIJ, as a\u00e7\u00f5es de grupos como aqueles por tr\u00e1s de \u201cThe Trial 2024\u201d demonstram o apoio apaixonado que Israel continua a receber de certos setores da comunidade internacional.<\/p>\n<p>O grupo de l\u00edderes crist\u00e3os emitiu uma resposta:<\/p>\n<p>\u201cPara Israel, esta pode ser a condena\u00e7\u00e3o mais amea\u00e7adora e importante de toda a sua exist\u00eancia!\u201d, eles alertaram. \u201cEste movimento significativo da ONU nos mostra o qu\u00e3o longe chegamos no fim dos tempos b\u00edblicos\u201d, eles declararam. \u201cO pedido tem tudo a ver com quem pode legitimamente governar a Judeia, Samaria e Jerusal\u00e9m Oriental, que inclui a Cidade Velha com o Monte do Templo. Muitos pa\u00edses querem dividir Jerusal\u00e9m e querem que Jerusal\u00e9m Oriental seja a capital de um estado palestino.\u201d<\/p>\n<p>Uma confer\u00eancia com a presen\u00e7a de quase 1.000 \u201cintercessores\u201d de 45 pa\u00edses intitulada International Conference for Truth Justice foi realizada e a declara\u00e7\u00e3o, assinada por centenas de apoiadores, foi apresentada \u00e0 CIJ por Jack van der Tang. Foi dito a ele que ele receberia uma nomea\u00e7\u00e3o na segunda-feira, 8 de julho, para explicar o Decreto.<\/p>\n<p>Antes dessa data, o grupo recebeu uma resposta do TIJ de Sua Excel\u00eancia o Sr. Phillipe Gautier, um e-mail informando que n\u00e3o lhes seria permitido entregar sua declara\u00e7\u00e3o.<\/p>\n<p>A organiza\u00e7\u00e3o emitiu um decreto em resposta \u00e0 recente resolu\u00e7\u00e3o do CIJ:<\/p>\n<p>\u201cAo Tribunal Internacional de Justi\u00e7a (TIJ)<\/p>\n<p>\u201c<em>Agora, pois, \u00f3 reis, sede s\u00e1bios; ficai avisados, \u00f3 ju\u00edzes da terra.<\/em>\u201d (Salmo 2:10).<\/p>\n<p>\u201cN\u00f3s, representantes crist\u00e3os das na\u00e7\u00f5es, declaramos o seguinte:<\/p>\n<p>\u201cToda a terra pertence ao Criador dos C\u00e9us e da Terra. O Alt\u00edssimo deu \u00e0s na\u00e7\u00f5es suas terras e suas heran\u00e7as (Gn 10, Dt 32:8). \u201cE de um s\u00f3 homem fez toda a ra\u00e7a humana, para habitar sobre toda a face da terra, havendo determinado os tempos determinados e os limites da sua habita\u00e7\u00e3o\u201d (Atos 17:26).<\/p>\n<p>\u201cDeus deu a terra de Israel ao povo judeu como possess\u00e3o eterna.<\/p>\n<p>\u201cEle \u00e9 o Senhor, nosso Deus; seus julgamentos est\u00e3o em toda a terra. Ele se lembra da sua alian\u00e7a para sempre, da palavra que ordenou, por mil gera\u00e7\u00f5es, da alian\u00e7a que fez com Abra\u00e3o, do seu juramento a Isaque, que confirmou a Jac\u00f3 como estatuto, a Israel como alian\u00e7a perp\u00e9tua, dizendo: &#039;A ti darei a terra de Cana\u00e3 como tua por\u00e7\u00e3o por heran\u00e7a.&#039;\u201d (Sl 105:7-11).<\/p>\n<p>\u201cO retorno dos judeus \u00e0 Terra de Israel por mais de cem anos neste \u00faltimo s\u00e9culo cumpre as promessas b\u00edblicas (Jr 31:10, Ezequiel 36:24).<\/p>\n<p>\u201cEm 30 de dezembro de 2022, a resolu\u00e7\u00e3o 77\/247 das Na\u00e7\u00f5es Unidas solicitou \u00e0 Corte Internacional de Justi\u00e7a (CIJ) que fornecesse uma decis\u00e3o sobre o status de Jerusal\u00e9m Oriental, Judeia e Samaria (tamb\u00e9m conhecida como Cisjord\u00e2nia).<\/p>\n<p>\u201cN\u00f3s, representantes crist\u00e3os de nossas na\u00e7\u00f5es de todo o mundo, declaramos e testemunhamos que a terra de Israel inclui Jerusal\u00e9m Oriental, Judeia e Samaria. Essas \u00e1reas pertencem indiscutivelmente a Israel e s\u00e3o, em \u00faltima an\u00e1lise, a heran\u00e7a do povo judeu. Dividir a Terra entra em conflito com a B\u00edblia e a vontade do Senhor Deus de Abra\u00e3o, Isaque e Jac\u00f3, o Deus de Israel.<\/p>\n<p>\u201cDado isso, n\u00f3s respeitosamente apelamos aos ju\u00edzes do CIJ para que pratiquem a justi\u00e7a (Miqu\u00e9ias 6:8). N\u00f3s urgentemente apelamos a voc\u00eas para que levem em conta o grave aviso do profeta Joel \u2014 um dos profetas do Deus de Israel: <em>\u201cPois eis que naqueles dias e naquele tempo, quando eu restaurar a sorte de Jud\u00e1 e Jerusal\u00e9m, reunirei todas as na\u00e7\u00f5es e as farei descer ao vale de Jeosaf\u00e1. Ali as porei em julgamento pelo que fizeram \u00e0 minha heran\u00e7a, ao meu povo Israel, porque espalharam o meu povo entre as na\u00e7\u00f5es e repartiram a minha terra\u201d<\/em> (Joel 3:1-2).<\/p>\n<p class=\"MsoNormal\">\n<p class=\"MsoNormal\">\n<p class=\"MsoNormal\">\n<p class=\"MsoNormal\">\n<p class=\"MsoNormal\"><a href=\"https:\/\/israel365news.com\/393407\/pro-israel-christians-stage-the-trial-2024-in-response-to-un-resolution\/\">https:\/\/israel365news.com\/393407\/pro-israel-christians-stage-the-trial-2024-in-response-to-un-resolution\/<\/a><\/p>\n<p class=\"MsoNormal\">\n<p class=\"MsoNormal\"><\/div>\n<\/div>","protected":false},"excerpt":{"rendered":"<p>And you shall know That I am in the midst of Yisrael: That I Hashem am your God And there is no other. And My people shall be shamed no more.&#8221; Joel 2: 27 (the israel bible) Adam Eliyahu Berkowitz July 21, 2024 In a powerful display of support for Israel, Christian leaders and pro-Israel [&hellip;]<\/p>\n","protected":false},"author":7,"featured_media":1533,"comment_status":"closed","ping_status":"closed","sticky":false,"template":"","format":"standard","meta":{"_acf_changed":false,"footnotes":""},"categories":[20],"tags":[50,21,22,23],"class_list":["post-1532","post","type-post","status-publish","format-standard","has-post-thumbnail","hentry","category-news","tag-icj-advisory-opinion","tag-international-court-of-justice","tag-the-hague","tag-the-trial"],"acf":[],"_links":{"self":[{"href":"https:\/\/thetrial.org\/pt\/wp-json\/wp\/v2\/posts\/1532","targetHints":{"allow":["GET"]}}],"collection":[{"href":"https:\/\/thetrial.org\/pt\/wp-json\/wp\/v2\/posts"}],"about":[{"href":"https:\/\/thetrial.org\/pt\/wp-json\/wp\/v2\/types\/post"}],"author":[{"embeddable":true,"href":"https:\/\/thetrial.org\/pt\/wp-json\/wp\/v2\/users\/7"}],"replies":[{"embeddable":true,"href":"https:\/\/thetrial.org\/pt\/wp-json\/wp\/v2\/comments?post=1532"}],"version-history":[{"count":2,"href":"https:\/\/thetrial.org\/pt\/wp-json\/wp\/v2\/posts\/1532\/revisions"}],"predecessor-version":[{"id":1568,"href":"https:\/\/thetrial.org\/pt\/wp-json\/wp\/v2\/posts\/1532\/revisions\/1568"}],"wp:featuredmedia":[{"embeddable":true,"href":"https:\/\/thetrial.org\/pt\/wp-json\/wp\/v2\/media\/1533"}],"wp:attachment":[{"href":"https:\/\/thetrial.org\/pt\/wp-json\/wp\/v2\/media?parent=1532"}],"wp:term":[{"taxonomy":"category","embeddable":true,"href":"https:\/\/thetrial.org\/pt\/wp-json\/wp\/v2\/categories?post=1532"},{"taxonomy":"post_tag","embeddable":true,"href":"https:\/\/thetrial.org\/pt\/wp-json\/wp\/v2\/tags?post=1532"}],"curies":[{"name":"wp","href":"https:\/\/api.w.org\/{rel}","templated":true}]}}