{"id":2095,"date":"2024-09-08T17:00:00","date_gmt":"2024-09-08T15:00:00","guid":{"rendered":"https:\/\/thetrial.org\/?p=2095"},"modified":"2024-09-10T11:56:52","modified_gmt":"2024-09-10T09:56:52","slug":"katz-threatens-to-break-and-dissolve-pa-if-it-pushes-un-resolution-against-israel","status":"publish","type":"post","link":"https:\/\/thetrial.org\/pt\/katz-threatens-to-break-and-dissolve-pa-if-it-pushes-un-resolution-against-israel\/","title":{"rendered":"Katz amea\u00e7a &#039;quebrar e dissolver&#039; a AP se ela aprovar resolu\u00e7\u00e3o da ONU contra Israel"},"content":{"rendered":"<div>\n<div class=\"WordSection1\">\n<h4><span lang=\"EN-GB\">Palestinos apresentaram medida \u00e0 Assembleia Geral exigindo retirada israelense da Cisjord\u00e2nia e san\u00e7\u00f5es a altos funcion\u00e1rios; Minist\u00e9rio das Rela\u00e7\u00f5es Exteriores coordena resposta com aliados<\/span><\/h4>\n<p class=\"MsoNormal\"><span class=\"byline\">Por <a title=\"L\u00e1zaro Berman\" href=\"https:\/\/www.timesofisrael.com\/writers\/lazar-berman\/\">L\u00e1zaro Berman<\/a> <\/span><\/p>\n<p class=\"MsoNormal\"><a href=\"https:\/\/static.timesofisrael.com\/www\/uploads\/2024\/08\/F240816YS04.jpg\"><span style=\"color: blue; text-decoration: none;\"><img loading=\"lazy\" decoding=\"async\" id=\"Afbeelding_x0020_5\" style=\"width: 6.25in; height: 3.9062in;\" src=\"https:\/\/thetrial.org\/wp-content\/uploads\/image001-8.jpg\" alt=\"Foreign Minister Israel Katz waits for the arrival of his British counterpart, David Lammy, and his French counterpart, Stephane Sejourne, at the Foreign Ministry in Jerusalem, August 16, 2024. (Yonatan Sindel\/Flash90)\" width=\"600\" height=\"375\" border=\"0\" \/><\/span><\/a><\/p>\n<pre class=\"MsoNormal\"><span lang=\"EN-GB\">Arquivo: O ministro das Rela\u00e7\u00f5es Exteriores, Israel Katz, aguarda a chegada de seu hom\u00f3logo brit\u00e2nico, David Lammy, e seu hom\u00f3logo franc\u00eas, Stephane Sejourne, no Minist\u00e9rio das Rela\u00e7\u00f5es Exteriores em Jerusal\u00e9m, em 16 de agosto de 2024. (Yonatan Sindel\/Flash90)<\/span><\/pre>\n<p><span lang=\"EN-GB\">O ministro das Rela\u00e7\u00f5es Exteriores, Israel Katz, amea\u00e7ou \u201cquebrar e dissolver\u201d a Autoridade Palestina se eles seguirem adiante com medidas agressivas contra Israel nas Na\u00e7\u00f5es Unidas, informou seu gabinete ao The Times of Israel no domingo.<\/span><\/p>\n<p><span lang=\"EN-GB\">A amea\u00e7a surgiu quando a AP apresentou um rascunho de resolu\u00e7\u00e3o \u00e0 Assembleia Geral exigindo que Israel seja for\u00e7ado a implementar as decis\u00f5es da Corte Internacional de Justi\u00e7a em Haia, a corte m\u00e1xima da ONU. A medida deve ser votada na semana que vem, disse a miss\u00e3o de Israel na ONU no domingo.<\/span><\/p>\n<p><span lang=\"EN-GB\">Na semana passada, Katz liderou uma discuss\u00e3o sobre a resposta de Israel \u00e0 inten\u00e7\u00e3o da AP de pressionar pela vota\u00e7\u00e3o, disse o Minist\u00e9rio das Rela\u00e7\u00f5es Exteriores ao The Times of Israel.<\/span><\/p>\n<p><span lang=\"EN-GB\">A resolu\u00e7\u00e3o pede a retirada israelense dos territ\u00f3rios dentro de seis meses, encerrando o empreendimento de assentamentos e &quot;o retorno dos palestinos \u00e0s suas terras&quot;, impondo san\u00e7\u00f5es a altos funcion\u00e1rios israelenses e bloqueando as vendas de armas a Israel se elas pudessem ser usadas em \u00e1reas palestinas.<\/span><\/p>\n<p><span lang=\"EN-GB\">O projeto tamb\u00e9m pede que nenhuma outra embaixada em Israel seja estabelecida em Jerusal\u00e9m.<\/span><\/p>\n<p><span lang=\"EN-GB\">Katz ordenou que um conjunto de movimentos fosse coordenado com os EUA e outros aliados israelenses para se opor \u00e0 decis\u00e3o, disse o Minist\u00e9rio das Rela\u00e7\u00f5es Exteriores. Ele tamb\u00e9m instruiu o minist\u00e9rio a preparar um conjunto de respostas contra a AP que ser\u00e3o calibradas para corresponder \u00e0 severidade da resolu\u00e7\u00e3o final.<\/span><\/p>\n<p class=\"MsoNormal\"><a href=\"https:\/\/static.timesofisrael.com\/www\/uploads\/2024\/05\/AFP__20240510__34RC36Q__v1__HighRes__UnPalestinianIsraelConflictDiplomacy-e1715359810639.jpg\" target=\"_blank\" rel=\"noopener\"><span style=\"color: blue; text-decoration: none;\"><img loading=\"lazy\" decoding=\"async\" id=\"Afbeelding_x0020_4\" style=\"width: 6.25in; height: 3.9062in;\" src=\"https:\/\/thetrial.org\/wp-content\/uploads\/image002-3.jpg\" alt=\"https:\/\/static.timesofisrael.com\/www\/uploads\/2024\/05\/AFP__20240510__34RC36Q__v1__HighRes__UnPalestinianIsraelConflictDiplomacy-e1715359810639-640x400.jpg\" width=\"600\" height=\"375\" border=\"0\" \/><\/span><\/a><\/p>\n<pre class=\"MsoNormal\"><span lang=\"EN-GB\">O embaixador palestino nas Na\u00e7\u00f5es Unidas, Riyad Mansour, fala durante uma sess\u00e3o especial da Assembleia Geral da ONU sobre a candidatura palestina \u00e0 ades\u00e3o plena \u00e0 ONU, na sede da ONU na cidade de Nova York, em 10 de maio de 2024. (Charly TRIBALLEAU \/ AFP)<\/span><\/pre>\n<p><span lang=\"EN-GB\">Ele disse aos diplomatas israelenses, incluindo o embaixador da ONU Danny Danon, para enfatizar aos funcion\u00e1rios dos EUA, da Europa e da ONU que, se a proposta palestina for aprovada, Israel impor\u00e1 \u201csan\u00e7\u00f5es severas\u201d contra a AP, o que pode incluir a suspens\u00e3o de todas as comunica\u00e7\u00f5es.<\/span><\/p>\n<p><span lang=\"EN-GB\">\u201cSe a Autoridade Palestina agir contra Israel em completa contradi\u00e7\u00e3o com os compromissos que assumiu nos acordos provis\u00f3rios que foram assinados, Israel agir\u00e1 da mesma forma e interromper\u00e1 toda a coopera\u00e7\u00e3o com a AP e promover\u00e1 sua dissolu\u00e7\u00e3o\u201d, disse Katz.<\/span><\/p>\n<p><span lang=\"EN-GB\">O embaixador da ONU, Danny Danon, disse no domingo que, se aprovado, o projeto ser\u00e1 \u201cuma recompensa ao terrorismo e uma mensagem ao mundo de que o massacre b\u00e1rbaro de crian\u00e7as, o estupro de mulheres e o sequestro de civis inocentes s\u00e3o movimentos lucrativos\u201d.<\/span><\/p>\n<p><span lang=\"EN-GB\">\u201cQue fique claro\u201d, ele disse. \u201cNada vai parar ou deter Israel em sua miss\u00e3o de trazer de volta todos os ref\u00e9ns e derrotar o Hamas.\u201d<\/span><\/p>\n<p><span lang=\"EN-GB\">A decis\u00e3o do ICJ de 19 de julho n\u00e3o foi vinculativa. As resolu\u00e7\u00f5es da Assembleia Geral tamb\u00e9m n\u00e3o s\u00e3o vinculativas, mas, neste caso, h\u00e1 preocupa\u00e7\u00e3o de que isso possa virar uma bola de neve e levar \u00e0 press\u00e3o por embargos de armas e \u00e0 inclus\u00e3o de assentamentos na lista negra, disse o relat\u00f3rio.<\/span><\/p>\n<p><span lang=\"EN-GB\">Em sua decis\u00e3o de julho, o TIJ afirmou que determinou que a pol\u00edtica de assentamento de Israel na Cisjord\u00e2nia violava o direito internacional e que Israel havia efetivamente anexado grandes partes da Cisjord\u00e2nia \u2014 junto com Jerusal\u00e9m Oriental, que foi formalmente anexada e designada como territ\u00f3rio israelense soberano em 1980 \u2014 devido a alguns dos aspectos aparentemente permanentes do governo israelense ali.<\/span><\/p>\n<p><span lang=\"EN-GB\">As consequ\u00eancias legais de suas conclus\u00f5es, decidiu o tribunal, foram que Israel deve encerrar seu controle dessas \u00e1reas, cessar novas atividades de assentamento, \u201crevogar toda a legisla\u00e7\u00e3o e medidas que criam ou mant\u00eam a situa\u00e7\u00e3o ilegal\u201d \u2014 incluindo aquelas que, segundo ele, \u201cdiscriminam o povo palestino no Territ\u00f3rio Palestino Ocupado\u201d \u2014 e fornecer repara\u00e7\u00f5es por quaisquer danos causados por seus \u201catos il\u00edcitos\u201d.<\/span><\/p>\n<p><span lang=\"EN-GB\">Al\u00e9m disso, o tribunal disse que todos os estados-membros da ONU s\u00e3o obrigados a n\u00e3o reconhecer mudan\u00e7as no status dos territ\u00f3rios e que todos os estados s\u00e3o obrigados a n\u00e3o auxiliar ou auxiliar o governo de Israel nos territ\u00f3rios, e garantir que qualquer impedimento \u201cao exerc\u00edcio do direito do povo palestino \u00e0 autodetermina\u00e7\u00e3o seja posto fim\u201d.<\/span><\/p>\n<p class=\"MsoNormal\"><a href=\"https:\/\/static.timesofisrael.com\/www\/uploads\/2024\/07\/AFP__20240719__364K3AZ__v1__HighRes__NetherlandsIsraelPalestinianConflictIcj-e1721411325117.jpg\" target=\"_blank\" rel=\"noopener\"><span style=\"color: blue; text-decoration: none;\"><img loading=\"lazy\" decoding=\"async\" id=\"Afbeelding_x0020_3\" style=\"width: 6.25in; height: 3.9062in;\" src=\"https:\/\/thetrial.org\/wp-content\/uploads\/image003-3.jpg\" alt=\"https:\/\/static.timesofisrael.com\/www\/uploads\/2024\/07\/AFP__20240719__364K3AZ__v1__HighRes__NetherlandsIsraelPalestinianConflictIcj-e1721411325117-640x400.jpg\" width=\"600\" height=\"375\" border=\"0\" \/><\/span><\/a><\/p>\n<pre class=\"MsoNormal\"><span lang=\"EN-GB\">Ju\u00edzes do Tribunal Internacional de Justi\u00e7a se levantam antes de proferir uma decis\u00e3o n\u00e3o vinculativa sobre o governo israelense na Cisjord\u00e2nia e em Jerusal\u00e9m Oriental no CIJ em Haia em 19 de julho de 2024. (Nick Gammon\/AFP)<\/span><\/pre>\n<p><span lang=\"EN-GB\">A AP renovou seus esfor\u00e7os ativos contra Israel no cen\u00e1rio internacional desde que a guerra em Gaza come\u00e7ou em 7 de outubro com o ataque sem precedentes do Hamas contra Israel, no qual terroristas mataram cerca de 1.200 pessoas e fizeram 251 ref\u00e9ns.<\/span><\/p>\n<p><span lang=\"EN-GB\">Em resposta, Israel lan\u00e7ou uma invas\u00e3o terrestre a Gaza com os objetivos proclamados de desmantelar o Hamas e recuperar os ref\u00e9ns.<\/span><\/p>\n<p><span lang=\"EN-GB\">O Minist\u00e9rio da Sa\u00fade de Gaza, administrado pelo Hamas, diz que mais de 40.000 pessoas na Faixa foram mortas ou s\u00e3o presumivelmente mortas nos combates at\u00e9 agora, embora o n\u00famero n\u00e3o possa ser verificado e n\u00e3o diferencie entre civis e combatentes. Israel diz que matou cerca de 17.000 combatentes em batalha e outros 1.000 terroristas dentro de Israel em 7 de outubro.<\/span><\/p>\n<p><span lang=\"EN-GB\">Israel disse que busca minimizar as mortes de civis e enfatiza que o Hamas usa civis de Gaza como escudos humanos, lutando em \u00e1reas civis, incluindo casas, hospitais, escolas e mesquitas.<\/span><\/p>\n<p><span lang=\"EN-GB\">O n\u00famero de mortos por Israel na ofensiva terrestre contra o Hamas em Gaza e nas opera\u00e7\u00f5es militares ao longo da fronteira com a Faixa de Gaza \u00e9 de 342.<\/span><\/p>\n<p><span lang=\"EN-GB\">Al\u00e9m de usar a destrui\u00e7\u00e3o da guerra e os n\u00fameros de v\u00edtimas em Gaza como trampolim para um novo impulso pela cria\u00e7\u00e3o de um Estado palestino, a AP tamb\u00e9m levou Israel ao Tribunal Internacional de Justi\u00e7a e apoiou o Tribunal Penal Internacional na busca de mandados de pris\u00e3o por crimes de guerra contra l\u00edderes israelenses.<\/span><\/p>\n<p><span lang=\"EN-GB\">O Ministro das Finan\u00e7as Bezalel Smotrich penalizou a AP por seus esfor\u00e7os, congelando fundos de receitas fiscais que deveriam ir para Ramallah e, em vez disso, dando o dinheiro \u00e0s fam\u00edlias das v\u00edtimas do terrorismo.<\/span><\/p>\n<p><em><span lang=\"EN-GB\" style=\"font-family: 'Calibri',sans-serif;\">Jeremy Sharon contribuiu para esta reportagem.<\/span><\/em><\/p>\n<p class=\"MsoNormal\"><span lang=\"EN-GB\">\u00a0<\/span><\/p>\n<\/div>\n<div id=\"DAB4FAD8-2DD7-40BB-A1B8-4E2AA1F9FDF2\">\n<table style=\"border-top: 1px solid #D3D4DE;\">\n<tbody>\n<tr>\n<td style=\"width: 55px; padding-top: 13px;\"><a href=\"http:\/\/www.avg.com\/email-signature?utm_medium=email&amp;utm_source=link&amp;utm_campaign=sig-email&amp;utm_content=emailclient\" target=\"_blank\" rel=\"noopener\"><img loading=\"lazy\" decoding=\"async\" style=\"width: 46px; height: 29px;\" src=\"https:\/\/s-install.avcdn.net\/ipm\/preview\/icons\/icon-envelope-tick-green-avg-v1.png\" alt=\"\" width=\"46\" height=\"29\" \/><\/a><\/td>\n<td style=\"width: 470px; padding-top: 12px; color: #41424e; font-size: 13px; font-family: Arial, Helvetica, sans-serif; line-height: 18px;\">V\u00edrus.<a style=\"color: #4453ea;\" href=\"http:\/\/www.avg.com\/email-signature?utm_medium=email&amp;utm_source=link&amp;utm_campaign=sig-email&amp;utm_content=emailclient\" target=\"_blank\" rel=\"noopener\">www.avg.com<\/a><\/td>\n<\/tr>\n<\/tbody>\n<\/table>\n<\/div>\n<\/div>","protected":false},"excerpt":{"rendered":"<p>Palestinians have submitted measure to General Assembly demanding Israeli pullout from West Bank, sanctions on senior officials; Foreign Ministry coordinating response with allies By Lazar Berman File: Foreign Minister Israel Katz waits for the arrival of his British counterpart, David Lammy, and his French counterpart, Stephane Sejourne, at the Foreign Ministry in Jerusalem, August 16, [&hellip;]<\/p>\n","protected":false},"author":7,"featured_media":2096,"comment_status":"closed","ping_status":"closed","sticky":false,"template":"","format":"standard","meta":{"_acf_changed":false,"footnotes":""},"categories":[20],"tags":[87,73,24,82,52,86,22],"class_list":["post-2095","post","type-post","status-publish","format-standard","has-post-thumbnail","hentry","category-news","tag-general-assenbly","tag-icj","tag-israel","tag-new-york","tag-pa","tag-palestinians","tag-the-hague"],"acf":[],"_links":{"self":[{"href":"https:\/\/thetrial.org\/pt\/wp-json\/wp\/v2\/posts\/2095","targetHints":{"allow":["GET"]}}],"collection":[{"href":"https:\/\/thetrial.org\/pt\/wp-json\/wp\/v2\/posts"}],"about":[{"href":"https:\/\/thetrial.org\/pt\/wp-json\/wp\/v2\/types\/post"}],"author":[{"embeddable":true,"href":"https:\/\/thetrial.org\/pt\/wp-json\/wp\/v2\/users\/7"}],"replies":[{"embeddable":true,"href":"https:\/\/thetrial.org\/pt\/wp-json\/wp\/v2\/comments?post=2095"}],"version-history":[{"count":1,"href":"https:\/\/thetrial.org\/pt\/wp-json\/wp\/v2\/posts\/2095\/revisions"}],"predecessor-version":[{"id":2100,"href":"https:\/\/thetrial.org\/pt\/wp-json\/wp\/v2\/posts\/2095\/revisions\/2100"}],"wp:featuredmedia":[{"embeddable":true,"href":"https:\/\/thetrial.org\/pt\/wp-json\/wp\/v2\/media\/2096"}],"wp:attachment":[{"href":"https:\/\/thetrial.org\/pt\/wp-json\/wp\/v2\/media?parent=2095"}],"wp:term":[{"taxonomy":"category","embeddable":true,"href":"https:\/\/thetrial.org\/pt\/wp-json\/wp\/v2\/categories?post=2095"},{"taxonomy":"post_tag","embeddable":true,"href":"https:\/\/thetrial.org\/pt\/wp-json\/wp\/v2\/tags?post=2095"}],"curies":[{"name":"wp","href":"https:\/\/api.w.org\/{rel}","templated":true}]}}