{"id":2107,"date":"2024-09-19T09:43:03","date_gmt":"2024-09-19T07:43:03","guid":{"rendered":"https:\/\/thetrial.org\/?p=2107"},"modified":"2024-09-19T10:29:00","modified_gmt":"2024-09-19T08:29:00","slug":"un-general-assembly-passes-resolution-calling-for-jerusalem-old-city-to-be-jew-free","status":"publish","type":"post","link":"https:\/\/thetrial.org\/pt\/un-general-assembly-passes-resolution-calling-for-jerusalem-old-city-to-be-jew-free\/","title":{"rendered":"Assembleia Geral da ONU aprova resolu\u00e7\u00e3o pedindo que a Cidade Velha de Jerusal\u00e9m seja livre de judeus"},"content":{"rendered":"<div>\n<div class=\"WordSection1\">\n<h5><span lang=\"EN-GB\">A resolu\u00e7\u00e3o, que contou com a participa\u00e7\u00e3o dos palestinianos, foi aprovada por larga margem, exigindo que o ex\u00e9rcito israelita e os residentes judeus evacuassem para a linha anterior a 1949 no prazo de um ano. <\/span><\/h5>\n<p class=\"MsoNormal\"><a title=\"Mike Wagenheim\" href=\"https:\/\/www.jns.org\/writers\/mike-wagenheim\/\">Mike Wagenheim<\/a><\/p>\n<p class=\"MsoNormal\"><img loading=\"lazy\" decoding=\"async\" id=\"Afbeelding_x0020_4\" style=\"width: 6.4583in; height: 4.302in;\" src=\"https:\/\/thetrial.org\/wp-content\/uploads\/image001-10.jpg\" alt=\"U.N. Secretary-General Ant\u00f3nio Guterres briefs reporters ahead of the opening of the 79th high-level session of the U.N. General Assembly and the Summit of the Future on Sept. 18, 2024. Credit: Mark Garten\/U.N. Photo.\" width=\"620\" height=\"413\" border=\"0\" \/><\/p>\n<pre class=\"MsoNormal\"><span lang=\"EN-GB\">O Secret\u00e1rio-Geral da ONU, Ant\u00f3nio Guterres, informa os jornalistas antes da abertura da 79.\u00aa sess\u00e3o de alto n\u00edvel da Assembleia Geral da ONU e da Cimeira do Futuro, a 18 de setembro de 2024. <\/span>Cr\u00e9dito: Mark Garten\/U.N. Photo.<\/pre>\n<p class=\"MsoNormal\">(18 de setembro de 2024 \/ JNS)<\/p>\n<p class=\"wp-block-paragraph\"><span lang=\"EN-GB\">A Cidade Velha de Jerusal\u00e9m, para al\u00e9m da Judeia e da Samaria, deve ser <em><span style=\"font-family: 'Calibri',sans-serif;\">Judenrein<\/span><\/em> no prazo de um ano, de acordo com uma resolu\u00e7\u00e3o redigida pelos palestinianos, que a Assembleia Geral da ONU aprovou na quarta-feira.<\/span><\/p>\n<p class=\"wp-block-paragraph\"><span lang=\"EN-GB\">A resolu\u00e7\u00e3o, que foi aprovada por 124 votos a favor, 14 contra e 43 absten\u00e7\u00f5es, pretende dar for\u00e7a a um parecer consultivo do Tribunal Internacional de Justi\u00e7a, emitido em julho, que declarou ilegal a presen\u00e7a israelita em qualquer \u00e1rea acima da linha de armist\u00edcio de 1949.<\/span><\/p>\n<p class=\"wp-block-paragraph\"><span lang=\"EN-GB\">Mais de 40 pa\u00edses patrocinaram a resolu\u00e7\u00e3o, que foi a primeira que os palestinianos apresentaram depois de lhes terem sido concedidos privil\u00e9gios sem precedentes, para um n\u00e3o membro da ONU, no in\u00edcio deste ano.<\/span><\/p>\n<p class=\"wp-block-paragraph\"><span lang=\"EN-GB\">A resolu\u00e7\u00e3o apela \u00e0s For\u00e7as de Defesa de Israel para que se retirem completamente da Judeia e Samaria, de Jerusal\u00e9m Oriental e da Faixa de Gaza no prazo de 12 meses, o que significa evacuar todas as comunidades judaicas para al\u00e9m da linha de armist\u00edcio, incluindo a Cidade Velha de Jerusal\u00e9m.<\/span><\/p>\n<p class=\"wp-block-paragraph\"><span lang=\"EN-GB\">Pro\u00edbe tamb\u00e9m a venda de armas \u00e0s FDI de qualquer equipamento que se possa razoavelmente esperar que seja utilizado no territ\u00f3rio acima das linhas de 1949 e apela a um boicote a todos os produtos produzidos por judeus nessas zonas.<\/span><\/p>\n<p class=\"wp-block-paragraph\"><span lang=\"EN-GB\">A resolu\u00e7\u00e3o <\/span><a href=\"https:\/\/documents.un.org\/doc\/undoc\/ltd\/n24\/266\/48\/pdf\/n2426648.pdf\" target=\"_blank\" rel=\"noopener\"><span lang=\"EN-GB\">texto<\/span><\/a><span lang=\"EN-GB\"> n\u00e3o faz qualquer men\u00e7\u00e3o \u00e0s preocupa\u00e7\u00f5es de seguran\u00e7a de Israel, aos la\u00e7os hist\u00f3ricos com o pa\u00eds ou aos ataques terroristas do Hamas em Israel a 7 de outubro.<\/span><\/p>\n<p class=\"wp-block-paragraph\"><span lang=\"EN-GB\">A vota\u00e7\u00e3o teve lugar ap\u00f3s um dia de debate na ter\u00e7a-feira.\u00a0<\/span><\/p>\n<p class=\"wp-block-paragraph\"><span lang=\"EN-GB\">Argentina, Ch\u00e9quia, Fiji, Hungria, Malawi, Micron\u00e9sia, Nauru, Palau, Papua Nova Guin\u00e9, Paraguai, Tonga, Tuvalu e Estados Unidos juntaram-se a Israel na oposi\u00e7\u00e3o \u00e0 resolu\u00e7\u00e3o.<\/span><\/p>\n<p class=\"wp-block-paragraph\"><span lang=\"EN-GB\">A Alemanha, o Reino Unido, o Canad\u00e1, a It\u00e1lia, a Ucr\u00e2nia e a Austr\u00e1lia foram alguns dos pa\u00edses que se abstiveram.<\/span><\/p>\n<p class=\"wp-block-paragraph\"><span lang=\"EN-GB\">As resolu\u00e7\u00f5es da Assembleia Geral n\u00e3o t\u00eam for\u00e7a legal, mas espera-se que a aprova\u00e7\u00e3o da resolu\u00e7\u00e3o na quarta-feira seja utilizada nos tribunais internacionais e noutros f\u00f3runs para procurar obter ac\u00e7\u00f5es adicionais contra o Estado judaico.<\/span><\/p>\n<p class=\"wp-block-paragraph\"><span lang=\"EN-GB\">\u00c9 de esperar que os palestinianos solicitem ao Conselho de Seguran\u00e7a da ONU que aborde a quest\u00e3o. As resolu\u00e7\u00f5es do Conselho de Seguran\u00e7a s\u00e3o vinculativas, mas espera-se que os Estados Unidos impe\u00e7am esse esfor\u00e7o, nomeadamente com o seu poder de veto.<\/span><\/p>\n<pre class=\"MsoNormal\"><img loading=\"lazy\" decoding=\"async\" id=\"Afbeelding_x0020_3\" style=\"width: 12.5in; height: 8.3333in;\" src=\"https:\/\/thetrial.org\/wp-content\/uploads\/image002-5.jpg\" alt=\"Danny Danon\" width=\"1200\" height=\"800\" border=\"0\" \/><span lang=\"EN-GB\">Danny Danon, embaixador israelita nas Na\u00e7\u00f5es Unidas, discursa na 10.\u00aa Sess\u00e3o Especial de Emerg\u00eancia da Assembleia Geral sobre \"Ac\u00e7\u00f5es ilegais de Israel na Jerusal\u00e9m Oriental ocupada e no resto do Territ\u00f3rio Palestiniano Ocupado\", em 17 de setembro de 2024. Cr\u00e9dito: Eskinder Debebe\/U.N. Photo. <\/span><\/pre>\n<p class=\"wp-block-paragraph\"><strong><span lang=\"EN-GB\" style=\"font-family: 'Calibri',sans-serif;\">\"Mais combust\u00edvel para o antisemitismo a n\u00edvel mundial<\/span><\/strong><\/p>\n<p class=\"wp-block-paragraph\"><span lang=\"EN-GB\">Danny Danon, embaixador de Israel nas Na\u00e7\u00f5es Unidas, qualificou a decis\u00e3o de \"vergonhosa que apoia o terrorismo diplom\u00e1tico da Autoridade Palestiniana\".<\/span><\/p>\n<p class=\"wp-block-paragraph\"><span lang=\"EN-GB\">Acrescentou que a Assembleia Geral \"continua a dan\u00e7ar ao som da m\u00fasica da Autoridade Palestiniana, que apoia os assassinos do Hamas\".<\/span><\/p>\n<p class=\"wp-block-paragraph\"><span lang=\"EN-GB\">Antes da vota\u00e7\u00e3o, o Secret\u00e1rio-Geral da ONU, Ant\u00f3nio Guterres, disse aos jornalistas que apoiaria a aplica\u00e7\u00e3o da resolu\u00e7\u00e3o, caso esta fosse aprovada.<\/span><\/p>\n<p class=\"wp-block-paragraph\"><span lang=\"EN-GB\">Seth Riklin e Daniel Mariaschin, presidente e diretor executivo, respetivamente, da B'nai B'rith International, afirmaram que a organiza\u00e7\u00e3o internacional sem fins lucrativos est\u00e1 \"chocada\" com a resolu\u00e7\u00e3o \"atroz\".<\/span><\/p>\n<p class=\"wp-block-paragraph\"><span lang=\"EN-GB\">\"A B'nai B'rith Internacional condena veementemente a aprova\u00e7\u00e3o pela Assembleia Geral das Na\u00e7\u00f5es Unidas da primeira resolu\u00e7\u00e3o oficialmente patrocinada pelos palestinianos, dias depois de estes se terem tornado o primeiro grupo de Estados n\u00e3o membros a obter muitos privil\u00e9gios de Estado membro na Assembleia Geral das Na\u00e7\u00f5es Unidas, apesar das pr\u00f3prias regras e pr\u00e1ticas do organismo mundial\", afirmaram.<\/span><\/p>\n<p class=\"wp-block-paragraph\"><span lang=\"EN-GB\">\"Vinda de uma assembleia em que os governos \u00e1rabes e outros governos pr\u00f3-palestinianos det\u00eam uma maioria autom\u00e1tica para condenar anualmente Israel mais do que todos os outros pa\u00edses juntos, a mo\u00e7\u00e3o n\u00e3o tem precedentes no seu apoio unilateral e desavergonhado \u00e0s reivindica\u00e7\u00f5es e exig\u00eancias pol\u00edticas palestinianas, e corr\u00f3i ainda mais a credibilidade da ONU como um contribuinte s\u00e9rio para a promo\u00e7\u00e3o da resolu\u00e7\u00e3o de conflitos e dos direitos humanos universais\", acrescentaram.<\/span><\/p>\n<p class=\"wp-block-paragraph\"><span lang=\"EN-GB\">\u00c9 uma vergonha para todos os pa\u00edses que permitiram esta afronta atroz \u00e0 justi\u00e7a e \u00e0 paz como parte da \u00faltima \"sess\u00e3o de emerg\u00eancia\" da AGNU sobre o M\u00e9dio Oriente, que nada faz para ajudar a resolver seriamente a emerg\u00eancia\", afirmaram Riklin e Mariaschin.<\/span><\/p>\n<p class=\"wp-block-paragraph\"><span lang=\"EN-GB\">A Confer\u00eancia dos Presidentes das Principais Organiza\u00e7\u00f5es Judaicas Americanas condenou veementemente a resolu\u00e7\u00e3o \"tendenciosa e perigosa\", segundo Harriet Schleifer e William Daroff, presidente e diretor executivo, respetivamente. Consideraram-na \"a \u00faltima salva de uma campanha obsessiva, de d\u00e9cadas, contra Israel\".<\/span><\/p>\n<p class=\"wp-block-paragraph\"><span lang=\"EN-GB\">\"A tentativa de isolar Israel desta forma \u00e9, sem d\u00favida, uma amea\u00e7a \u00e0 sua seguran\u00e7a nacional, uma vez que enfrenta amea\u00e7as terroristas de todos os lados, e uma ofensa ao seu estatuto de \u00fanica democracia no M\u00e9dio Oriente, pelo que n\u00e3o pode ser aceite pela comunidade internacional\", acrescentaram.<\/span><\/p>\n<p class=\"wp-block-paragraph\"><span lang=\"EN-GB\">Arsen Ostrovsky e Nadav Steinman, diretor executivo e presidente do conselho de administra\u00e7\u00e3o, respetivamente, do F\u00f3rum Jur\u00eddico Internacional, declararam que \"hoje, simplesmente, as Na\u00e7\u00f5es Unidas tornaram-se o bra\u00e7o diplom\u00e1tico do Hamas\" e que a resolu\u00e7\u00e3o \"\u00e9 apenas a mais recente de uma ladainha de resolu\u00e7\u00f5es anti-Israel obscenamente unilaterais na ONU desde 7 de outubro\".\u00a0<\/span><\/p>\n<p class=\"wp-block-paragraph\"><span lang=\"EN-GB\">\"Tudo o que faz \u00e9 recompensar os assassinos, violadores e raptores do Hamas, ao mesmo tempo que alimenta ainda mais o antissemitismo mundial e corr\u00f3i a credibilidade que ainda resta do j\u00e1 problem\u00e1tico e politizado Tribunal Internacional de Justi\u00e7a, no qual esta resolu\u00e7\u00e3o se pretende basear\", acrescentaram. \"Em \u00faltima an\u00e1lise, a paz s\u00f3 prevalecer\u00e1 quando o Hamas for derrotado e os ref\u00e9ns forem libertados, e n\u00e3o atrav\u00e9s de palha\u00e7adas cansativas e 'vit\u00f3rias' palestinianas p\u00edrricas na ONU\".<\/span><\/p>\n<p class=\"MsoNormal\"><span lang=\"EN-GB\">\u00a0<\/span><\/p>\n<\/div>\n<div id=\"DAB4FAD8-2DD7-40BB-A1B8-4E2AA1F9FDF2\">\n<table style=\"border-top: 1px solid #D3D4DE;\">\n<tbody>\n<tr>\n<td style=\"width: 55px; padding-top: 13px;\"><a href=\"http:\/\/www.avg.com\/email-signature?utm_medium=email&amp;utm_source=link&amp;utm_campaign=sig-email&amp;utm_content=emailclient\" target=\"_blank\" rel=\"noopener\"><img loading=\"lazy\" decoding=\"async\" style=\"width: 46px; height: 29px;\" src=\"https:\/\/s-install.avcdn.net\/ipm\/preview\/icons\/icon-envelope-tick-green-avg-v1.png\" alt=\"\" width=\"46\" height=\"29\" \/><\/a><\/td>\n<td style=\"width: 470px; padding-top: 12px; color: #41424e; font-size: 13px; font-family: Arial, Helvetica, sans-serif; line-height: 18px;\">V\u00edrus.<a style=\"color: #4453ea;\" href=\"http:\/\/www.avg.com\/email-signature?utm_medium=email&amp;utm_source=link&amp;utm_campaign=sig-email&amp;utm_content=emailclient\" target=\"_blank\" rel=\"noopener\">www.avg.com<\/a><\/td>\n<\/tr>\n<\/tbody>\n<\/table>\n<\/div>\n<\/div>","protected":false},"excerpt":{"rendered":"<p>The Palestinian-fronted resolution passed by wide margin, demanding that the Israeli army and Jewish residents evacuate to pre-1949 line within a year. Mike Wagenheim U.N. Secretary-General Ant\u00f3nio Guterres briefs reporters ahead of the opening of the 79th high-level session of the U.N. General Assembly and the Summit of the Future on Sept. 18, 2024. Credit: [&hellip;]<\/p>\n","protected":false},"author":7,"featured_media":2108,"comment_status":"closed","ping_status":"closed","sticky":false,"template":"","format":"standard","meta":{"_acf_changed":false,"footnotes":""},"categories":[20],"tags":[84,50,88,90,82,68],"class_list":["post-2107","post","type-post","status-publish","format-standard","has-post-thumbnail","hentry","category-news","tag-general-assembly","tag-icj-advisory-opinion","tag-jerusalem","tag-jew-free","tag-new-york","tag-palestinian-state"],"acf":[],"_links":{"self":[{"href":"https:\/\/thetrial.org\/pt\/wp-json\/wp\/v2\/posts\/2107","targetHints":{"allow":["GET"]}}],"collection":[{"href":"https:\/\/thetrial.org\/pt\/wp-json\/wp\/v2\/posts"}],"about":[{"href":"https:\/\/thetrial.org\/pt\/wp-json\/wp\/v2\/types\/post"}],"author":[{"embeddable":true,"href":"https:\/\/thetrial.org\/pt\/wp-json\/wp\/v2\/users\/7"}],"replies":[{"embeddable":true,"href":"https:\/\/thetrial.org\/pt\/wp-json\/wp\/v2\/comments?post=2107"}],"version-history":[{"count":1,"href":"https:\/\/thetrial.org\/pt\/wp-json\/wp\/v2\/posts\/2107\/revisions"}],"predecessor-version":[{"id":2111,"href":"https:\/\/thetrial.org\/pt\/wp-json\/wp\/v2\/posts\/2107\/revisions\/2111"}],"wp:featuredmedia":[{"embeddable":true,"href":"https:\/\/thetrial.org\/pt\/wp-json\/wp\/v2\/media\/2108"}],"wp:attachment":[{"href":"https:\/\/thetrial.org\/pt\/wp-json\/wp\/v2\/media?parent=2107"}],"wp:term":[{"taxonomy":"category","embeddable":true,"href":"https:\/\/thetrial.org\/pt\/wp-json\/wp\/v2\/categories?post=2107"},{"taxonomy":"post_tag","embeddable":true,"href":"https:\/\/thetrial.org\/pt\/wp-json\/wp\/v2\/tags?post=2107"}],"curies":[{"name":"wp","href":"https:\/\/api.w.org\/{rel}","templated":true}]}}