{"id":2115,"date":"2024-09-22T18:00:46","date_gmt":"2024-09-22T16:00:46","guid":{"rendered":"https:\/\/thetrial.org\/?p=2115"},"modified":"2024-09-22T18:15:54","modified_gmt":"2024-09-22T16:15:54","slug":"un-passes-dangerous-resolution-forcing-jews-to-withdraw-from-judea-samaria-and-east-jerusalem-in-12-months","status":"publish","type":"post","link":"https:\/\/thetrial.org\/pt\/un-passes-dangerous-resolution-forcing-jews-to-withdraw-from-judea-samaria-and-east-jerusalem-in-12-months\/","title":{"rendered":"ONU aprova resolu\u00e7\u00e3o perigosa que obriga os judeus a retirarem-se da Judeia, Samaria e Jerusal\u00e9m Oriental em 12 meses"},"content":{"rendered":"<div>\n<div class=\"WordSection1\">\n<table class=\"MsoNormalTable\" style=\"width: 100.0%; border-collapse: collapse;\" border=\"0\" width=\"100%\" cellspacing=\"0\" cellpadding=\"0\">\n<tbody>\n<tr>\n<td style=\"padding: 0cm 0cm 0cm 0cm;\" valign=\"top\">\n<table class=\"MsoNormalTable\" style=\"width: 100.0%; border-collapse: collapse;\" border=\"0\" width=\"100%\" cellspacing=\"0\" cellpadding=\"0\">\n<tbody>\n<tr>\n<td style=\"padding: 9.0pt 18.0pt 9.0pt 18.0pt;\">\n<p class=\"MsoNormal\" style=\"text-align: justify; line-height: 150%;\"><span style=\"font-size: 12.0pt; line-height: 150%; font-family: 'Helvetica',sans-serif; color: black;\">Em 18 de setembro, o <strong><span style=\"font-family: 'Helvetica',sans-serif;\">Assembleia Geral das Na\u00e7\u00f5es Unidas <\/span><\/strong>adoptou uma resolu\u00e7\u00e3o que apela a Israel para que retire a sua presen\u00e7a de <strong><span style=\"font-family: 'Helvetica',sans-serif;\">Judeia, Samaria, Jerusal\u00e9m Oriental e Gaza<\/span><\/strong>A resolu\u00e7\u00e3o apela \u00e0 evacua\u00e7\u00e3o de todos os colonatos. A resolu\u00e7\u00e3o apela a todos os pa\u00edses membros da ONU para que introduzam boicotes, desinvestimento e san\u00e7\u00f5es contra Israel, de forma a pression\u00e1-lo a desocupar estes territ\u00f3rios. \u00a0<\/span><\/p>\n<p class=\"MsoNormal\" style=\"text-align: justify; line-height: 150%;\"><span style=\"font-size: 12.0pt; line-height: 150%; font-family: 'Helvetica',sans-serif; color: black;\">Com efeito, a resolu\u00e7\u00e3o apela \u00e0 limpeza \u00e9tnica dos judeus do \"territ\u00f3rio palestiniano ocupado\" e ao estabelecimento de um <em><span style=\"font-family: 'Helvetica',sans-serif;\">\"judenrein<\/span><\/em>\" Estado da Palestina. \u00a0<\/span><\/p>\n<p class=\"MsoNormal\" style=\"text-align: justify; line-height: 150%;\"><span style=\"font-size: 12.0pt; line-height: 150%; font-family: 'Helvetica',sans-serif; color: black;\">A resolu\u00e7\u00e3o tamb\u00e9m resultar\u00e1 na redivis\u00e3o de Jerusal\u00e9m, tal como acontecia sob o dom\u00ednio jordano (1948-1967). A resolu\u00e7\u00e3o foi adoptada por uma maioria de 124 Estados membros. Catorze Estados opuseram-se \u00e0 resolu\u00e7\u00e3o e 43 Estados abstiveram-se de votar. <\/span><span style=\"font-size: 12.0pt; line-height: 150%; font-family: 'Helvetica',sans-serif; color: black;\">\u00a0<\/span><\/p>\n<p class=\"MsoNormal\" style=\"line-height: 150%;\"><strong><span style=\"font-size: 12.0pt; line-height: 150%; font-family: 'Helvetica',sans-serif; color: black;\">Esta resolu\u00e7\u00e3o \u00e9 altamente problem\u00e1tica, por muitas raz\u00f5es.<\/span><\/strong><span style=\"font-size: 12.0pt; line-height: 150%; font-family: 'Helvetica',sans-serif; color: black;\">\u00a0<\/span><\/p>\n<p class=\"MsoNormal\" style=\"text-align: justify; line-height: 150%;\"><span style=\"font-size: 12.0pt; line-height: 150%; font-family: 'Helvetica',sans-serif; color: black;\">Em primeiro lugar, \u00e9 importante compreender que esta resolu\u00e7\u00e3o e o parecer consultivo do TIJ de 19 de julho de 2024 s\u00e3o o fruto de uma longa, sem precedentes e bem financiada campanha de lawfare levada a cabo pelos palestinianos e que teve in\u00edcio com a segunda intifada. A sua campanha destina-se a promover o objetivo da Organiza\u00e7\u00e3o de Liberta\u00e7\u00e3o da Palestina (OLP) de libertar toda a Palestina, evitando negocia\u00e7\u00f5es de boa f\u00e9 e minando a exist\u00eancia de Israel como Estado judaico.<\/span><span style=\"font-size: 12.0pt; line-height: 150%; font-family: 'Helvetica',sans-serif; color: black;\">\u00a0<\/span><\/p>\n<p class=\"MsoNormal\" style=\"text-align: justify; line-height: 150%;\"><span style=\"font-size: 12.0pt; line-height: 150%; font-family: 'Helvetica',sans-serif; color: black;\">Apoiados pela Liga \u00c1rabe, pela Organiza\u00e7\u00e3o de Coopera\u00e7\u00e3o Isl\u00e2mica (OCI) e pelo Movimento dos N\u00e3o-Alinhados (MNA) - cujos membros, coletivamente, representam mais de metade dos Estados membros da ONU - os palestinianos utilizaram deliberadamente a Assembleia Geral como ve\u00edculo para manipular os tribunais internacionais. Sob o comando do seu atual Presidente, o TIJ mostrou-se disposto a ser politizado e manipulado. Os procedimentos unilaterais do TIJ foram conduzidos politicamente - uma ca\u00e7a \u00e0s bruxas, n\u00e3o um processo honesto. <\/span><span style=\"font-size: 12.0pt; line-height: 150%; font-family: 'Helvetica',sans-serif; color: black;\">\u00a0<\/span><\/p>\n<p class=\"MsoNormal\" style=\"text-align: center; line-height: 150%;\" align=\"center\"><span style=\"font-size: 12.0pt; line-height: 150%; font-family: 'Helvetica',sans-serif; color: black;\"><strong>A vota\u00e7\u00e3o desta resolu\u00e7\u00e3o foi a seguinte<\/strong>:<\/span><\/p>\n<\/td>\n<\/tr>\n<\/tbody>\n<\/table>\n<\/td>\n<\/tr>\n<tr>\n<td style=\"padding: 9.0pt 0cm 9.0pt 0cm;\" valign=\"top\">\n<p class=\"MsoNormal\" style=\"text-align: center;\" align=\"center\"><span style=\"border: none windowtext 1.0pt; padding: 0cm;\"><img decoding=\"async\" id=\"_x0000_i1025\" style=\"width: 5.8416in;\" src=\"https:\/\/mcusercontent.com\/38a420e8e16638bb80e1e30ab\/images\/63b8d5fe-7ba9-d4d1-0ca2-bbd7808492d4.png\" width=\"561\" \/><\/span><\/p>\n<\/td>\n<\/tr>\n<tr>\n<td style=\"padding: 0cm 0cm 0cm 0cm;\" valign=\"top\">\n<table class=\"MsoNormalTable\" style=\"width: 100.0%; border-collapse: collapse;\" border=\"0\" width=\"100%\" cellspacing=\"0\" cellpadding=\"0\">\n<tbody>\n<tr>\n<td style=\"padding: 9.0pt 18.0pt 9.0pt 18.0pt;\">\n<p class=\"MsoNormal\" style=\"text-align: justify; line-height: 150%;\"><span style=\"font-size: 12.0pt; line-height: 150%; font-family: 'Helvetica',sans-serif; color: black;\">Esta resolu\u00e7\u00e3o da AGNU presta um servi\u00e7o de l\u00e1bios ao direito internacional. Mas o parecer unilateral do TIJ e a resolu\u00e7\u00e3o minam de facto o direito internacional. Como v\u00e1rios ju\u00edzes observaram, o facto de se centrar apenas nas viola\u00e7\u00f5es israelitas e de concluir que a presen\u00e7a de Israel nos territ\u00f3rios \u00e9 ilegal desafia a lei, a l\u00f3gica e a realidade.<\/span><\/p>\n<p class=\"MsoNormal\" style=\"text-align: justify; line-height: 150%;\"><span style=\"font-size: 12.0pt; line-height: 150%; font-family: 'Helvetica',sans-serif; color: black;\">Devido \u00e0s quest\u00f5es tendenciosas a que foi chamado a responder, o Tribunal basicamente reescreveu a hist\u00f3ria, ignorou a agress\u00e3o \u00e1rabe de 1948 e 1967, bem como o terrorismo palestiniano desde a d\u00e9cada de 1970, e n\u00e3o teve em conta as reivindica\u00e7\u00f5es territoriais e os direitos de seguran\u00e7a de Israel. <\/span><\/p>\n<p class=\"MsoNormal\" style=\"text-align: justify; line-height: 150%;\"><span style=\"font-size: 12.0pt; line-height: 150%; font-family: 'Helvetica',sans-serif; color: black;\">Mais problem\u00e1tico ainda \u00e9 o facto de o parecer e esta resolu\u00e7\u00e3o ignorarem as realidades no terreno. A OLP quer um Estado isl\u00e2mico do rio ao mar, n\u00e3o uma solu\u00e7\u00e3o de dois Estados. A Autoridade Palestiniana (AP) n\u00e3o tem autoridade na Cisjord\u00e2nia e em Gaza, por isso quem \u00e9 que o TIJ pensa que vai governar? Podemos ter a certeza de que n\u00e3o ser\u00e3o os moderados palestinianos; as c\u00e9lulas terroristas patrocinadas pelo Ir\u00e3o est\u00e3o demasiado enraizadas. <\/span><\/p>\n<p class=\"MsoNormal\" style=\"text-align: justify; line-height: 150%;\"><span style=\"font-size: 12.0pt; line-height: 150%; font-family: 'Helvetica',sans-serif; color: black;\">Esta resolu\u00e7\u00e3o, se aplicada, est\u00e1 a criar um cen\u00e1rio para a poss\u00edvel cria\u00e7\u00e3o de mais um Estado isl\u00e2mico falhado na regi\u00e3o, empenhado na destrui\u00e7\u00e3o do \u00fanico Estado judaico do mundo. \u00a0<\/span><\/p>\n<p class=\"MsoNormal\" style=\"text-align: justify; line-height: 150%;\"><span style=\"font-size: 12.0pt; line-height: 150%; font-family: 'Helvetica',sans-serif; color: black;\">Culpar Israel por tudo e dar impunidade aos palestinianos para continuarem a cometer as suas pr\u00f3prias viola\u00e7\u00f5es grosseiras do direito internacional recompensa a rejei\u00e7\u00e3o, a viol\u00eancia e a agress\u00e3o palestinianas. Abre um precedente perigoso e provocar\u00e1 mais viol\u00eancia na regi\u00e3o, n\u00e3o menos. <\/span><\/p>\n<p class=\"MsoNormal\" style=\"text-align: justify; line-height: 150%;\"><span style=\"font-size: 12.0pt; line-height: 150%; font-family: 'Helvetica',sans-serif; color: black;\">Relativamente \u00e0 chamada \"Jerusal\u00e9m Oriental\" - Israel tinha todo o direito de reunificar Jerusal\u00e9m quando assumiu o controlo em 1967. Jerusal\u00e9m Oriental sob o dom\u00ednio israelita trouxe mais liberdade e prosperidade aos seus habitantes do que sob todos os regimes anteriores, incluindo o otomano, o brit\u00e2nico e o jordano.<\/span><\/p>\n<p class=\"MsoNormal\" style=\"text-align: justify; line-height: 150%;\"><span style=\"font-size: 12.0pt; line-height: 150%; font-family: 'Helvetica',sans-serif; color: black;\">As sondagens mostram que a maioria dos \u00e1rabes de Jerusal\u00e9m Oriental prefere o dom\u00ednio israelita. Os direitos dos crist\u00e3os e dos judeus ser\u00e3o amea\u00e7ados num Estado isl\u00e2mico da Palestina governado pelo Hamas. Esta resolu\u00e7\u00e3o abre o caminho para a opress\u00e3o e \u00e9 uma farsa de justi\u00e7a.<\/span><\/p>\n<\/td>\n<\/tr>\n<\/tbody>\n<\/table>\n<\/td>\n<\/tr>\n<tr>\n<td style=\"padding: 0cm 0cm 0cm 0cm;\" valign=\"top\">\n<table class=\"MsoNormalTable\" style=\"width: 100.0%; border-collapse: collapse;\" border=\"0\" width=\"100%\" cellspacing=\"0\" cellpadding=\"0\">\n<tbody>\n<tr>\n<td style=\"padding: 9.0pt 18.0pt 9.0pt 18.0pt;\">\n<p class=\"MsoNormal\" style=\"text-align: center; line-height: 150%;\" align=\"center\"><b><u><span style=\"font-size: 13.5pt; line-height: 150%; font-family: 'Helvetica',sans-serif; color: black;\">J\u00e1 o leste? <\/span><\/u><\/b><b><\/b><\/p>\n<p class=\"MsoNormal\" style=\"text-align: center; line-height: 150%;\" align=\"center\"><em><b><u><span style=\"font-size: 12.0pt; line-height: 150%; font-family: 'Helvetica',sans-serif; color: black;\">do thinc. <\/span><\/u><\/b><\/em><b><u><span style=\"font-size: 12.0pt; line-height: 150%; font-family: 'Helvetica',sans-serif; color: black;\">An\u00e1lise do ac\u00f3rd\u00e3o do TIJ sobre o \"Territ\u00f3rio Palestiniano Ocupado\" <\/span><\/u><\/b><b><\/b><\/p>\n<\/td>\n<\/tr>\n<\/tbody>\n<\/table>\n<\/td>\n<\/tr>\n<tr>\n<td style=\"padding: 9.0pt 0cm 9.0pt 0cm;\" valign=\"top\">\n<p class=\"MsoNormal\" style=\"text-align: center;\" align=\"center\"><a href=\"https:\/\/thinc-israel.us20.list-manage.com\/track\/click?u=38a420e8e16638bb80e1e30ab&amp;id=41bf2f188c&amp;e=f9346cd9f1\" target=\"_blank\" rel=\"noopener\"><span style=\"color: blue; border: none windowtext 1.0pt; padding: 0cm; text-decoration: none;\"><img decoding=\"async\" id=\"_x0000_i1026\" style=\"width: 6.875in;\" src=\"https:\/\/mcusercontent.com\/38a420e8e16638bb80e1e30ab\/images\/7a77febf-8abf-90bc-d1fd-fcb92a295bbc.jpg\" width=\"660\" border=\"0\" \/><\/span><\/a><\/p>\n<\/td>\n<\/tr>\n<tr>\n<td style=\"padding: 0cm 0cm 0cm 0cm;\" valign=\"top\">\n<table class=\"MsoNormalTable\" style=\"width: 100.0%; border-collapse: collapse;\" border=\"0\" width=\"100%\" cellspacing=\"0\" cellpadding=\"0\">\n<tbody>\n<tr>\n<td style=\"padding: 9.0pt 18.0pt 9.0pt 18.0pt;\">\n<p class=\"MsoNormal\" style=\"line-height: 150%;\"><em><u><span style=\"font-size: 12.0pt; line-height: 150%; font-family: 'Helvetica',sans-serif; color: black;\">thinc.<\/span><\/u><\/em><u><span style=\"font-size: 12.0pt; line-height: 150%; font-family: 'Helvetica',sans-serif; color: black;\"> Briefing - Lembrete como contexto para esta situa\u00e7\u00e3o:<\/span><\/u><\/p>\n<p class=\"MsoNormal\" style=\"line-height: 150%;\"><span style=\"font-size: 12.0pt; line-height: 150%; font-family: 'Helvetica',sans-serif; color: black;\">\u00a0<\/span><span style=\"font-size: 12.0pt; line-height: 150%; font-family: 'Helvetica',sans-serif; color: black;\">No seu parecer consultivo de 19 de julho de 2024, o Tribunal Internacional de Justi\u00e7a (TIJ) considerou que a \"presen\u00e7a cont\u00ednua\" de Israel na Cisjord\u00e2nia (ou seja, na Judeia e Samaria), em Jerusal\u00e9m Oriental e em Gaza (designada por \"Territ\u00f3rio Palestiniano Ocupado\" (TPO)) \u00e9 ilegal.<\/span><\/p>\n<p class=\"MsoNormal\" style=\"line-height: 150%;\"><span style=\"font-size: 12.0pt; line-height: 150%; font-family: 'Helvetica',sans-serif; color: black;\">\u00a0<\/span><span style=\"font-size: 12.0pt; line-height: 150%; font-family: 'Helvetica',sans-serif; color: black;\">De acordo com 11 dos 15 ju\u00edzes do tribunal, Israel deve p\u00f4r incondicionalmente termo \u00e0 sua presen\u00e7a nos referidos territ\u00f3rios. Al\u00e9m disso, a ONU e todos os Estados devem cooperar na implementa\u00e7\u00e3o de medidas que garantam que Israel ponha termo \u00e0 sua presen\u00e7a nesses territ\u00f3rios \"o mais rapidamente poss\u00edvel\".<\/span><\/p>\n<p class=\"MsoNormal\" style=\"line-height: 150%;\"><span style=\"font-size: 12.0pt; line-height: 150%; font-family: 'Helvetica',sans-serif; color: black;\">\u00a0<\/span><span style=\"font-size: 12.0pt; line-height: 150%; font-family: 'Helvetica',sans-serif; color: black;\">Este parecer foi objeto de cr\u00edticas significativas por parte de alguns dos ju\u00edzes do pr\u00f3prio tribunal. Quatro deles apresentaram uma perspetiva fundamentalmente diferente, afirmando que a presen\u00e7a de Israel n\u00e3o \u00e9 ilegal e que, por conseguinte, Israel n\u00e3o \u00e9 obrigado a p\u00f4r termo \u00e0 sua presen\u00e7a nos Territ\u00f3rios, enquanto tal.<\/span><\/p>\n<p class=\"MsoNormal\" style=\"line-height: 150%;\"><span style=\"font-size: 12.0pt; line-height: 150%; font-family: 'Helvetica',sans-serif; color: black;\">\u00a0<\/span><em><span style=\"font-size: 10.5pt; line-height: 150%; font-family: 'Helvetica',sans-serif; color: black;\">Para compreender melhor as complexidades que envolvem o recente parecer consultivo do TIJ sobre a presen\u00e7a de Israel na Judeia, Samaria, Jerusal\u00e9m Oriental e Gaza, convidamo-lo a ler a nossa nota informativa completa. <\/span><\/em><\/p>\n<\/td>\n<\/tr>\n<\/tbody>\n<\/table>\n<\/td>\n<\/tr>\n<\/tbody>\n<\/table>\n<p class=\"MsoNormal\">\n<\/div>\n<\/div>","protected":false},"excerpt":{"rendered":"<p>On September 18th, the U.N. General Assembly adopted a resolution calling for Israel to withdraw its presence from Judea, Samaria, East Jerusalem and Gaza: all settlements are to be evacuated. The resolution calls on all UN member states to introduce boycotts, divestment and sanctions against Israel to pressure it to vacate these territories. \u00a0 Effectively, [&hellip;]<\/p>\n","protected":false},"author":7,"featured_media":0,"comment_status":"closed","ping_status":"closed","sticky":false,"template":"","format":"standard","meta":{"_acf_changed":false,"footnotes":""},"categories":[20],"tags":[84,50,21,82,68],"class_list":["post-2115","post","type-post","status-publish","format-standard","hentry","category-news","tag-general-assembly","tag-icj-advisory-opinion","tag-international-court-of-justice","tag-new-york","tag-palestinian-state"],"acf":[],"_links":{"self":[{"href":"https:\/\/thetrial.org\/pt\/wp-json\/wp\/v2\/posts\/2115","targetHints":{"allow":["GET"]}}],"collection":[{"href":"https:\/\/thetrial.org\/pt\/wp-json\/wp\/v2\/posts"}],"about":[{"href":"https:\/\/thetrial.org\/pt\/wp-json\/wp\/v2\/types\/post"}],"author":[{"embeddable":true,"href":"https:\/\/thetrial.org\/pt\/wp-json\/wp\/v2\/users\/7"}],"replies":[{"embeddable":true,"href":"https:\/\/thetrial.org\/pt\/wp-json\/wp\/v2\/comments?post=2115"}],"version-history":[{"count":2,"href":"https:\/\/thetrial.org\/pt\/wp-json\/wp\/v2\/posts\/2115\/revisions"}],"predecessor-version":[{"id":2118,"href":"https:\/\/thetrial.org\/pt\/wp-json\/wp\/v2\/posts\/2115\/revisions\/2118"}],"wp:attachment":[{"href":"https:\/\/thetrial.org\/pt\/wp-json\/wp\/v2\/media?parent=2115"}],"wp:term":[{"taxonomy":"category","embeddable":true,"href":"https:\/\/thetrial.org\/pt\/wp-json\/wp\/v2\/categories?post=2115"},{"taxonomy":"post_tag","embeddable":true,"href":"https:\/\/thetrial.org\/pt\/wp-json\/wp\/v2\/tags?post=2115"}],"curies":[{"name":"wp","href":"https:\/\/api.w.org\/{rel}","templated":true}]}}