{"id":1501,"date":"2024-08-12T10:06:17","date_gmt":"2024-08-12T08:06:17","guid":{"rendered":"https:\/\/thetrial.org\/?p=1501"},"modified":"2024-08-15T10:15:26","modified_gmt":"2024-08-15T08:15:26","slug":"the-archbishop-of-canterbury-gets-israel-wrong","status":"publish","type":"post","link":"https:\/\/thetrial.org\/sv\/the-archbishop-of-canterbury-gets-israel-wrong\/","title":{"rendered":"\u00c4rkebiskopen av Canterbury missf\u00f6rst\u00e5r Israel"},"content":{"rendered":"<div>\n<div class=\"WordSection1\">\n<h5>Att ignorera Hamas brutala handlingar samtidigt som man selektivt f\u00f6rd\u00f6mer Israel uppmuntrar dem som uppr\u00e4tth\u00e5ller terror och v\u00e5ld.<\/h5>\n<p class=\"MsoNormal\"><img loading=\"lazy\" decoding=\"async\" id=\"Afbeelding_x0020_7\" style=\"width: 6.4666in; height: 4.3083in;\" src=\"https:\/\/thetrial.org\/wp-content\/uploads\/image001-2.jpg\" alt=\"Archbishop of Canterbury Justin Welby speaks during the celebration of the second vespers on the occasion of the solemnity of the conversion of St. Paul led by Pope Francis at St Paul's Basilica in Rome on Jan. 25, 2024. Photo by Alessandra Benedetti\/Corbis via Getty Images.\" width=\"621\" height=\"414\" \/><\/p>\n<p class=\"MsoNormal\">\u00c4rkebiskopen av Canterbury Justin Welby talar under firandet av den andra vespern med anledning av h\u00f6gtidligheten f\u00f6r omv\u00e4ndelsen av St Paul ledd av p\u00e5ven Franciskus vid St Paul&#039;s Basilica i Rom den 25 januari 2024. Foto av Alessandra Benedetti\/Corbis via Getty bilder.<\/p>\n<p class=\"MsoNormal\"><a title=\"\" href=\"https:\/\/www.jns.org\/writers\/luke-moon\/\"><span style=\"color: blue; text-decoration: none;\"><img loading=\"lazy\" decoding=\"async\" id=\"Afbeelding_x0020_6\" class=\"\" style=\"width: 145px; height: 145px;\" src=\"https:\/\/thetrial.org\/wp-content\/uploads\/image002-1.jpg\" alt=\"Luke Moon\" width=\"400\" height=\"400\" border=\"0\" \/><\/span><\/a><\/p>\n<p class=\"MsoNormal\"><a title=\"Luke Moon\" href=\"https:\/\/www.jns.org\/writers\/luke-moon\/\">av Luke Moon<\/a><\/p>\n<p class=\"MsoNormal\">Luke Moon \u00e4r verkst\u00e4llande direkt\u00f6r f\u00f6r Philos Project och kommenterar och skriver regelbundet om fr\u00e5gor relaterade till Israel och judisk-kristna relationer.<\/p>\n<p class=\"MsoNormal\">(12 augusti 2024 \/ JNS)<\/p>\n<p class=\"wp-block-paragraph\">Tv\u00e5 veckor efter att FN:s h\u00f6gsta domstol, Internationella domstolen, avgav ett icke-bindande r\u00e5dgivande yttrande den 19 juli som f\u00f6rklarade att &quot;Statens fortsatta n\u00e4rvaro&quot; i Jud\u00e9en, Samaria och \u00f6stra Jerusalem \u00e4r &quot;olaglig&quot;, \u00e4rkebiskopen av Canterbury. , den <a href=\"https:\/\/www.archbishopofcanterbury.org\/about\/about-justin-welby\" target=\"_blank\" rel=\"noopener\">Mest Rvd Justin Welby<\/a>, gav sitt otvetydiga st\u00f6d till yttrandet.<\/p>\n<p class=\"wp-block-paragraph\">I en\u00a0<a href=\"https:\/\/www.archbishopofcanterbury.org\/news\/news-and-statements\/archbishop-canterbury-statement-icjs-advisory-opinion-israel-and-occupied\" target=\"_blank\" rel=\"noopener\">p\u00e5st\u00e5ende <\/a>som utf\u00e4rdades p\u00e5 fredagen h\u00e4vdade \u00e4rkebiskopen att Israel &quot;ber\u00f6var palestinier tillg\u00e5ng till sina naturresurser och inf\u00f6r ett system av milit\u00e4rt styre som f\u00f6rv\u00e4grar dem s\u00e4kerhet och r\u00e4ttvisa.&quot; Vidare sa han att &quot;Staten Israel har f\u00f6rnekat det palestinska folket v\u00e4rdighet, frihet och hopp.&quot;<\/p>\n<p class=\"wp-block-paragraph\">Genom att st\u00f6dja ICJ:s \u00e5sikt tar \u00e4rkebiskopen Israel fel.<\/p>\n<p class=\"wp-block-paragraph\">F\u00f6r det f\u00f6rsta ignorerar p\u00e5st\u00e5endet att Israels n\u00e4rvaro i dessa territorier \u00e4r otvetydigt olaglig situationens m\u00e5ngfacetterade historia och juridiska nyanser. Israels agerande \u00e4r inte bara en fr\u00e5ga om ockupation utan ett svar p\u00e5 en komplex matris av s\u00e4kerhetsproblem, historiska anspr\u00e5k och upprepade misslyckanden i fredsf\u00f6rhandlingarna. Genom att st\u00f6dja ICJ:s \u00e5sikt insisterar \u00e4rkebiskopen p\u00e5 en f\u00f6renklad ber\u00e4ttelse om israelisk historia som f\u00f6rtalar den judiska staten, punkt.<\/p>\n<p class=\"wp-block-paragraph\">Dessutom noterade \u00e4rkebiskopens uttalande att han vill &quot;motst\u00e5 en v\u00e4rld d\u00e4r handlingar som tortyr, gisslantagande och urskillningsl\u00f6st v\u00e5ld blir normen.&quot;<\/p>\n<p class=\"wp-block-paragraph\">Det \u00f6nskar jag ocks\u00e5, liksom alla freds\u00e4lskande kristna. Men det som g\u00f6r denna kommentar fr\u00e5n \u00e4rkebiskopen s\u00e5 f\u00f6rkastlig \u00e4r att\u00a0<em><span style=\"font-family: 'Calibri',sans-serif;\">han f\u00f6rd\u00f6mer inte Hamas<\/span><\/em>\u2014 Sj\u00e4lva gruppen som \u00e4r ansvarig f\u00f6r tortyr, gisslantagande och urskillningsl\u00f6st v\u00e5ld.<\/p>\n<p class=\"wp-block-paragraph\">Anledningen till att v\u00e5r v\u00e4rld fortfarande inneh\u00e5ller dessa avskyv\u00e4rda v\u00e5ldshandlingar \u00e4r inte f\u00f6r att vi misslyckas med att till\u00e4mpa lagen &quot;utan r\u00e4dsla eller f\u00f6rm\u00e5n under alla omst\u00e4ndigheter&quot;, utan ist\u00e4llet f\u00f6r att terroristgrupper som Hamas f\u00f6rblir blodt\u00f6rstiga i sina str\u00e4vanden att d\u00f6da oskyldiga judar och kristna. Att ignorera Hamas brutala handlingar samtidigt som man selektivt f\u00f6rd\u00f6mer Israel uppmuntrar dem som uppr\u00e4tth\u00e5ller terror och v\u00e5ld.<\/p>\n<p class=\"wp-block-paragraph\">Uppriktigt sagt, \u00e4ven om det \u00e4r viktigt, verkar \u00e4rkebiskopens fokus p\u00e5 internationell r\u00e4tt selektivt. Man ser ett m\u00f6nster i \u00e4rkebiskopens uttalanden. Varf\u00f6r har \u00e4rkebiskopen misslyckats med att erk\u00e4nna att Israels krigsanstr\u00e4ngning har sett den\u00a0<a href=\"https:\/\/www.newsweek.com\/israel-implemented-more-measures-prevent-civilian-casualties-any-other-nation-history-opinion-1865613\" target=\"_blank\" rel=\"noopener\">genomf\u00f6rande <\/a>av fler \u00e5tg\u00e4rder f\u00f6r att f\u00f6rhindra civila offer \u00e4n n\u00e5gon annan nation i historien? Var \u00e4r ropet mot de m\u00e5nga kr\u00e4nkningar av m\u00e4nskliga r\u00e4ttigheter som de palestinska myndigheterna beg\u00e5r mot sitt eget folk, inklusive kristna? Varf\u00f6r, n\u00e4r Israel \u00e4r\u00a0<a href=\"https:\/\/www.telegraph.co.uk\/news\/2021\/12\/26\/israel-best-thing-happen-christians-holy-land-centuries\/\" target=\"_blank\" rel=\"noopener\">st\u00f6rsta v\u00e4n<\/a>\u00a0till kristna i Mellan\u00f6stern, g\u00f6r \u00e4rkebiskopen alltid och instinktivt <a href=\"https:\/\/www.thebulwark.com\/p\/does-the-archbishop-of-canterbury-have-an-israel-problem\" target=\"_blank\" rel=\"noopener\">klandra<\/a> Israel? Har \u00e4rkebiskopen av Canterbury ett judiskt problem?<\/p>\n<p class=\"wp-block-paragraph\">Slutligen, hur ser ett framtida Israel ut, enligt \u00e4rkebiskopen? M\u00e5nga anser att Jerusalem \u00e4r &quot;ockuperat&quot; territorium och insisterar p\u00e5 att den heliga staden, hem f\u00f6r ett \u00f6verfl\u00f6d av kristna och judiska heliga platser, ska vara helt under palestinsk kontroll. Vill \u00e4rkebiskopen g\u00e5 tillbaka till tiden f\u00f6re 1967 d\u00e5 inga judar sl\u00e4pptes in i Gamla stan i Jerusalem? N\u00e4r de judiska kvarteren var en total skr\u00e4ph\u00f6g? N\u00e4r gravstenar revs upp och anv\u00e4ndes f\u00f6r att asfaltera v\u00e4gar i Jud\u00e9en och Samarien? \u00c4r det den typen av Jerusalem som \u00e4rkebiskopen l\u00e4ngtar efter?<\/p>\n<p class=\"wp-block-paragraph\">Utan tvekan finns det mycket, mycket arbete att g\u00f6ra i Israel. I efterdyningarna av massakern den 7 oktober \u00e4r en ny vision om fred f\u00f6r Israel p\u00e5 sin plats. Vi hoppas och ber alla f\u00f6r en framtid d\u00e4r judar och araber lever sida vid sida i frihet, v\u00e4lst\u00e5nd och s\u00e4kerhet. Sann fred kommer bara att f\u00f6rverkligas n\u00e4r v\u00e4rlden h\u00e5ller alla parter ansvariga, st\u00f6djer Israels r\u00e4tt att f\u00f6rsvara sig, g\u00e5r samman f\u00f6r att besegra terrorismen och fr\u00e4mjar en milj\u00f6 d\u00e4r samexistens verkligen \u00e4r m\u00f6jlig.<\/p>\n<p class=\"wp-block-paragraph\">Men vi g\u00f6r inga framsteg mot det \u00e4dla m\u00e5let genom att lyssna p\u00e5 Israels fullst\u00e4ndiga f\u00f6rd\u00f6manden av s\u00e5dana som \u00e4rkebiskopen av Canterbury. Kristna f\u00f6rtj\u00e4nar b\u00e4ttre av sitt ledarskap.<\/p>\n<p class=\"MsoNormal\">\n<\/div>\n<\/div>","protected":false},"excerpt":{"rendered":"<p>Ignoring the brutal actions of Hamas while selectively condemning Israel emboldens those who perpetuate terror and violence. Archbishop of Canterbury Justin Welby speaks during the celebration of the second vespers on the occasion of the solemnity of the conversion of St. Paul led by Pope Francis at St Paul&#8217;s Basilica in Rome on Jan. 25, [&hellip;]<\/p>\n","protected":false},"author":7,"featured_media":1502,"comment_status":"closed","ping_status":"closed","sticky":false,"template":"","format":"standard","meta":{"_acf_changed":false,"footnotes":""},"categories":[20],"tags":[51,62,50,21],"class_list":["post-1501","post","type-post","status-publish","format-standard","has-post-thumbnail","hentry","category-news","tag-archbishop","tag-canterbury","tag-icj-advisory-opinion","tag-international-court-of-justice"],"acf":[],"_links":{"self":[{"href":"https:\/\/thetrial.org\/sv\/wp-json\/wp\/v2\/posts\/1501","targetHints":{"allow":["GET"]}}],"collection":[{"href":"https:\/\/thetrial.org\/sv\/wp-json\/wp\/v2\/posts"}],"about":[{"href":"https:\/\/thetrial.org\/sv\/wp-json\/wp\/v2\/types\/post"}],"author":[{"embeddable":true,"href":"https:\/\/thetrial.org\/sv\/wp-json\/wp\/v2\/users\/7"}],"replies":[{"embeddable":true,"href":"https:\/\/thetrial.org\/sv\/wp-json\/wp\/v2\/comments?post=1501"}],"version-history":[{"count":1,"href":"https:\/\/thetrial.org\/sv\/wp-json\/wp\/v2\/posts\/1501\/revisions"}],"predecessor-version":[{"id":1508,"href":"https:\/\/thetrial.org\/sv\/wp-json\/wp\/v2\/posts\/1501\/revisions\/1508"}],"wp:featuredmedia":[{"embeddable":true,"href":"https:\/\/thetrial.org\/sv\/wp-json\/wp\/v2\/media\/1502"}],"wp:attachment":[{"href":"https:\/\/thetrial.org\/sv\/wp-json\/wp\/v2\/media?parent=1501"}],"wp:term":[{"taxonomy":"category","embeddable":true,"href":"https:\/\/thetrial.org\/sv\/wp-json\/wp\/v2\/categories?post=1501"},{"taxonomy":"post_tag","embeddable":true,"href":"https:\/\/thetrial.org\/sv\/wp-json\/wp\/v2\/tags?post=1501"}],"curies":[{"name":"wp","href":"https:\/\/api.w.org\/{rel}","templated":true}]}}