{"id":2095,"date":"2024-09-08T17:00:00","date_gmt":"2024-09-08T15:00:00","guid":{"rendered":"https:\/\/thetrial.org\/?p=2095"},"modified":"2024-09-10T11:56:52","modified_gmt":"2024-09-10T09:56:52","slug":"katz-threatens-to-break-and-dissolve-pa-if-it-pushes-un-resolution-against-israel","status":"publish","type":"post","link":"https:\/\/thetrial.org\/sv\/katz-threatens-to-break-and-dissolve-pa-if-it-pushes-un-resolution-against-israel\/","title":{"rendered":"Katz hotar att &quot;bryta och uppl\u00f6sa&quot; PA om den driver FN-resolution mot Israel"},"content":{"rendered":"<div>\n<div class=\"WordSection1\">\n<h4><span lang=\"EN-GB\">Palestinier har l\u00e4mnat in \u00e5tg\u00e4rder till generalf\u00f6rsamlingen och kr\u00e4ver att Israel drar sig tillbaka fr\u00e5n V\u00e4stbanken, sanktioner mot h\u00f6gre tj\u00e4nstem\u00e4n; UD samordnar insatser med allierade<\/span><\/h4>\n<p class=\"MsoNormal\"><span class=\"byline\">Av <a title=\"Lazar Berman\" href=\"https:\/\/www.timesofisrael.com\/writers\/lazar-berman\/\">Lazar Berman<\/a> <\/span><\/p>\n<p class=\"MsoNormal\"><a href=\"https:\/\/static.timesofisrael.com\/www\/uploads\/2024\/08\/F240816YS04.jpg\"><span style=\"color: blue; text-decoration: none;\"><img loading=\"lazy\" decoding=\"async\" id=\"Afbeelding_x0020_5\" style=\"width: 6.25in; height: 3.9062in;\" src=\"https:\/\/thetrial.org\/wp-content\/uploads\/image001-8.jpg\" alt=\"Foreign Minister Israel Katz waits for the arrival of his British counterpart, David Lammy, and his French counterpart, Stephane Sejourne, at the Foreign Ministry in Jerusalem, August 16, 2024. (Yonatan Sindel\/Flash90)\" width=\"600\" height=\"375\" border=\"0\" \/><\/span><\/a><\/p>\n<pre class=\"MsoNormal\"><span lang=\"EN-GB\">Fil: Utrikesminister Israel Katz v\u00e4ntar p\u00e5 ankomsten av sin brittiska motsvarighet, David Lammy, och hans franska motsvarighet, Stephane Sejourne, till utrikesministeriet i Jerusalem, 16 augusti 2024. (Yonatan Sindel\/Flash90)<\/span><\/pre>\n<p><span lang=\"EN-GB\">Utrikesminister Israel Katz har hotat att &quot;bryta och uppl\u00f6sa&quot; den palestinska myndigheten om de g\u00e5r vidare med aggressiva \u00e5tg\u00e4rder mot Israel i FN, sa hans kontor till The Times of Israel p\u00e5 s\u00f6ndagen.<\/span><\/p>\n<p><span lang=\"EN-GB\">Hotet kom n\u00e4r PA l\u00e4mnade in ett utkast till resolution till generalf\u00f6rsamlingen med krav p\u00e5 att Israel skulle tvingas genomf\u00f6ra besluten fr\u00e5n Internationella domstolen i Haag, FN:s h\u00f6gsta domstol. \u00c5tg\u00e4rden kommer att r\u00f6stas om n\u00e4sta vecka, sade Israels FN-beskickning p\u00e5 s\u00f6ndagen.<\/span><\/p>\n<p><span lang=\"EN-GB\">F\u00f6rra veckan ledde Katz en diskussion om Israels svar p\u00e5 PA:s avsikt att driva p\u00e5 omr\u00f6stningen, sa utrikesdepartementet till The Times of Israel.<\/span><\/p>\n<p><span lang=\"EN-GB\">Resolutionen kr\u00e4ver ett israeliskt tillbakadragande fr\u00e5n territorierna inom sex m\u00e5nader, avslutar bos\u00e4ttningsf\u00f6retaget och &quot;\u00e5terv\u00e4ndande av palestinier till deras land&quot;, framtvingade sanktioner mot h\u00f6ga israeliska tj\u00e4nstem\u00e4n och blockerar vapenf\u00f6rs\u00e4ljning till Israel om de kan anv\u00e4ndas i palestinska omr\u00e5den .<\/span><\/p>\n<p><span lang=\"EN-GB\">Utkastet kr\u00e4ver ocks\u00e5 att inga fler ambassader till Israel ska etableras i Jerusalem.<\/span><\/p>\n<p><span lang=\"EN-GB\">Katz beordrade en upps\u00e4ttning \u00e5tg\u00e4rder som skulle samordnas med USA och andra israeliska allierade f\u00f6r att mots\u00e4tta sig beslutet, sade utrikesministeriet. Han instruerade ocks\u00e5 ministeriet att f\u00f6rbereda en upps\u00e4ttning svar mot PA som kommer att kalibreras f\u00f6r att matcha sv\u00e5righetsgraden av den slutliga resolutionen.<\/span><\/p>\n<p class=\"MsoNormal\"><a href=\"https:\/\/static.timesofisrael.com\/www\/uploads\/2024\/05\/AFP__20240510__34RC36Q__v1__HighRes__UnPalestinianIsraelConflictDiplomacy-e1715359810639.jpg\" target=\"_blank\" rel=\"noopener\"><span style=\"color: blue; text-decoration: none;\"><img loading=\"lazy\" decoding=\"async\" id=\"Afbeelding_x0020_4\" style=\"width: 6.25in; height: 3.9062in;\" src=\"https:\/\/thetrial.org\/wp-content\/uploads\/image002-3.jpg\" alt=\"https:\/\/static.timesofisrael.com\/www\/uploads\/2024\/05\/AFP__20240510__34RC36Q__v1__HighRes__UnPalestinianIsraelConflictDiplomacy-e1715359810639-640x400.jpg\" width=\"600\" height=\"375\" border=\"0\" \/><\/span><\/a><\/p>\n<pre class=\"MsoNormal\"><span lang=\"EN-GB\">Den palestinska FN-ambassad\u00f6ren Riyad Mansour talar under en s\u00e4rskild session i FN:s generalf\u00f6rsamling ang\u00e5ende den palestinska ans\u00f6kningen om fullt medlemskap i FN, vid FN:s h\u00f6gkvarter i New York City den 10 maj 2024. (Charly TRIBALLEAU \/ AFP)<\/span><\/pre>\n<p><span lang=\"EN-GB\">Han sa till israeliska diplomater, inklusive FN-ambassad\u00f6r Danny Danon, att betona f\u00f6r amerikanska, europeiska och FN-tj\u00e4nstem\u00e4n att om det palestinska f\u00f6rslaget g\u00e5r igenom kommer Israel att inf\u00f6ra &quot;str\u00e4nga sanktioner&quot; mot PA, vilket kan inkludera att all kommunikation stoppas.<\/span><\/p>\n<p><span lang=\"EN-GB\">&quot;Om den palestinska myndigheten agerar mot Israel helt i strid med de \u00e5taganden den \u00e5tog sig i de interimistiska arrangemangen som undertecknades, kommer Israel att agera p\u00e5 samma s\u00e4tt och stoppa allt samarbete med PA och \u00e5stadkomma dess uppl\u00f6sning&quot;, sa Katz.<\/span><\/p>\n<p><span lang=\"EN-GB\">FN-ambassad\u00f6ren Danny Danon sa i s\u00f6ndags att, om f\u00f6rslaget antas, kommer det att vara &quot;en bel\u00f6ning f\u00f6r terrorism och ett budskap till v\u00e4rlden att den barbariska massakern p\u00e5 barn, v\u00e5ldt\u00e4kten av kvinnor och kidnappningen av oskyldiga civila \u00e4r ett l\u00f6nsamt drag.&quot;<\/span><\/p>\n<p><span lang=\"EN-GB\">&quot;L\u00e5t det vara klart,&quot; sa han. &quot;Ingenting kommer att stoppa eller avskr\u00e4cka Israel i sitt uppdrag att ta tillbaka alla gisslan och besegra Hamas.&quot;<\/span><\/p>\n<p><span lang=\"EN-GB\">ICJ:s beslut den 19 juli var icke bindande. Generalf\u00f6rsamlingens resolutioner \u00e4r ocks\u00e5 icke-bindande, men i det h\u00e4r fallet finns det oro f\u00f6r att det skulle kunna sn\u00f6a och leda till p\u00e5tryckningar f\u00f6r vapenembargon och svartlistning av bos\u00e4ttningar, heter det i rapporten.<\/span><\/p>\n<p><span lang=\"EN-GB\">I sitt beslut i juli sa ICJ att det fastslog att Israels bos\u00e4ttningspolitik p\u00e5 V\u00e4stbanken br\u00f6t mot internationell lag och att Israel faktiskt hade annekterat stora delar av V\u00e4stbanken - tillsammans med \u00f6stra Jerusalem, som det formellt annekterade och uts\u00e5gs till suver\u00e4nt israeliskt territorium 1980 \u2014 p\u00e5 grund av n\u00e5gra av de uppenbarligen permanenta aspekterna av israeliskt styre d\u00e4r.<\/span><\/p>\n<p><span lang=\"EN-GB\">De juridiska konsekvenserna av dess slutsatser, fastslog domstolen, var att Israel m\u00e5ste avsluta sin kontroll \u00f6ver dessa omr\u00e5den, upph\u00f6ra med ny bos\u00e4ttningsverksamhet, &quot;upph\u00e4va all lagstiftning och \u00e5tg\u00e4rder som skapar eller uppr\u00e4tth\u00e5ller den olagliga situationen&quot; - inklusive de som den sa &quot;diskriminerar Palestinska folket i det ockuperade palestinska territoriet&quot; - och ge skadest\u00e5nd f\u00f6r alla skador som orsakats av dess &quot;felaktiga handlingar.&quot;<\/span><\/p>\n<p><span lang=\"EN-GB\">Dessutom sa domstolen att alla FN:s medlemsl\u00e4nder \u00e4r skyldiga att inte erk\u00e4nna f\u00f6r\u00e4ndringar av territoriernas status och att alla stater \u00e4r skyldiga att inte bist\u00e5 eller bist\u00e5 Israels styre av territorierna, och se till att alla hinder &quot;f\u00f6r ut\u00f6vandet av det palestinska folkets r\u00e4tt till sj\u00e4lvbest\u00e4mmande f\u00e5r ett slut.\u201d<\/span><\/p>\n<p class=\"MsoNormal\"><a href=\"https:\/\/static.timesofisrael.com\/www\/uploads\/2024\/07\/AFP__20240719__364K3AZ__v1__HighRes__NetherlandsIsraelPalestinianConflictIcj-e1721411325117.jpg\" target=\"_blank\" rel=\"noopener\"><span style=\"color: blue; text-decoration: none;\"><img loading=\"lazy\" decoding=\"async\" id=\"Afbeelding_x0020_3\" style=\"width: 6.25in; height: 3.9062in;\" src=\"https:\/\/thetrial.org\/wp-content\/uploads\/image003-3.jpg\" alt=\"https:\/\/static.timesofisrael.com\/www\/uploads\/2024\/07\/AFP__20240719__364K3AZ__v1__HighRes__NetherlandsIsraelPalestinianConflictIcj-e1721411325117-640x400.jpg\" width=\"600\" height=\"375\" border=\"0\" \/><\/span><\/a><\/p>\n<pre class=\"MsoNormal\"><span lang=\"EN-GB\">Domare f\u00f6r Internationella domstolen reser sig innan de avger ett icke-bindande beslut om israeliskt styre p\u00e5 V\u00e4stbanken och \u00f6stra Jerusalem vid ICJ i Haag den 19 juli 2024. (Nick Gammon\/AFP)<\/span><\/pre>\n<p><span lang=\"EN-GB\">PA har f\u00f6rnyat sina aktiva insatser mot Israel p\u00e5 den internationella scenen sedan kriget i Gaza br\u00f6t ut den 7 oktober med Hamas aldrig tidigare sk\u00e5dade attack mot Israel, d\u00e4r terrorister d\u00f6dade omkring 1 200 m\u00e4nniskor och tog 251 gisslan.<\/span><\/p>\n<p><span lang=\"EN-GB\">Som svar inledde Israel en markinvasion av Gaza med de utropade m\u00e5len att avveckla Hamas och f\u00e5 tillbaka gisslan.<\/span><\/p>\n<p><span lang=\"EN-GB\">Det Hamas-drivna h\u00e4lsoministeriet i Gaza s\u00e4ger att mer \u00e4n 40 000 m\u00e4nniskor i remsan har d\u00f6dats eller antas ha d\u00f6tt i striderna hittills, \u00e4ven om siffran inte kan verifieras och inte skiljer mellan civila och soldater. Israel s\u00e4ger att de har d\u00f6dat omkring 17 000 kombattanter i strid och ytterligare 1 000 terrorister inne i Israel den 7 oktober.<\/span><\/p>\n<p><span lang=\"EN-GB\">Israel har sagt att de f\u00f6rs\u00f6ker minimera civila d\u00f6dsfall och betonar att Hamas anv\u00e4nder Gazas civila som m\u00e4nskliga sk\u00f6ldar, strider fr\u00e5n civila omr\u00e5den inklusive hem, sjukhus, skolor och mosk\u00e9er.<\/span><\/p>\n<p><span lang=\"EN-GB\">Israels v\u00e4gtull i markoffensiven mot Hamas i Gaza och i milit\u00e4ra operationer l\u00e4ngs gr\u00e4nsen till remsan \u00e4r 342.<\/span><\/p>\n<p><span lang=\"EN-GB\">F\u00f6rutom att anv\u00e4nda f\u00f6rst\u00f6relsen fr\u00e5n kriget och offersiffrorna i Gaza som en spr\u00e5ngbr\u00e4da f\u00f6r en f\u00f6rnyad satsning p\u00e5 en palestinsk stat, har PA ocks\u00e5 tagit Israel till Internationella domstolen och st\u00f6tt Internationella brottm\u00e5lsdomstolen i att s\u00f6ka arresteringsorder f\u00f6r krigsf\u00f6rbrytelser mot israeliska ledare.<\/span><\/p>\n<p><span lang=\"EN-GB\">Finansminister Bezalel Smotrich har straffat PA f\u00f6r dess anstr\u00e4ngningar, genom att frysa pengar fr\u00e5n skatteint\u00e4kter som \u00e4r avsedda att g\u00e5 till Ramallah och ist\u00e4llet ge pengarna till familjer till offer f\u00f6r terrorism.<\/span><\/p>\n<p><em><span lang=\"EN-GB\" style=\"font-family: 'Calibri',sans-serif;\">Jeremy Sharon bidrog till denna rapport.<\/span><\/em><\/p>\n<p class=\"MsoNormal\"><span lang=\"EN-GB\">\u00a0<\/span><\/p>\n<\/div>\n<div id=\"DAB4FAD8-2DD7-40BB-A1B8-4E2AA1F9FDF2\">\n<table style=\"border-top: 1px solid #D3D4DE;\">\n<tbody>\n<tr>\n<td style=\"width: 55px; padding-top: 13px;\"><a href=\"http:\/\/www.avg.com\/email-signature?utm_medium=email&amp;utm_source=link&amp;utm_campaign=sig-email&amp;utm_content=emailclient\" target=\"_blank\" rel=\"noopener\"><img loading=\"lazy\" decoding=\"async\" style=\"width: 46px; height: 29px;\" src=\"https:\/\/s-install.avcdn.net\/ipm\/preview\/icons\/icon-envelope-tick-green-avg-v1.png\" alt=\"\" width=\"46\" height=\"29\" \/><\/a><\/td>\n<td style=\"width: 470px; padding-top: 12px; color: #41424e; font-size: 13px; font-family: Arial, Helvetica, sans-serif; line-height: 18px;\">Virusfri.<a style=\"color: #4453ea;\" href=\"http:\/\/www.avg.com\/email-signature?utm_medium=email&amp;utm_source=link&amp;utm_campaign=sig-email&amp;utm_content=emailclient\" target=\"_blank\" rel=\"noopener\">www.avg.com<\/a><\/td>\n<\/tr>\n<\/tbody>\n<\/table>\n<\/div>\n<\/div>","protected":false},"excerpt":{"rendered":"<p>Palestinians have submitted measure to General Assembly demanding Israeli pullout from West Bank, sanctions on senior officials; Foreign Ministry coordinating response with allies By Lazar Berman File: Foreign Minister Israel Katz waits for the arrival of his British counterpart, David Lammy, and his French counterpart, Stephane Sejourne, at the Foreign Ministry in Jerusalem, August 16, [&hellip;]<\/p>\n","protected":false},"author":7,"featured_media":2096,"comment_status":"closed","ping_status":"closed","sticky":false,"template":"","format":"standard","meta":{"_acf_changed":false,"footnotes":""},"categories":[20],"tags":[87,73,24,82,52,86,22],"class_list":["post-2095","post","type-post","status-publish","format-standard","has-post-thumbnail","hentry","category-news","tag-general-assenbly","tag-icj","tag-israel","tag-new-york","tag-pa","tag-palestinians","tag-the-hague"],"acf":[],"_links":{"self":[{"href":"https:\/\/thetrial.org\/sv\/wp-json\/wp\/v2\/posts\/2095","targetHints":{"allow":["GET"]}}],"collection":[{"href":"https:\/\/thetrial.org\/sv\/wp-json\/wp\/v2\/posts"}],"about":[{"href":"https:\/\/thetrial.org\/sv\/wp-json\/wp\/v2\/types\/post"}],"author":[{"embeddable":true,"href":"https:\/\/thetrial.org\/sv\/wp-json\/wp\/v2\/users\/7"}],"replies":[{"embeddable":true,"href":"https:\/\/thetrial.org\/sv\/wp-json\/wp\/v2\/comments?post=2095"}],"version-history":[{"count":1,"href":"https:\/\/thetrial.org\/sv\/wp-json\/wp\/v2\/posts\/2095\/revisions"}],"predecessor-version":[{"id":2100,"href":"https:\/\/thetrial.org\/sv\/wp-json\/wp\/v2\/posts\/2095\/revisions\/2100"}],"wp:featuredmedia":[{"embeddable":true,"href":"https:\/\/thetrial.org\/sv\/wp-json\/wp\/v2\/media\/2096"}],"wp:attachment":[{"href":"https:\/\/thetrial.org\/sv\/wp-json\/wp\/v2\/media?parent=2095"}],"wp:term":[{"taxonomy":"category","embeddable":true,"href":"https:\/\/thetrial.org\/sv\/wp-json\/wp\/v2\/categories?post=2095"},{"taxonomy":"post_tag","embeddable":true,"href":"https:\/\/thetrial.org\/sv\/wp-json\/wp\/v2\/tags?post=2095"}],"curies":[{"name":"wp","href":"https:\/\/api.w.org\/{rel}","templated":true}]}}