{"id":2107,"date":"2024-09-19T09:43:03","date_gmt":"2024-09-19T07:43:03","guid":{"rendered":"https:\/\/thetrial.org\/?p=2107"},"modified":"2024-09-19T10:29:00","modified_gmt":"2024-09-19T08:29:00","slug":"un-general-assembly-passes-resolution-calling-for-jerusalem-old-city-to-be-jew-free","status":"publish","type":"post","link":"https:\/\/thetrial.org\/sv\/un-general-assembly-passes-resolution-calling-for-jerusalem-old-city-to-be-jew-free\/","title":{"rendered":"FN:s generalf\u00f6rsamling antar en resolution som kr\u00e4ver att Jerusalems gamla stad ska vara fri fr\u00e5n judar"},"content":{"rendered":"<div>\n<div class=\"WordSection1\">\n<h5><span lang=\"EN-GB\">Den palestinska resolutionen antogs med bred marginal och kr\u00e4vde att den israeliska arm\u00e9n och de judiska inv\u00e5narna skulle evakueras till den linje som g\u00e4llde f\u00f6re 1949 inom ett \u00e5r. <\/span><\/h5>\n<p class=\"MsoNormal\"><a title=\"Mike Wagenheim\" href=\"https:\/\/www.jns.org\/writers\/mike-wagenheim\/\">Mike Wagenheim<\/a><\/p>\n<p class=\"MsoNormal\"><img loading=\"lazy\" decoding=\"async\" id=\"Afbeelding_x0020_4\" style=\"width: 6.4583in; height: 4.302in;\" src=\"https:\/\/thetrial.org\/wp-content\/uploads\/image001-10.jpg\" alt=\"U.N. Secretary-General Ant\u00f3nio Guterres briefs reporters ahead of the opening of the 79th high-level session of the U.N. General Assembly and the Summit of the Future on Sept. 18, 2024. Credit: Mark Garten\/U.N. Photo.\" width=\"620\" height=\"413\" border=\"0\" \/><\/p>\n<pre class=\"MsoNormal\"><span lang=\"EN-GB\">FN:s generalsekreterare Ant\u00f3nio Guterres informerar reportrar inf\u00f6r \u00f6ppnandet av den 79:e h\u00f6gniv\u00e5sessionen i FN:s generalf\u00f6rsamling och framtidens toppm\u00f6te den 18 september 2024. <\/span>Kredit: Mark Garten\/U.N. Foto.<\/pre>\n<p class=\"MsoNormal\">(18 september 2024 \/ JNS)<\/p>\n<p class=\"wp-block-paragraph\"><span lang=\"EN-GB\">Jerusalems gamla stad, f\u00f6rutom Judeen och Samarien, m\u00e5ste vara <em><span style=\"font-family: 'Calibri',sans-serif;\">Judenrein<\/span><\/em> inom ett \u00e5r, enligt en resolution som utarbetats av palestinierna och som antogs av FN:s generalf\u00f6rsamling p\u00e5 onsdagen.<\/span><\/p>\n<p class=\"wp-block-paragraph\"><span lang=\"EN-GB\">Resolutionen, som antogs med 124 r\u00f6ster mot 14 och 43 nedlagda r\u00f6ster, \u00e4r avsedd att ge kraft \u00e5t ett r\u00e5dgivande yttrande fr\u00e5n Internationella domstolen i juli, som f\u00f6rklarade att israelisk n\u00e4rvaro \u00e4r olaglig i alla omr\u00e5den \u00f6ver 1949 \u00e5rs vapenstillest\u00e5ndslinje.<\/span><\/p>\n<p class=\"wp-block-paragraph\"><span lang=\"EN-GB\">Mer \u00e4n 40 l\u00e4nder st\u00f6dde resolutionen, som var den f\u00f6rsta som palestinierna l\u00e4mnade in efter att ha beviljats privilegier som saknar motstycke f\u00f6r en icke FN-medlem tidigare i \u00e5r.<\/span><\/p>\n<p class=\"wp-block-paragraph\"><span lang=\"EN-GB\">Resolutionen uppmanar Israels f\u00f6rsvarsmakt att inom 12 m\u00e5nader dra sig tillbaka helt fr\u00e5n Jud\u00e9en och Samarien, \u00f6stra Jerusalem och Gazaremsan, vilket inneb\u00e4r att alla judiska samh\u00e4llen bortom vapenstillest\u00e5ndslinjen, inklusive Jerusalems gamla stad, ska evakueras.<\/span><\/p>\n<p class=\"wp-block-paragraph\"><span lang=\"EN-GB\">Det f\u00f6rbjuder ocks\u00e5 vapenf\u00f6rs\u00e4ljning till IDF av all utrustning som rimligen kan f\u00f6rv\u00e4ntas anv\u00e4ndas i territoriet \u00f6ver 1949 \u00e5rs linjer och uppmanar till bojkott av alla produkter som produceras av judar i dessa omr\u00e5den.<\/span><\/p>\n<p class=\"wp-block-paragraph\"><span lang=\"EN-GB\">Resolutionen <\/span><a href=\"https:\/\/documents.un.org\/doc\/undoc\/ltd\/n24\/266\/48\/pdf\/n2426648.pdf\" target=\"_blank\" rel=\"noopener\"><span lang=\"EN-GB\">text<\/span><\/a><span lang=\"EN-GB\"> saknar varje omn\u00e4mnande av israeliska s\u00e4kerhetsproblem, historiska band till l\u00e4nderna eller Hamas terrorattacker i Israel den 7 oktober.<\/span><\/p>\n<p class=\"wp-block-paragraph\"><span lang=\"EN-GB\">Omr\u00f6stningen \u00e4gde rum efter en dags debatt p\u00e5 tisdagen.\u00a0<\/span><\/p>\n<p class=\"wp-block-paragraph\"><span lang=\"EN-GB\">Argentina, Fiji, Malawi, Mikronesien, Nauru, Palau, Papua Nya Guinea, Paraguay, Tonga, Tuvalu, F\u00f6renta staterna, Tjeckien, Ungern och Israel motsatte sig resolutionen.<\/span><\/p>\n<p class=\"wp-block-paragraph\"><span lang=\"EN-GB\">Bland dem som avstod fr\u00e5n att r\u00f6sta fanns Tyskland, Storbritannien, Kanada, Italien, Ukraina och Australien.<\/span><\/p>\n<p class=\"wp-block-paragraph\"><span lang=\"EN-GB\">Generalf\u00f6rsamlingens resolutioner har ingen juridisk kraft, men resolutionens antagande p\u00e5 onsdagen f\u00f6rv\u00e4ntas anv\u00e4ndas i internationella domstolar och andra forum f\u00f6r att s\u00f6ka ytterligare \u00e5tg\u00e4rder mot den judiska staten.<\/span><\/p>\n<p class=\"wp-block-paragraph\"><span lang=\"EN-GB\">Det \u00e4r allm\u00e4nt v\u00e4ntat att palestinierna kommer att beg\u00e4ra att FN:s s\u00e4kerhetsr\u00e5d tar upp fr\u00e5gan. S\u00e4kerhetsr\u00e5dets resolutioner \u00e4r bindande, men USA f\u00f6rv\u00e4ntas motarbeta en s\u00e5dan beg\u00e4ran, bland annat genom sin vetor\u00e4tt.<\/span><\/p>\n<pre class=\"MsoNormal\"><img loading=\"lazy\" decoding=\"async\" id=\"Afbeelding_x0020_3\" style=\"width: 12.5in; height: 8.3333in;\" src=\"https:\/\/thetrial.org\/wp-content\/uploads\/image002-5.jpg\" alt=\"Danny Danon\" width=\"1200\" height=\"800\" border=\"0\" \/><span lang=\"EN-GB\">Danny Danon, Israels FN-ambassad\u00f6r, talar vid generalf\u00f6rsamlingens \u00e5terupptagna 10:e extrainsatta session om \"Israels olagliga agerande i det ockuperade \u00f6stra Jerusalem och resten av det ockuperade palestinska territoriet\" den 17 september 2024. Credit: Eskinder Debebe\/U.N. Photo. <\/span><\/pre>\n<p class=\"wp-block-paragraph\"><strong><span lang=\"EN-GB\" style=\"font-family: 'Calibri',sans-serif;\">\"Ytterligare br\u00e4nsle till den globala antisemitismen<\/span><\/strong><\/p>\n<p class=\"wp-block-paragraph\"><span lang=\"EN-GB\">Danny Danon, Israels FN-ambassad\u00f6r, kallade det \"ett skamligt beslut som st\u00f6der den palestinska myndighetens diplomatiska terrorism\".<\/span><\/p>\n<p class=\"wp-block-paragraph\"><span lang=\"EN-GB\">Han tillade att generalf\u00f6rsamlingen \"forts\u00e4tter att dansa efter den palestinska myndighetens pipa, som st\u00f6djer Hamas m\u00f6rdare\".<\/span><\/p>\n<p class=\"wp-block-paragraph\"><span lang=\"EN-GB\">F\u00f6re omr\u00f6stningen sade FN:s generalsekreterare Ant\u00f3nio Guterres till reportrar att han skulle st\u00f6dja genomf\u00f6randet av resolutionen om den gick igenom.<\/span><\/p>\n<p class=\"wp-block-paragraph\"><span lang=\"EN-GB\">Seth Riklin och Daniel Mariaschin, ordf\u00f6rande respektive VD f\u00f6r B'nai B'rith International, sade att den internationella ideella organisationen \u00e4r \"f\u00f6rskr\u00e4ckt\" \u00f6ver den \"fruktansv\u00e4rda\" resolutionen.<\/span><\/p>\n<p class=\"wp-block-paragraph\"><span lang=\"EN-GB\">\"B'nai B'rith International f\u00f6rd\u00f6mer starkt FN:s generalf\u00f6rsamlings antagande av den f\u00f6rsta resolutionen som officiellt sponsrats av palestinier, dagar efter att de blev den f\u00f6rsta icke-medlemsstatsgruppen som ytterligare uppgraderats till m\u00e5nga medlemsprivilegier i FN:s generalf\u00f6rsamling, trots v\u00e4rldsorganets egna regler och praxis\", sade de.<\/span><\/p>\n<p class=\"wp-block-paragraph\"><span lang=\"EN-GB\">\"F\u00f6rslaget kommer fr\u00e5n en f\u00f6rsamling d\u00e4r arabiska och andra pro-palestinska regeringar har en automatisk majoritet f\u00f6r att \u00e5rligen f\u00f6rd\u00f6ma Israel mer \u00e4n alla andra l\u00e4nder tillsammans. F\u00f6rslaget saknar motstycke i sitt skaml\u00f6st ensidiga st\u00f6d f\u00f6r palestinska anspr\u00e5k och politiska krav, och undergr\u00e4ver ytterligare FN:s trov\u00e4rdighet som en seri\u00f6s bidragsgivare till att fr\u00e4mja konfliktl\u00f6sning och universella m\u00e4nskliga r\u00e4ttigheter\", tillade de.<\/span><\/p>\n<p class=\"wp-block-paragraph\"><span lang=\"EN-GB\">\"Skam \u00f6ver alla l\u00e4nder som m\u00f6jliggjorde denna fruktansv\u00e4rda kr\u00e4nkning av r\u00e4ttvisa och fred som en del av FN:s generalf\u00f6rsamlings senaste \"krism\u00f6te\" om Mellan\u00f6stern som inte g\u00f6r n\u00e5gonting f\u00f6r att p\u00e5 allvar ta itu med och l\u00f6sa krisen\", sade Riklin och Mariaschin.<\/span><\/p>\n<p class=\"wp-block-paragraph\"><span lang=\"EN-GB\">Conference of Presidents of Major American Jewish Organizations f\u00f6rd\u00f6mde den \"partiska och farliga\" resolutionen i starka ordalag, sade Harriet Schleifer och William Daroff, ordf\u00f6rande respektive VD. De kallade det \"den senaste salvan i en besatt, decenniel\u00e5ng kampanj mot Israel\".<\/span><\/p>\n<p class=\"wp-block-paragraph\"><span lang=\"EN-GB\">\"Att f\u00f6rs\u00f6ka isolera Israel p\u00e5 detta s\u00e4tt \u00e4r utan tvekan ett hot mot landets nationella s\u00e4kerhet, eftersom det st\u00e5r inf\u00f6r terrorhot fr\u00e5n alla h\u00e5ll, och en f\u00f6rol\u00e4mpning mot dess status som den enda demokratin i Mellan\u00f6stern, och kan d\u00e4rf\u00f6r inte accepteras av det internationella samfundet\", tillade de.<\/span><\/p>\n<p class=\"wp-block-paragraph\"><span lang=\"EN-GB\">Arsen Ostrovsky och Nadav Steinman, VD respektive styrelseordf\u00f6rande f\u00f6r International Legal Forum, konstaterade att \"idag har FN, enkelt uttryckt, blivit Hamas diplomatiska arm\" och att resolutionen \"bara \u00e4r den senaste i raden av obscent ensidiga antiisraeliska resolutioner i FN sedan den 7 oktober\".\u00a0<\/span><\/p>\n<p class=\"wp-block-paragraph\"><span lang=\"EN-GB\">\"Allt den g\u00f6r \u00e4r att bel\u00f6na Hamas m\u00f6rdare, v\u00e5ldt\u00e4ktsm\u00e4n och kidnappare, samtidigt som den h\u00e4ller ytterligare br\u00e4nsle p\u00e5 den v\u00e4rldsomsp\u00e4nnande antisemitismen och undergr\u00e4ver den kvarvarande trov\u00e4rdigheten hos den redan problematiska och politiserade Internationella domstolen, som denna resolution \u00e4r t\u00e4nkt att baseras p\u00e5\", tillade de. \"I slut\u00e4ndan kommer fred endast att r\u00e5da n\u00e4r Hamas har besegrats och gisslan har sl\u00e4ppts, inte genom tr\u00f6ttsamma uppt\u00e5g och palestinska \"segrar\" i FN.\"<\/span><\/p>\n<p class=\"MsoNormal\"><span lang=\"EN-GB\">\u00a0<\/span><\/p>\n<\/div>\n<div id=\"DAB4FAD8-2DD7-40BB-A1B8-4E2AA1F9FDF2\">\n<table style=\"border-top: 1px solid #D3D4DE;\">\n<tbody>\n<tr>\n<td style=\"width: 55px; padding-top: 13px;\"><a href=\"http:\/\/www.avg.com\/email-signature?utm_medium=email&amp;utm_source=link&amp;utm_campaign=sig-email&amp;utm_content=emailclient\" target=\"_blank\" rel=\"noopener\"><img loading=\"lazy\" decoding=\"async\" style=\"width: 46px; height: 29px;\" src=\"https:\/\/s-install.avcdn.net\/ipm\/preview\/icons\/icon-envelope-tick-green-avg-v1.png\" alt=\"\" width=\"46\" height=\"29\" \/><\/a><\/td>\n<td style=\"width: 470px; padding-top: 12px; color: #41424e; font-size: 13px; font-family: Arial, Helvetica, sans-serif; line-height: 18px;\">Virusfri.<a style=\"color: #4453ea;\" href=\"http:\/\/www.avg.com\/email-signature?utm_medium=email&amp;utm_source=link&amp;utm_campaign=sig-email&amp;utm_content=emailclient\" target=\"_blank\" rel=\"noopener\">www.avg.com<\/a><\/td>\n<\/tr>\n<\/tbody>\n<\/table>\n<\/div>\n<\/div>","protected":false},"excerpt":{"rendered":"<p>The Palestinian-fronted resolution passed by wide margin, demanding that the Israeli army and Jewish residents evacuate to pre-1949 line within a year. Mike Wagenheim U.N. Secretary-General Ant\u00f3nio Guterres briefs reporters ahead of the opening of the 79th high-level session of the U.N. General Assembly and the Summit of the Future on Sept. 18, 2024. Credit: [&hellip;]<\/p>\n","protected":false},"author":7,"featured_media":2108,"comment_status":"closed","ping_status":"closed","sticky":false,"template":"","format":"standard","meta":{"_acf_changed":false,"footnotes":""},"categories":[20],"tags":[84,50,88,90,82,68],"class_list":["post-2107","post","type-post","status-publish","format-standard","has-post-thumbnail","hentry","category-news","tag-general-assembly","tag-icj-advisory-opinion","tag-jerusalem","tag-jew-free","tag-new-york","tag-palestinian-state"],"acf":[],"_links":{"self":[{"href":"https:\/\/thetrial.org\/sv\/wp-json\/wp\/v2\/posts\/2107","targetHints":{"allow":["GET"]}}],"collection":[{"href":"https:\/\/thetrial.org\/sv\/wp-json\/wp\/v2\/posts"}],"about":[{"href":"https:\/\/thetrial.org\/sv\/wp-json\/wp\/v2\/types\/post"}],"author":[{"embeddable":true,"href":"https:\/\/thetrial.org\/sv\/wp-json\/wp\/v2\/users\/7"}],"replies":[{"embeddable":true,"href":"https:\/\/thetrial.org\/sv\/wp-json\/wp\/v2\/comments?post=2107"}],"version-history":[{"count":1,"href":"https:\/\/thetrial.org\/sv\/wp-json\/wp\/v2\/posts\/2107\/revisions"}],"predecessor-version":[{"id":2111,"href":"https:\/\/thetrial.org\/sv\/wp-json\/wp\/v2\/posts\/2107\/revisions\/2111"}],"wp:featuredmedia":[{"embeddable":true,"href":"https:\/\/thetrial.org\/sv\/wp-json\/wp\/v2\/media\/2108"}],"wp:attachment":[{"href":"https:\/\/thetrial.org\/sv\/wp-json\/wp\/v2\/media?parent=2107"}],"wp:term":[{"taxonomy":"category","embeddable":true,"href":"https:\/\/thetrial.org\/sv\/wp-json\/wp\/v2\/categories?post=2107"},{"taxonomy":"post_tag","embeddable":true,"href":"https:\/\/thetrial.org\/sv\/wp-json\/wp\/v2\/tags?post=2107"}],"curies":[{"name":"wp","href":"https:\/\/api.w.org\/{rel}","templated":true}]}}