{"id":2191,"date":"2025-02-11T13:25:30","date_gmt":"2025-02-11T12:25:30","guid":{"rendered":"https:\/\/thetrial.org\/?p=2191"},"modified":"2025-02-11T13:31:47","modified_gmt":"2025-02-11T12:31:47","slug":"white-house-names-chief-prosecutor-karim-khan-as-first-target-of-icc-sanctions","status":"publish","type":"post","link":"https:\/\/thetrial.org\/sv\/white-house-names-chief-prosecutor-karim-khan-as-first-target-of-icc-sanctions\/","title":{"rendered":"Vita huset utser chefs\u00e5klagare Karim Khan till f\u00f6rsta m\u00e5l f\u00f6r ICC:s sanktioner"},"content":{"rendered":"<div>\n<div class=\"WordSection1\">\n<h6><span lang=\"EN-GB\">Han \u00e4r brittisk medborgare och rapporterades tidigare vara f\u00f6rem\u00e5l f\u00f6r sanktionerna, men Vita huset har just lagt till hans namn i en bilaga till den verkst\u00e4llande ordern. <\/span><\/h6>\n<p class=\"MsoNormal\"><img loading=\"lazy\" decoding=\"async\" id=\"Afbeelding_x0020_6\" style=\"width: 6.4583in; height: 4.302in;\" src=\"https:\/\/thetrial.org\/wp-content\/uploads\/image001-15.jpg\" alt=\"ICC Chief Prosecutor Karim Khan at the Dutch Foreign Ministry in The Hague on April 11, 2022. Photo by Raoul Somers via Wikimedia Commons.\" width=\"620\" height=\"413\" \/><\/p>\n<pre class=\"MsoNormal\"><span lang=\"EN-GB\">ICC:s chefs\u00e5klagare Karim Khan vid det nederl\u00e4ndska utrikesministeriet i Haag den 11 april 2022. <\/span>Foto av Raoul Somers via Wikimedia Commons.<\/pre>\n<p class=\"MsoNormal\"><span class=\"light-weight-content\">(<\/span>10 februari 2025 <span class=\"light-weight-content\">\/ JNS)<\/span><\/p>\n<p class=\"wp-block-paragraph\"><span lang=\"EN-GB\">Vita huset listade Karim Khan, \u00e5klagare vid Internationella brottm\u00e5lsdomstolen i Haag, som den f\u00f6rsta personen som skulle omfattas av sanktioner p\u00e5 m\u00e5ndagen enligt en verkst\u00e4llande order som riktar sig mot domstolen f\u00f6r att utreda p\u00e5st\u00e5dda israeliska \"krigsf\u00f6rbrytelser\" i Gaza.<\/span><\/p>\n<p class=\"wp-block-paragraph\"><span lang=\"EN-GB\">Khan, som \u00e4r brittisk medborgare, var tidigare <\/span><a href=\"https:\/\/www.jns.org\/chief-prosecutor-khan-first-on-us-icc-sanctions-blacklist\/\" target=\"_blank\" rel=\"noopener\"><span lang=\"EN-GB\">rapporterade<\/span><\/a><span lang=\"EN-GB\"> Vita huset lade officiellt till hans namn i en bilaga till den verkst\u00e4llande ordern p\u00e5 m\u00e5ndagen.<\/span><\/p>\n<p class=\"wp-block-paragraph\"><span lang=\"EN-GB\">USA:s president Donald Trump undertecknade ordern om sanktioner mot ICC den 6 februari p\u00e5 grund av vad som i ordern beskrivs som det \"ovanliga och extraordin\u00e4ra hot mot USA:s nationella s\u00e4kerhet och utrikespolitik\" som domstolen utg\u00f6r.<\/span><\/p>\n<p class=\"wp-block-paragraph\"><span lang=\"EN-GB\">Khan meddelade att han ans\u00f6kte om h\u00e4ktningsorder f\u00f6r Israels premi\u00e4rminister Benjamin Netanyahu och Yoav Gallant, Israels tidigare f\u00f6rsvarsminister, f\u00f6r \"krigsf\u00f6rbrytelser och brott mot m\u00e4nskligheten\" i Gaza. Domstolen utf\u00e4rdade arresteringsorderna i november.<\/span><\/p>\n<p class=\"wp-block-paragraph\"><span lang=\"EN-GB\">USA och Israel h\u00e4vdar att domstolen inte har jurisdiktion \u00f6ver dem eftersom de inte \u00e4r parter i Romstadgan som skapade domstolen 2002.<\/span><\/p>\n<p class=\"wp-block-paragraph\"><span lang=\"EN-GB\">Trump har tidigare sanktionerat ett par ICC-tj\u00e4nstem\u00e4n under 2020 p\u00e5 grund av deras utredning av USA:s agerande i Afghanistan. Den tidigare presidenten Joe Biden h\u00e4vde dessa sanktioner 2021.<\/span><\/p>\n<p class=\"wp-block-paragraph\"><span lang=\"EN-GB\">Sanktionerade personer f\u00e5r vanligtvis sina tillg\u00e5ngar frysta, \u00e4ven om de finns i utl\u00e4ndska banker, och de och deras familjer f\u00f6rbjuds att resa in i USA.<\/span><\/p>\n<p class=\"wp-block-paragraph\"><span lang=\"EN-GB\">Domstolens ordf\u00f6rande, domaren Tomoko Akane, f\u00f6rd\u00f6mde sanktionsbeslutet mot Khan p\u00e5 fredagen.<\/span><\/p>\n<p class=\"wp-block-paragraph\"><span lang=\"EN-GB\">\"Den aviserade exekutiva ordern \u00e4r bara den senaste i en serie av exempell\u00f6sa och eskalerande attacker som syftar till att underminera domstolens f\u00f6rm\u00e5ga att skipa r\u00e4ttvisa i alla situationer\", skrev Akane. \"Vi avvisar best\u00e4mt alla f\u00f6rs\u00f6k att p\u00e5verka domstolens oberoende och opartiskhet eller att politisera v\u00e5r d\u00f6mande funktion.\"<\/span><\/p>\n<p class=\"MsoNormal\">\n<\/div>\n<div id=\"DAB4FAD8-2DD7-40BB-A1B8-4E2AA1F9FDF2\">\n<table style=\"border-top: 1px solid #D3D4DE;\">\n<tbody>\n<tr>\n<td style=\"width: 55px; padding-top: 13px;\"><a href=\"http:\/\/www.avg.com\/email-signature?utm_medium=email&amp;utm_source=link&amp;utm_campaign=sig-email&amp;utm_content=emailclient\" target=\"_blank\" rel=\"noopener\"><img loading=\"lazy\" decoding=\"async\" style=\"width: 46px; height: 29px;\" src=\"https:\/\/s-install.avcdn.net\/ipm\/preview\/icons\/icon-envelope-tick-green-avg-v1.png\" alt=\"\" width=\"46\" height=\"29\" \/><\/a><\/td>\n<td style=\"width: 470px; padding-top: 12px; color: #41424e; font-size: 13px; font-family: Arial, Helvetica, sans-serif; line-height: 18px;\">Virusfri.<a style=\"color: #4453ea;\" href=\"http:\/\/www.avg.com\/email-signature?utm_medium=email&amp;utm_source=link&amp;utm_campaign=sig-email&amp;utm_content=emailclient\" target=\"_blank\" rel=\"noopener\">www.avg.com<\/a><\/td>\n<\/tr>\n<\/tbody>\n<\/table>\n<\/div>\n<\/div>","protected":false},"excerpt":{"rendered":"<p>A British national, he was previously reported to be a target of the sanctions, but the White House just added his name in an annex to the executive order. ICC Chief Prosecutor Karim Khan at the Dutch Foreign Ministry in The Hague on April 11, 2022. Photo by Raoul Somers via Wikimedia Commons. (Feb. 10, [&hellip;]<\/p>\n","protected":false},"author":7,"featured_media":2192,"comment_status":"closed","ping_status":"closed","sticky":false,"template":"","format":"standard","meta":{"_acf_changed":false,"footnotes":""},"categories":[20],"tags":[97,24,103,22],"class_list":["post-2191","post","type-post","status-publish","format-standard","has-post-thumbnail","hentry","category-news","tag-icc","tag-israel","tag-karim-khan","tag-the-hague"],"acf":[],"_links":{"self":[{"href":"https:\/\/thetrial.org\/sv\/wp-json\/wp\/v2\/posts\/2191","targetHints":{"allow":["GET"]}}],"collection":[{"href":"https:\/\/thetrial.org\/sv\/wp-json\/wp\/v2\/posts"}],"about":[{"href":"https:\/\/thetrial.org\/sv\/wp-json\/wp\/v2\/types\/post"}],"author":[{"embeddable":true,"href":"https:\/\/thetrial.org\/sv\/wp-json\/wp\/v2\/users\/7"}],"replies":[{"embeddable":true,"href":"https:\/\/thetrial.org\/sv\/wp-json\/wp\/v2\/comments?post=2191"}],"version-history":[{"count":1,"href":"https:\/\/thetrial.org\/sv\/wp-json\/wp\/v2\/posts\/2191\/revisions"}],"predecessor-version":[{"id":2194,"href":"https:\/\/thetrial.org\/sv\/wp-json\/wp\/v2\/posts\/2191\/revisions\/2194"}],"wp:featuredmedia":[{"embeddable":true,"href":"https:\/\/thetrial.org\/sv\/wp-json\/wp\/v2\/media\/2192"}],"wp:attachment":[{"href":"https:\/\/thetrial.org\/sv\/wp-json\/wp\/v2\/media?parent=2191"}],"wp:term":[{"taxonomy":"category","embeddable":true,"href":"https:\/\/thetrial.org\/sv\/wp-json\/wp\/v2\/categories?post=2191"},{"taxonomy":"post_tag","embeddable":true,"href":"https:\/\/thetrial.org\/sv\/wp-json\/wp\/v2\/tags?post=2191"}],"curies":[{"name":"wp","href":"https:\/\/api.w.org\/{rel}","templated":true}]}}