{"id":2340,"date":"2026-02-11T08:43:19","date_gmt":"2026-02-11T07:43:19","guid":{"rendered":"https:\/\/thetrial.org\/?p=2340"},"modified":"2026-02-11T08:51:57","modified_gmt":"2026-02-11T07:51:57","slug":"israel-in-tight-window-to-advance-sovereignty-in-judea-and-samaria-says-ganz","status":"publish","type":"post","link":"https:\/\/thetrial.org\/sv\/israel-in-tight-window-to-advance-sovereignty-in-judea-and-samaria-says-ganz\/","title":{"rendered":"Israel har ett \u2018sn\u00e4vt f\u00f6nster\u2019 f\u00f6r att fr\u00e4mja suver\u00e4niteten i Jud\u00e9en och Samarien, s\u00e4ger Ganz"},"content":{"rendered":"<div>\n<div class=\"WordSection1\">\n<h2>Yesha-ordf\u00f6rande och Binyamin Regional Council-chef och uppmanar till snabba \u00e5tg\u00e4rder innan det sker politiska f\u00f6r\u00e4ndringar i Israel och USA.<\/h2>\n<p class=\"MsoNormal\"><a title=\"Josh Hasten\" href=\"https:\/\/www.jns.org\/writers\/josh-hasten\/\">Josh Hasten<\/a><\/p>\n<figure><img loading=\"lazy\" decoding=\"async\" id=\"Afbeelding_x0020_7\" style=\"width: 6.4666in; height: 4.3in;\" src=\"https:\/\/thetrial.org\/wp-content\/uploads\/image001-20.jpg\" alt=\"Yisrael Ganz, Binyamin Regional Council governor and chairman of the Yesha Council, at work in Jerusalem, Feb. 10, 2026. Photo by Josh Hasten.\" width=\"621\" height=\"413\" border=\"0\"><\/figure><p class=\"MsoNormal\"><\/p>\n<p class=\"MsoNormal\">Yisrael Ganz, guvern\u00f6r i Binyamin Regional Council och ordf\u00f6rande i Yesha Council, p\u00e5 jobbet i Jerusalem, 10 februari 2026. Foto av Josh Hasten.<\/p>\n<p class=\"MsoNormal\"><span class=\"light-weight-content\">(<\/span>11 februari 2026 <span class=\"light-weight-content\">JNS)<\/span><\/p>\n<p class=\"wp-block-paragraph\">Yisrael Ganz, guvern\u00f6r i Binyamin Regional Council och ordf\u00f6rande i Yesha Council, har ett fullsp\u00e4ckat schema. I en exklusiv intervju med JNS den h\u00e4r veckan sa han att han arbetar outtr\u00f6ttligt f\u00f6r att fr\u00e4mja utvecklingen i Jud\u00e9en och Samarien, driven av en \u00f6vertygelse om att det nuvarande politiska \u00f6gonblicket kanske inte kommer att vara.<\/p>\n<p class=\"wp-block-paragraph\">\u201cVi befinner oss i ett mycket tr\u00e5ngt l\u00e4ge just nu\u201d, s\u00e4ger Ganz.<\/p>\n<p class=\"wp-block-paragraph\">Han noterade att Israel nu g\u00e5r in i valtider och att USA st\u00e5r inf\u00f6r ett mellan\u00e5rsval. \u201cVi \u00e4r lyckligt lottade som har en h\u00f6gerregering\u201d, sade han. \u201cVi har ocks\u00e5 president Trump som har full kontroll, men det kommer inte att vara f\u00f6r evigt.\u201d<\/p>\n<p class=\"wp-block-paragraph\">Ganz beskrev denna period som avg\u00f6rande f\u00f6r att godk\u00e4nna ytterligare samh\u00e4llen i Jud\u00e9en och Samarien, f\u00f6rb\u00e4ttra infrastrukturen och bygga ut v\u00e4garna, samtidigt som det r\u00e5der os\u00e4kerhet om den framtida politiska verkligheten i b\u00e5da l\u00e4nderna.<\/p>\n<p class=\"wp-block-paragraph\">F\u00f6r n\u00e4rvarande uttryckte han f\u00f6rtroende f\u00f6r att utvecklingen i Judeen och Samarien \u00e4r positiv.<\/p>\n<p class=\"wp-block-paragraph\">Ganz v\u00e4lkomnade det israeliska kabinettets <a href=\"https:\/\/www.jns.org\/cabinet-deepens-israels-hold-on-judea-and-samaria\/\">beslut<\/a> i veckan att h\u00e4va sekretessbest\u00e4mmelserna f\u00f6r fastighetsregister i Jud\u00e9en och Samarien, vilket i praktiken upph\u00e4ver de begr\u00e4nsningar som l\u00e4nge g\u00e4llt f\u00f6r markf\u00f6rs\u00e4ljning till icke-araber.<\/p>\n<p class=\"wp-block-paragraph\">Ganz f\u00f6rklarade att fram till nu har endast jordanska medborgare kunnat k\u00f6pa mark i Jud\u00e9en och Samarien enligt ottomansk lag som administreras genom jordanska r\u00e4ttsliga ramar, eftersom israelisk lag inte har till\u00e4mpats fullt ut d\u00e4r.<\/p>\n<p class=\"wp-block-paragraph\">\u201cRegeringens beslut inneb\u00e4r att vem som helst nu kan k\u00f6pa mark i Judeen och Samarien, precis som i andra delar av v\u00e4rlden\u201d, sade han.<\/p>\n<p class=\"wp-block-paragraph\">\u201cI praktiken tr\u00e4ffade jag m\u00e5nga araber som ville s\u00e4lja mark men som inte kunde g\u00f6ra det till icke-araber. Investerare fr\u00e5n utlandet kunde inte heller k\u00f6pa mark. Nu har det f\u00f6r\u00e4ndrats. Vi vill utveckla kommersiella och industriella zoner, h\u00e4lsov\u00e5rdssystem med mera. Det \u00e4r en enorm m\u00f6jlighet f\u00f6r investerare. Nu \u00e4r det dags\u201d, tillade han.<\/p>\n<p class=\"wp-block-paragraph\">Ganz beskrev detta som ytterligare ett steg mot att till\u00e4mpa israelisk lag i Jud\u00e9en och Samarien, trots att USA:s president Donald Trump offentligt har uttryckt sitt motst\u00e5nd mot formella suver\u00e4nitets\u00e5tg\u00e4rder.<\/p>\n<p class=\"wp-block-paragraph\">Han medgav att Israels omedelbara fokus fortfarande ligger p\u00e5 det iranska hotet och dess ombud, inklusive Hamas, som enligt honom forts\u00e4tter att verka fr\u00e5n underjordiska tunnlar i Gaza. \u201cIcke desto mindre\u201d, sade han, \u201c\u00e4r vi p\u00e5 v\u00e4g mot suver\u00e4nitet.\u201d<\/p>\n<p class=\"wp-block-paragraph\">Ganz sade att ytterligare kabinettbeslut fokuserar p\u00e5 att bek\u00e4mpa vad han kallade milj\u00f6terrorism, inklusive olaglig sopf\u00f6rbr\u00e4nning av inv\u00e5nare i den palestinska myndigheten. Med h\u00e4nvisning till en rapport fr\u00e5n h\u00e4lsoministeriet sade han att denna praxis bidrar till mer \u00e4n 1.000 israeliska d\u00f6dsfall \u00e5rligen.<\/p>\n<p class=\"wp-block-paragraph\">En tredje del av regeringsbeslutet handlar om att skydda judiska arkeologiska platser i hela Jud\u00e9en och Samarien, inklusive i omr\u00e5de A, som st\u00e5r under den palestinska myndighetens fulla kontroll. Ganz sa att s\u00e5dana platser l\u00e4nge har utsatts f\u00f6r sk\u00e4ndning och st\u00f6ld.<\/p>\n<p class=\"wp-block-paragraph\">Han uttryckte f\u00f6rhoppning om att regeringen under de \u00e5terst\u00e5ende m\u00e5naderna kommer att godk\u00e4nna ytterligare lagstiftning f\u00f6r att fr\u00e4mja infrastrukturinvesteringar i vatten och el, liksom ytterligare samh\u00e4llsgodk\u00e4nnanden ut\u00f6ver de 69 som redan godk\u00e4nts enligt ett initiativ som leds av finansminister Bezalel Smotrich, som ocks\u00e5 \u00e4r minister inom f\u00f6rsvarsministeriet.<\/p>\n<p class=\"wp-block-paragraph\">Ganz efterlyste ocks\u00e5 \u00f6kade p\u00e5tryckningar p\u00e5 den palestinska myndigheten p\u00e5 grund av orenat avloppsvatten, som enligt honom f\u00f6rorenar Israels grundvattenmagasin i bergen.<\/p>\n<p class=\"wp-block-paragraph\">Bland de senaste h\u00e4ndelserna n\u00e4mnde han f\u00f6rra m\u00e5nadens judiska morgonb\u00f6n vid Josefs grav i Shechem (Nablus), den f\u00f6rsta s\u00e5dana dagtidsb\u00f6nen d\u00e4r p\u00e5 25 \u00e5r.<\/p>\n<p class=\"wp-block-paragraph\">Ganz tackade f\u00f6rsvarsminister Israel Katz f\u00f6r godk\u00e4nnandet av evenemanget och sa att israeler inte ska beh\u00f6va bes\u00f6ka den heliga platsen \u201csom tjuvar om natten\u201d.\u201d<\/p>\n<p class=\"wp-block-paragraph\">\u201c\u00c4ven enligt Osloavtalet skulle tilltr\u00e4de f\u00f6r gudstj\u00e4nstbes\u00f6kare s\u00e4kerst\u00e4llas\u201d, s\u00e4ger han. \u201cVi anl\u00e4nde bara p\u00e5 natten p\u00e5 grund av attacker. Vi m\u00e5ste bek\u00e4mpa terrorismen, inte g\u00f6mma oss fr\u00e5n den.\u201d<\/p>\n<p class=\"MsoNormal\"><img loading=\"lazy\" decoding=\"async\" id=\"Afbeelding_x0020_3\" style=\"width: 13.75in; height: 9.1666in;\" src=\"https:\/\/thetrial.org\/wp-content\/uploads\/image002-7.jpg\" alt=\"Yisrael Ganz, Binyamin Regional Council governor and chairman of the Yesha Council, presenting a Scroll of Esther\" width=\"1320\" height=\"880\" border=\"0\">Yisrael Ganz, guvern\u00f6r i Binyamin Regional Council och ordf\u00f6rande i Yesha Council, \u00f6verl\u00e4mnar en Estherrulle fr\u00e5n Iran vid Jerusalem Prayer Breakfast i Mar-a-Lago, 13 januari 2026. Kredit: Binyamin Regional Council.<\/p>\n<p class=\"wp-block-paragraph\"><strong><span style=\"font-family: 'Calibri',sans-serif;\">Resa till USA<\/span><\/strong><\/p>\n<p class=\"wp-block-paragraph\">F\u00f6rra m\u00e5naden reste Ganz till USA f\u00f6r att tr\u00e4ffa f\u00f6rtroendevalda och utvidga Israels krets av anh\u00e4ngare. Han sade att diskussionerna kretsade kring det iranska hotet och vikten av suver\u00e4nitet i Jud\u00e9en och Samarien.<\/p>\n<p class=\"wp-block-paragraph\">Han beskrev som en h\u00f6jdpunkt ett tal han h\u00f6ll vid ett pro-israeliskt toppm\u00f6te p\u00e5 Trumps resort Mar-a-Lago i Florida.<\/p>\n<p class=\"wp-block-paragraph\">\u201cEfter tv\u00e5 \u00e5rs krig har gisslan - b\u00e5de levande och avlidna - kommit hem. Detta \u00e4r tack vare v\u00e5ra soldaters mod, men vi hade inte kunnat g\u00f6ra det utan USA\u201d, sade Ganz. \u201cJag tog tillf\u00e4llet i akt att tacka president Trump f\u00f6r vad jag anser vara ett mirakel.\u201d<\/p>\n<p class=\"wp-block-paragraph\">\u00c4ven om Trump inte n\u00e4rvarade vid talet sa Ganz att han \u00e4r \u00f6vertygad om att hans budskap f\u00f6rmedlades.<\/p>\n<p class=\"wp-block-paragraph\">\u201cDet var hj\u00e4rtev\u00e4rmande att se m\u00e4nniskor som f\u00f6rst\u00e5r det judiska folkets r\u00e4tt till landet Israel och som inser att vi har en gemensam fiende i Iran\u201d, sade han. \u201cEndast n\u00e4r Israel och USA \u00e4r enade kan vi krossa huvudet p\u00e5 terroristormen Iran.\u201d<\/p>\n<p class=\"wp-block-paragraph\">Som en del av toppm\u00f6tet \u00f6verl\u00e4mnade Ganz till deltagarna en kopia av en gammal Esters skriftrulle fr\u00e5n Iran, som symboliserar den historiska kopplingen mellan det judiska folket och det iranska hotet.<\/p>\n<p class=\"wp-block-paragraph\">Ganz avslutade med att ta upp vad han beskrev som israeliska misslyckanden som ledde fram till massakern den 7 oktober 2023 och varnade f\u00f6r att den palestinska myndigheten fortfarande utg\u00f6r ett allvarligt hot.<\/p>\n<p class=\"wp-block-paragraph\">Han h\u00e4vdade att P.A. inte bara uppr\u00e4tth\u00e5ller en polisstyrka utan en tungt bev\u00e4pnad styrka p\u00e5 cirka 45.000 personer, vilket han ser som en stor s\u00e4kerhetsrisk.<\/p>\n<p class=\"wp-block-paragraph\">\u201cP.A. tror p\u00e5 terrorism, st\u00f6der den och fr\u00e4mjar den\u201d, sade Ganz. \u201cVi m\u00e5ste konfrontera det rakt p\u00e5 sak.\u201d<\/p>\n<p class=\"wp-block-paragraph\">Han kr\u00e4vde att alla P.A.-styrkor som liknade en milit\u00e4r struktur skulle avvecklas, inklusive konfiskering av vapen, och att befogenheterna skulle begr\u00e4nsas till en lokal polisstyrka som inte kan utg\u00f6ra ett hot mot Israel.<\/p>\n<p class=\"MsoNormal\">&nbsp;<\/p>\n<\/div>\n<\/div>","protected":false},"excerpt":{"rendered":"<p>Yesha chairman and Binyamin Regional Council head and urges swift action before political shifts in Israel and the United States. Josh Hasten Yisrael Ganz, Binyamin Regional Council governor and chairman of the Yesha Council, at work in Jerusalem, Feb. 10, 2026. Photo by Josh Hasten. (Feb. 11, 2026 \/ JNS) Yisrael Ganz, governor of the [&hellip;]<\/p>\n","protected":false},"author":7,"featured_media":2341,"comment_status":"closed","ping_status":"closed","sticky":false,"template":"","format":"standard","meta":{"_acf_changed":false,"footnotes":""},"categories":[20],"tags":[109,77,78,106],"class_list":["post-2340","post","type-post","status-publish","format-standard","has-post-thumbnail","hentry","category-news","tag-ganz","tag-judea","tag-samaria","tag-sovereignty"],"acf":[],"_links":{"self":[{"href":"https:\/\/thetrial.org\/sv\/wp-json\/wp\/v2\/posts\/2340","targetHints":{"allow":["GET"]}}],"collection":[{"href":"https:\/\/thetrial.org\/sv\/wp-json\/wp\/v2\/posts"}],"about":[{"href":"https:\/\/thetrial.org\/sv\/wp-json\/wp\/v2\/types\/post"}],"author":[{"embeddable":true,"href":"https:\/\/thetrial.org\/sv\/wp-json\/wp\/v2\/users\/7"}],"replies":[{"embeddable":true,"href":"https:\/\/thetrial.org\/sv\/wp-json\/wp\/v2\/comments?post=2340"}],"version-history":[{"count":1,"href":"https:\/\/thetrial.org\/sv\/wp-json\/wp\/v2\/posts\/2340\/revisions"}],"predecessor-version":[{"id":2343,"href":"https:\/\/thetrial.org\/sv\/wp-json\/wp\/v2\/posts\/2340\/revisions\/2343"}],"wp:featuredmedia":[{"embeddable":true,"href":"https:\/\/thetrial.org\/sv\/wp-json\/wp\/v2\/media\/2341"}],"wp:attachment":[{"href":"https:\/\/thetrial.org\/sv\/wp-json\/wp\/v2\/media?parent=2340"}],"wp:term":[{"taxonomy":"category","embeddable":true,"href":"https:\/\/thetrial.org\/sv\/wp-json\/wp\/v2\/categories?post=2340"},{"taxonomy":"post_tag","embeddable":true,"href":"https:\/\/thetrial.org\/sv\/wp-json\/wp\/v2\/tags?post=2340"}],"curies":[{"name":"wp","href":"https:\/\/api.w.org\/{rel}","templated":true}]}}